{"id":40197,"date":"2020-01-10T06:54:59","date_gmt":"2020-01-10T09:54:59","guid":{"rendered":"http:\/\/blogdoeloiltoncajuhy.com.br\/site\/?p=40197"},"modified":"2020-01-10T06:55:05","modified_gmt":"2020-01-10T09:55:05","slug":"apos-iphan-negar-autorizacao-show-de-luan-santana-no-museu-de-arte-moderna-da-bahia-e-cancelado","status":"publish","type":"post","link":"https:\/\/blogdoeloiltoncajuhy.com.br\/site\/apos-iphan-negar-autorizacao-show-de-luan-santana-no-museu-de-arte-moderna-da-bahia-e-cancelado\/","title":{"rendered":"Ap\u00f3s Iphan negar autoriza\u00e7\u00e3o, show de Luan Santana no Museu de Arte Moderna da Bahia \u00e9 cancelado"},"content":{"rendered":"\n<h5 class=\"has-text-align-center wp-block-heading\"><em>Evento estava previsto para ser realizado no s\u00e1bado (11), no Solar do Unh\u00e3o, que faz parte do MAM<\/em><\/h5>\n\n\n\n<p><strong>Por G1 BA e TV Bahia<\/strong><\/p>\n\n\n\n<div class=\"wp-block-image\"><figure class=\"aligncenter size-large\"><img data-recalc-dims=\"1\" fetchpriority=\"high\" decoding=\"async\" width=\"800\" height=\"533\" src=\"https:\/\/i0.wp.com\/blogdoeloiltoncajuhy.com.br\/site\/wp-content\/uploads\/2020\/01\/LuanSantana_Jan-2020.jpg?resize=800%2C533\" alt=\"\" class=\"wp-image-40198\" srcset=\"https:\/\/i0.wp.com\/blogdoeloiltoncajuhy.com.br\/site\/wp-content\/uploads\/2020\/01\/LuanSantana_Jan-2020.jpg?w=984&amp;ssl=1 984w, https:\/\/i0.wp.com\/blogdoeloiltoncajuhy.com.br\/site\/wp-content\/uploads\/2020\/01\/LuanSantana_Jan-2020.jpg?resize=300%2C200&amp;ssl=1 300w, https:\/\/i0.wp.com\/blogdoeloiltoncajuhy.com.br\/site\/wp-content\/uploads\/2020\/01\/LuanSantana_Jan-2020.jpg?resize=768%2C512&amp;ssl=1 768w, https:\/\/i0.wp.com\/blogdoeloiltoncajuhy.com.br\/site\/wp-content\/uploads\/2020\/01\/LuanSantana_Jan-2020.jpg?resize=250%2C167&amp;ssl=1 250w\" sizes=\"(max-width: 800px) 100vw, 800px\" \/><figcaption>Luan Santana faria show no MAM, em Salvador, no s\u00e1bado (11) \u2014 Foto: Andr\u00e9 Carvalho\/Ag. Haack<\/figcaption><\/figure><\/div>\n\n\n\n<p>Ap\u00f3s o Instituto do Patrim\u00f4nio Hist\u00f3rico e Art\u00edstico Nacional (Iphan) negar a autoriza\u00e7\u00e3o para a realiza\u00e7\u00e3o de um show de Luan Santana no Solar do Unh\u00e3o, que fica no Museu de Arte Moderna da Bahia (MAM), em Salvador, a produ\u00e7\u00e3o do evento cancelou a festa.<\/p>\n\n\n\n<p>O comunicado foi divulgado pela produtora da festa, a Online Entretenimento, na noite desta quinta-feira (9).<\/p>\n\n\n\n<p>Depois que o Iphan negou a autoriza\u00e7\u00e3o para a realiza\u00e7\u00e3o da festa, chamada de &#8220;Luan Sunset&#8221;, o \u00f3rg\u00e3o acionou a Secretaria Municipal de Desenvolvimento e Urbanismo (Sedur) e a prefeitura de Salvador n\u00e3o liberou licen\u00e7a para o evento.<\/p>\n\n\n\n<p>Em nota, produtora da festa informou que <em>&#8220;realizou todos os procedimentos solicitados, mas foi pega de surpresa ao ser comunicada que o evento foi indeferido pelo Iphan&#8221;<\/em>. Ainda no comunicado, a Online Entretenimento diz que n\u00e3o foi notificada pelo Instituto do Patrim\u00f4nio Hist\u00f3rico e Art\u00edstico Nacional e que desconhece os motivos da desautoriza\u00e7\u00e3o, mas vai acatar a decis\u00e3o do \u00f3rg\u00e3o.<\/p>\n\n\n\n<p>O evento tamb\u00e9m ia contar com show de J\u00e1 Lincoln e Duas Medidas. Quem comprou ingressos para a festa pode pedir a restitui\u00e7\u00e3o dos valores no ponto de venda onde a compra foi realizada, entre os dias 10 e 20 de Janeiro.<\/p>\n\n\n\n<p class=\"has-medium-font-size\"><strong>Shows e eventos no MAM<\/strong><\/p>\n\n\n\n<div class=\"wp-block-image\"><figure class=\"aligncenter size-large\"><img data-recalc-dims=\"1\" decoding=\"async\" width=\"800\" height=\"533\" src=\"https:\/\/i0.wp.com\/blogdoeloiltoncajuhy.com.br\/site\/wp-content\/uploads\/2020\/01\/Mam-benedito.cirilo-10.jpg?resize=800%2C533\" alt=\"\" class=\"wp-image-40199\" srcset=\"https:\/\/i0.wp.com\/blogdoeloiltoncajuhy.com.br\/site\/wp-content\/uploads\/2020\/01\/Mam-benedito.cirilo-10.jpg?w=984&amp;ssl=1 984w, https:\/\/i0.wp.com\/blogdoeloiltoncajuhy.com.br\/site\/wp-content\/uploads\/2020\/01\/Mam-benedito.cirilo-10.jpg?resize=300%2C200&amp;ssl=1 300w, https:\/\/i0.wp.com\/blogdoeloiltoncajuhy.com.br\/site\/wp-content\/uploads\/2020\/01\/Mam-benedito.cirilo-10.jpg?resize=768%2C512&amp;ssl=1 768w, https:\/\/i0.wp.com\/blogdoeloiltoncajuhy.com.br\/site\/wp-content\/uploads\/2020\/01\/Mam-benedito.cirilo-10.jpg?resize=250%2C167&amp;ssl=1 250w\" sizes=\"(max-width: 800px) 100vw, 800px\" \/><figcaption>Museu de Arte Moderna da Bahia \u2014 Foto: Benedito Cirilo\/Divulga\u00e7\u00e3o<\/figcaption><\/figure><\/div>\n\n\n\n<p>Desde o final do ano passado, a realiza\u00e7\u00e3o de shows de grande porte no Solar do Unh\u00e3o, no MAM, em Salvador, tem gerado pol\u00eamica entre os moradores da capital e frequentadores do local, que fica na Avenida Contorno.<\/p>\n\n\n\n<p>O MAM \u00e9 um dos pontos tur\u00edsticos da capital baiana e, al\u00e9m das exposi\u00e7\u00f5es art\u00edsticas e exibi\u00e7\u00f5es de filme no cinema do local, atrai dezenas de baianos e turistas que v\u00e3o apreciar o p\u00f4r do sol com vista para a Ba\u00eda de Todos-os-Santos.<\/p>\n\n\n\n<p>Um ensaio do Psirico chegou a ser divulgado no local, mas mudou de lugar dias depois. No mesmo dia em que seria realizado o projeto &#8220;Salva&#8221;, da banda de pagode, o espa\u00e7o recebeu o Fam Festival.<\/p>\n\n\n\n<p>Segundo o Instituto do Patrim\u00f4nio Art\u00edstico e Cultural do Estado da Bahia (Ipac), respons\u00e1vel pela administra\u00e7\u00e3o do MAM, \u00e9 permitida a realiza\u00e7\u00e3o de eventos e shows no local, mediante um processo administrativo de autoriza\u00e7\u00e3o de uso onerosa, no valor de R$ 8 mil por pauta, onde s\u00e3o anexados documentos necess\u00e1rios \u00e0 formaliza\u00e7\u00e3o, tais como projeto, plantas de situa\u00e7\u00e3o, of\u00edcio de solicita\u00e7\u00e3o, rela\u00e7\u00e3o dos equipamentos, pot\u00eancia, documentos dos respons\u00e1veis, Anota\u00e7\u00e3o de Responsabilidade T\u00e9cnica, alvar\u00e1s e outros.<\/p>\n\n\n\n<p>De acordo com o Ipac, os recursos captados com os eventos s\u00e3o revertidos para a manuten\u00e7\u00e3o, conserva\u00e7\u00e3o e dinamiza\u00e7\u00e3o do MAM.<\/p>\n\n\n\n<p>Em cada pedido para shows ou eventos no local, conforme o Instituto do Patrim\u00f4nio Art\u00edstico e Cultural do Estado da Bahia, \u00e9 estabelecido o n\u00famero de p\u00fablico atrav\u00e9s de laudo assinado por engenheiro e respectiva Anota\u00e7\u00e3o de Responsabilidade T\u00e9cnica (ART), e exigido Atestado de Seguran\u00e7a emitido pelo Corpo de Bombeiros.<\/p>\n\n\n\n<p>O Ipac informou que, em novembro do ano passado, foi lan\u00e7ada a Portaria 119, que consiste em tratar de condi\u00e7\u00f5es para a realiza\u00e7\u00e3o das atividades e manifesta\u00e7\u00f5es em \u00e1reas e bens tombados pelo \u00f3rg\u00e3o e sob sua administra\u00e7\u00e3o. A inten\u00e7\u00e3o da portaria, afirma o Ipac, \u00e9 proteger os patrim\u00f4nios de qualquer interven\u00e7\u00e3o tempor\u00e1ria ou permanente que venha trazer algum dano, uma vez que, para a aprova\u00e7\u00e3o da agenda, \u00e9 necess\u00e1rio que a pauta esteja em conformidade com a Portaria.<\/p>\n\n\n\n<p>Em rela\u00e7\u00e3o aos decib\u00e9is, o Ipac esclareceu, ainda em nota, que tanto a medi\u00e7\u00e3o quanto a fiscaliza\u00e7\u00e3o ficam a cargo de prepostos da Superintend\u00eancia de Controle, Uso e Ordenamento do Solo (Sucom), e s\u00e3o amparados por alvar\u00e1 emitido pelo \u00f3rg\u00e3o municipal aos respons\u00e1veis pela produ\u00e7\u00e3o.<\/p>\n","protected":false},"excerpt":{"rendered":"<p>Evento estava previsto para ser realizado no s\u00e1bado (11), no Solar do Unh\u00e3o, que faz parte do MAM Por G1 BA e TV Bahia Ap\u00f3s o Instituto do Patrim\u00f4nio Hist\u00f3rico e Art\u00edstico Nacional (Iphan) negar a autoriza\u00e7\u00e3o para a realiza\u00e7\u00e3o de um show de Luan Santana no Solar do Unh\u00e3o, que fica no Museu de [&hellip;]<\/p>\n","protected":false},"author":2,"featured_media":40199,"comment_status":"open","ping_status":"open","sticky":false,"template":"","format":"standard","meta":{"_acf_changed":false,"_monsterinsights_skip_tracking":false,"_monsterinsights_sitenote_active":false,"_monsterinsights_sitenote_note":"","_monsterinsights_sitenote_category":0,"_jetpack_memberships_contains_paid_content":false,"footnotes":"","jetpack_publicize_message":"","jetpack_publicize_feature_enabled":true,"jetpack_social_post_already_shared":true,"jetpack_social_options":{"image_generator_settings":{"template":"highway","default_image_id":0,"font":"","enabled":false},"version":2}},"categories":[8,1],"tags":[],"class_list":["post-40197","post","type-post","status-publish","format-standard","has-post-thumbnail","hentry","category-cultura","category-noticias"],"acf":[],"jetpack_publicize_connections":[],"jetpack_featured_media_url":"https:\/\/i0.wp.com\/blogdoeloiltoncajuhy.com.br\/site\/wp-content\/uploads\/2020\/01\/Mam-benedito.cirilo-10.jpg?fit=984%2C656&ssl=1","jetpack_sharing_enabled":true,"publishpress_future_workflow_manual_trigger":{"enabledWorkflows":[]},"_links":{"self":[{"href":"https:\/\/blogdoeloiltoncajuhy.com.br\/site\/wp-json\/wp\/v2\/posts\/40197","targetHints":{"allow":["GET"]}}],"collection":[{"href":"https:\/\/blogdoeloiltoncajuhy.com.br\/site\/wp-json\/wp\/v2\/posts"}],"about":[{"href":"https:\/\/blogdoeloiltoncajuhy.com.br\/site\/wp-json\/wp\/v2\/types\/post"}],"author":[{"embeddable":true,"href":"https:\/\/blogdoeloiltoncajuhy.com.br\/site\/wp-json\/wp\/v2\/users\/2"}],"replies":[{"embeddable":true,"href":"https:\/\/blogdoeloiltoncajuhy.com.br\/site\/wp-json\/wp\/v2\/comments?post=40197"}],"version-history":[{"count":1,"href":"https:\/\/blogdoeloiltoncajuhy.com.br\/site\/wp-json\/wp\/v2\/posts\/40197\/revisions"}],"predecessor-version":[{"id":40200,"href":"https:\/\/blogdoeloiltoncajuhy.com.br\/site\/wp-json\/wp\/v2\/posts\/40197\/revisions\/40200"}],"wp:featuredmedia":[{"embeddable":true,"href":"https:\/\/blogdoeloiltoncajuhy.com.br\/site\/wp-json\/wp\/v2\/media\/40199"}],"wp:attachment":[{"href":"https:\/\/blogdoeloiltoncajuhy.com.br\/site\/wp-json\/wp\/v2\/media?parent=40197"}],"wp:term":[{"taxonomy":"category","embeddable":true,"href":"https:\/\/blogdoeloiltoncajuhy.com.br\/site\/wp-json\/wp\/v2\/categories?post=40197"},{"taxonomy":"post_tag","embeddable":true,"href":"https:\/\/blogdoeloiltoncajuhy.com.br\/site\/wp-json\/wp\/v2\/tags?post=40197"}],"curies":[{"name":"wp","href":"https:\/\/api.w.org\/{rel}","templated":true}]}}