{"id":40195,"date":"2020-01-09T21:56:51","date_gmt":"2020-01-10T00:56:51","guid":{"rendered":"http:\/\/blogdoeloiltoncajuhy.com.br\/site\/?p=40195"},"modified":"2020-01-09T21:56:56","modified_gmt":"2020-01-10T00:56:56","slug":"reflexao-licoes-do-padre-fabio-de-melo","status":"publish","type":"post","link":"https:\/\/blogdoeloiltoncajuhy.com.br\/site\/reflexao-licoes-do-padre-fabio-de-melo\/","title":{"rendered":"Reflex\u00e3o: Li\u00e7\u00f5es do Padre F\u00e1bio de Melo"},"content":{"rendered":"\n<p><strong>Refletir Para Refletir<\/strong><\/p>\n\n\n\n<div class=\"wp-block-image\"><figure class=\"aligncenter size-large\"><img data-recalc-dims=\"1\" fetchpriority=\"high\" decoding=\"async\" width=\"600\" height=\"350\" src=\"https:\/\/i0.wp.com\/blogdoeloiltoncajuhy.com.br\/site\/wp-content\/uploads\/2015\/11\/Padre-F%C3%A1bio-de-Melo.png?resize=600%2C350\" alt=\"\" class=\"wp-image-5822\" srcset=\"https:\/\/i0.wp.com\/blogdoeloiltoncajuhy.com.br\/site\/wp-content\/uploads\/2015\/11\/Padre-F%C3%A1bio-de-Melo.png?w=600&amp;ssl=1 600w, https:\/\/i0.wp.com\/blogdoeloiltoncajuhy.com.br\/site\/wp-content\/uploads\/2015\/11\/Padre-F%C3%A1bio-de-Melo.png?resize=300%2C175&amp;ssl=1 300w, https:\/\/i0.wp.com\/blogdoeloiltoncajuhy.com.br\/site\/wp-content\/uploads\/2015\/11\/Padre-F%C3%A1bio-de-Melo.png?resize=250%2C146&amp;ssl=1 250w\" sizes=\"(max-width: 600px) 100vw, 600px\" \/><\/figure><\/div>\n\n\n\n<p class=\"has-medium-font-size\"><strong>Voc\u00ea \u00e9 quem decide o que vai ser eterno\u2026<\/strong><\/p>\n\n\n\n<p>Padre F\u00e1bio de Melo \u00e9 o autor desta frase. Ele \u00e9 uma pessoa iluminada que sempre nos traz mensagens edificantes. Qualquer que seja a dificuldade que estamos enfrentando, se procurarmos, sempre vamos encontrar uma frase de apoio que ele disse em determinado momento e que vai trazer conforto para o cora\u00e7\u00e3o.<\/p>\n\n\n\n<p>Apostamos que voc\u00ea tamb\u00e9m vai se identificar com as mensagens profundas deste sacerdote carism\u00e1tico que a todos encanta com seu sorriso amigo.<\/p>\n\n\n\n<p><strong>Veja o que ele diz sobre os fracassos que voc\u00ea possa ter tido em determinada ocasi\u00e3o:<\/strong><\/p>\n\n\n\n<p class=\"has-text-color has-vivid-purple-color\"><em><strong>\u201cN\u00e3o desanime de voc\u00ea, ainda que a colheita de hoje n\u00e3o seja muito feliz. N\u00e3o coloque um ponto final nas suas esperan\u00e7as. Ainda h\u00e1 muito o que fazer, ainda h\u00e1 muito o que plantar, e o que amar nessa vida\u201d.<\/strong><\/em><\/p>\n\n\n\n<p class=\"has-text-color has-vivid-purple-color\">Ele entende que <strong><em>\u201ccada escolha, por menor que seja, \u00e9 uma forma de semente que lan\u00e7amos sobre o canteiro que somos. Um dia, tudo o que agora silenciosamente plantamos, ou deixamos plantar em n\u00f3s, ser\u00e1 planta\u00e7\u00e3o que poder\u00e1 ser vista de longe\u2026\u201d<\/em><\/strong><\/p>\n\n\n\n<p class=\"has-text-color has-vivid-purple-color\">E porque tem certeza de que <strong><em>\u201ca vida \u00e9 fruto da decis\u00e3o de cada momento\u201d<\/em><\/strong>. afirma que <strong><em>\u201ctalvez seja por isso, que a ideia de plantio seja t\u00e3o reveladora sobre a arte de viver\u201c<\/em><\/strong>.<\/p>\n\n\n\n<p class=\"has-text-color has-vivid-purple-color\"><strong><em>\u201cViver \u00e9 plantar. \u00c9 atitude de constante semeadura, de deixar cair na terra de nossa exist\u00eancia as mais diversas formas de sementes\u2026\u201d<\/em><\/strong><\/p>\n\n\n\n<p class=\"has-text-color has-vivid-purple-color\">Agora se voc\u00ea acha que as coisas n\u00e3o est\u00e3o dando certo para voc\u00ea e que tudo est\u00e1 ruim demais, o mensageiro de Deus te d\u00e1 um grande conselho dizendo para voc\u00ea: <strong><em>\u201dEsque\u00e7a o que n\u00e3o deu certo\u2026Deus j\u00e1 est\u00e1 te dando uma nova p\u00e1gina pra voc\u00ea escrever a sua vida!\u201d<\/em><\/strong><\/p>\n\n\n\n<p>E afirma cheio de confian\u00e7a que n\u00e3o sabe onde mora a raiz da m\u00e1goa, mas que, o que se sente mesmo, \u00e9 sua ard\u00eancia na alma.<\/p>\n\n\n\n<p>Recomenda sempre que se desenvolva o nobre sentimento do amor e faz um comparativo simples, bonito e esclarecedor sobre o imenso poder do amor, ao comparar o amor, a um instrumento que faz ampliar a vis\u00e3o, pois ampliando nossa vis\u00e3o, estaremos vendo e valorizando, o que realmente importa nesta vida.<\/p>\n\n\n\n<p>Assim, n\u00e3o esque\u00e7a nunca desta poderosa li\u00e7\u00e3o que t\u00e3o afetuosamente o mensageiro divino nos ensinou:<\/p>\n\n\n\n<p class=\"has-text-color has-medium-font-size has-vivid-purple-color\"><strong>\u00d3culos s\u00e3o instrumentos que ampliam a vis\u00e3o\u2026O amor tamb\u00e9m.<\/strong><\/p>\n","protected":false},"excerpt":{"rendered":"<p>Refletir Para Refletir Voc\u00ea \u00e9 quem decide o que vai ser eterno\u2026 Padre F\u00e1bio de Melo \u00e9 o autor desta frase. Ele \u00e9 uma pessoa iluminada que sempre nos traz mensagens edificantes. Qualquer que seja a dificuldade que estamos enfrentando, se procurarmos, sempre vamos encontrar uma frase de apoio que ele disse em determinado momento [&hellip;]<\/p>\n","protected":false},"author":2,"featured_media":0,"comment_status":"open","ping_status":"open","sticky":false,"template":"","format":"standard","meta":{"_acf_changed":false,"_monsterinsights_skip_tracking":false,"_monsterinsights_sitenote_active":false,"_monsterinsights_sitenote_note":"","_monsterinsights_sitenote_category":0,"_jetpack_memberships_contains_paid_content":false,"footnotes":"","jetpack_publicize_message":"","jetpack_publicize_feature_enabled":true,"jetpack_social_post_already_shared":true,"jetpack_social_options":{"image_generator_settings":{"template":"highway","default_image_id":0,"font":"","enabled":false},"version":2}},"categories":[1,9],"tags":[],"class_list":["post-40195","post","type-post","status-publish","format-standard","hentry","category-noticias","category-reflexao"],"acf":[],"jetpack_publicize_connections":[],"jetpack_featured_media_url":"","jetpack_sharing_enabled":true,"publishpress_future_workflow_manual_trigger":{"enabledWorkflows":[]},"_links":{"self":[{"href":"https:\/\/blogdoeloiltoncajuhy.com.br\/site\/wp-json\/wp\/v2\/posts\/40195","targetHints":{"allow":["GET"]}}],"collection":[{"href":"https:\/\/blogdoeloiltoncajuhy.com.br\/site\/wp-json\/wp\/v2\/posts"}],"about":[{"href":"https:\/\/blogdoeloiltoncajuhy.com.br\/site\/wp-json\/wp\/v2\/types\/post"}],"author":[{"embeddable":true,"href":"https:\/\/blogdoeloiltoncajuhy.com.br\/site\/wp-json\/wp\/v2\/users\/2"}],"replies":[{"embeddable":true,"href":"https:\/\/blogdoeloiltoncajuhy.com.br\/site\/wp-json\/wp\/v2\/comments?post=40195"}],"version-history":[{"count":1,"href":"https:\/\/blogdoeloiltoncajuhy.com.br\/site\/wp-json\/wp\/v2\/posts\/40195\/revisions"}],"predecessor-version":[{"id":40196,"href":"https:\/\/blogdoeloiltoncajuhy.com.br\/site\/wp-json\/wp\/v2\/posts\/40195\/revisions\/40196"}],"wp:attachment":[{"href":"https:\/\/blogdoeloiltoncajuhy.com.br\/site\/wp-json\/wp\/v2\/media?parent=40195"}],"wp:term":[{"taxonomy":"category","embeddable":true,"href":"https:\/\/blogdoeloiltoncajuhy.com.br\/site\/wp-json\/wp\/v2\/categories?post=40195"},{"taxonomy":"post_tag","embeddable":true,"href":"https:\/\/blogdoeloiltoncajuhy.com.br\/site\/wp-json\/wp\/v2\/tags?post=40195"}],"curies":[{"name":"wp","href":"https:\/\/api.w.org\/{rel}","templated":true}]}}