{"id":40175,"date":"2020-01-09T14:42:29","date_gmt":"2020-01-09T17:42:29","guid":{"rendered":"http:\/\/blogdoeloiltoncajuhy.com.br\/site\/?p=40175"},"modified":"2020-01-09T14:42:35","modified_gmt":"2020-01-09T17:42:35","slug":"prefeitura-de-jaguarari-vai-construir-psf-na-localidade-de-diogo","status":"publish","type":"post","link":"https:\/\/blogdoeloiltoncajuhy.com.br\/site\/prefeitura-de-jaguarari-vai-construir-psf-na-localidade-de-diogo\/","title":{"rendered":"Prefeitura de Jaguarari vai construir PSF na localidade de Diogo"},"content":{"rendered":"\n<p><strong>ASCOM \u2013 Prefeitura de Jaguarari-BA<\/strong><\/p>\n\n\n\n<div class=\"wp-block-image\"><figure class=\"aligncenter size-large is-resized\"><img fetchpriority=\"high\" decoding=\"async\" src=\"https:\/\/i0.wp.com\/blogdoeloiltoncajuhy.com.br\/site\/wp-content\/uploads\/2020\/01\/PMJ_PSF-Diogo_993345.jpg?fit=590%2C393\" alt=\"\" class=\"wp-image-40176\" width=\"402\" height=\"269\" srcset=\"https:\/\/i0.wp.com\/blogdoeloiltoncajuhy.com.br\/site\/wp-content\/uploads\/2020\/01\/PMJ_PSF-Diogo_993345.jpg?w=1280&amp;ssl=1 1280w, https:\/\/i0.wp.com\/blogdoeloiltoncajuhy.com.br\/site\/wp-content\/uploads\/2020\/01\/PMJ_PSF-Diogo_993345.jpg?resize=300%2C200&amp;ssl=1 300w, https:\/\/i0.wp.com\/blogdoeloiltoncajuhy.com.br\/site\/wp-content\/uploads\/2020\/01\/PMJ_PSF-Diogo_993345.jpg?resize=1024%2C682&amp;ssl=1 1024w, https:\/\/i0.wp.com\/blogdoeloiltoncajuhy.com.br\/site\/wp-content\/uploads\/2020\/01\/PMJ_PSF-Diogo_993345.jpg?resize=768%2C512&amp;ssl=1 768w, https:\/\/i0.wp.com\/blogdoeloiltoncajuhy.com.br\/site\/wp-content\/uploads\/2020\/01\/PMJ_PSF-Diogo_993345.jpg?resize=250%2C167&amp;ssl=1 250w\" sizes=\"(max-width: 402px) 100vw, 402px\" \/><\/figure><\/div>\n\n\n\n<p>Nesta quarta-feira (08), a prefeitura de Jaguarari atrav\u00e9s, da Secretaria de Infraestrutura, iniciou a marca\u00e7\u00e3o do terreno onde ser\u00e1 constru\u00eddo com recursos pr\u00f3prios o PSF da localidade de Diogo. O inicio do trabalho de marca\u00e7\u00e3o do local, que fica situado no centro da localidade, foi acompanhado pelo secret\u00e1rio Fabio Vieira.<\/p>\n\n\n\n<p><em>\u201cO prefeito tem realizado uma grande reestrutura\u00e7\u00e3o na sa\u00fade do munic\u00edpio e a constru\u00e7\u00e3o de mais esse posto de sa\u00fade aqui em Diogo resultar\u00e1 em melhor atendimento e maior cobertura da sa\u00fade no munic\u00edpio\u201d<\/em>, destacou o secret\u00e1rio.<\/p>\n\n\n\n<p>Os investimentos promovidos pela administra\u00e7\u00e3o municipal na sa\u00fade de Jaguarari n\u00e3o param. Ap\u00f3s a chegada de ambul\u00e2ncias, implanta\u00e7\u00e3o da base do SAMU em Pilar, a reforma do Hospital Municipal e constru\u00e7\u00e3o do centro cir\u00fargico, em breve ser\u00e3o entregues os PSF\u2019s do distrito de Flamengo e Serra dos Morgados.  E vem muito mais por ai!<\/p>\n","protected":false},"excerpt":{"rendered":"<p>ASCOM \u2013 Prefeitura de Jaguarari-BA Nesta quarta-feira (08), a prefeitura de Jaguarari atrav\u00e9s, da Secretaria de Infraestrutura, iniciou a marca\u00e7\u00e3o do terreno onde ser\u00e1 constru\u00eddo com recursos pr\u00f3prios o PSF da localidade de Diogo. O inicio do trabalho de marca\u00e7\u00e3o do local, que fica situado no centro da localidade, foi acompanhado pelo secret\u00e1rio Fabio Vieira. [&hellip;]<\/p>\n","protected":false},"author":2,"featured_media":40176,"comment_status":"open","ping_status":"open","sticky":false,"template":"","format":"standard","meta":{"_acf_changed":false,"_monsterinsights_skip_tracking":false,"_monsterinsights_sitenote_active":false,"_monsterinsights_sitenote_note":"","_monsterinsights_sitenote_category":0,"_jetpack_memberships_contains_paid_content":false,"footnotes":"","jetpack_publicize_message":"","jetpack_publicize_feature_enabled":true,"jetpack_social_post_already_shared":true,"jetpack_social_options":{"image_generator_settings":{"template":"highway","default_image_id":0,"font":"","enabled":false},"version":2}},"categories":[1,3,11],"tags":[],"class_list":["post-40175","post","type-post","status-publish","format-standard","has-post-thumbnail","hentry","category-noticias","category-politica","category-regional"],"acf":[],"jetpack_publicize_connections":[],"jetpack_featured_media_url":"https:\/\/i0.wp.com\/blogdoeloiltoncajuhy.com.br\/site\/wp-content\/uploads\/2020\/01\/PMJ_PSF-Diogo_993345.jpg?fit=1280%2C853&ssl=1","jetpack_sharing_enabled":true,"publishpress_future_workflow_manual_trigger":{"enabledWorkflows":[]},"_links":{"self":[{"href":"https:\/\/blogdoeloiltoncajuhy.com.br\/site\/wp-json\/wp\/v2\/posts\/40175","targetHints":{"allow":["GET"]}}],"collection":[{"href":"https:\/\/blogdoeloiltoncajuhy.com.br\/site\/wp-json\/wp\/v2\/posts"}],"about":[{"href":"https:\/\/blogdoeloiltoncajuhy.com.br\/site\/wp-json\/wp\/v2\/types\/post"}],"author":[{"embeddable":true,"href":"https:\/\/blogdoeloiltoncajuhy.com.br\/site\/wp-json\/wp\/v2\/users\/2"}],"replies":[{"embeddable":true,"href":"https:\/\/blogdoeloiltoncajuhy.com.br\/site\/wp-json\/wp\/v2\/comments?post=40175"}],"version-history":[{"count":1,"href":"https:\/\/blogdoeloiltoncajuhy.com.br\/site\/wp-json\/wp\/v2\/posts\/40175\/revisions"}],"predecessor-version":[{"id":40177,"href":"https:\/\/blogdoeloiltoncajuhy.com.br\/site\/wp-json\/wp\/v2\/posts\/40175\/revisions\/40177"}],"wp:featuredmedia":[{"embeddable":true,"href":"https:\/\/blogdoeloiltoncajuhy.com.br\/site\/wp-json\/wp\/v2\/media\/40176"}],"wp:attachment":[{"href":"https:\/\/blogdoeloiltoncajuhy.com.br\/site\/wp-json\/wp\/v2\/media?parent=40175"}],"wp:term":[{"taxonomy":"category","embeddable":true,"href":"https:\/\/blogdoeloiltoncajuhy.com.br\/site\/wp-json\/wp\/v2\/categories?post=40175"},{"taxonomy":"post_tag","embeddable":true,"href":"https:\/\/blogdoeloiltoncajuhy.com.br\/site\/wp-json\/wp\/v2\/tags?post=40175"}],"curies":[{"name":"wp","href":"https:\/\/api.w.org\/{rel}","templated":true}]}}