{"id":40166,"date":"2020-01-09T11:32:47","date_gmt":"2020-01-09T14:32:47","guid":{"rendered":"http:\/\/blogdoeloiltoncajuhy.com.br\/site\/?p=40166"},"modified":"2020-01-09T11:32:53","modified_gmt":"2020-01-09T14:32:53","slug":"escolas-da-rede-publica-municipal-de-andorinha-iniciam-matriculas-nesta-segunda-feira-13","status":"publish","type":"post","link":"https:\/\/blogdoeloiltoncajuhy.com.br\/site\/escolas-da-rede-publica-municipal-de-andorinha-iniciam-matriculas-nesta-segunda-feira-13\/","title":{"rendered":"Escolas da Rede P\u00fablica Municipal de Andorinha iniciam matr\u00edculas nesta segunda-feira, 13"},"content":{"rendered":"\n<p><strong>Ascom Prefeitura de Andorinha-BA<\/strong><\/p>\n\n\n\n<div class=\"wp-block-image\"><figure class=\"aligncenter size-large is-resized\"><img data-recalc-dims=\"1\" fetchpriority=\"high\" decoding=\"async\" src=\"https:\/\/i0.wp.com\/blogdoeloiltoncajuhy.com.br\/site\/wp-content\/uploads\/2020\/01\/PMA_Matriculas-2020.jpg?resize=570%2C339\" alt=\"\" class=\"wp-image-40167\" width=\"570\" height=\"339\" srcset=\"https:\/\/i0.wp.com\/blogdoeloiltoncajuhy.com.br\/site\/wp-content\/uploads\/2020\/01\/PMA_Matriculas-2020.jpg?w=760&amp;ssl=1 760w, https:\/\/i0.wp.com\/blogdoeloiltoncajuhy.com.br\/site\/wp-content\/uploads\/2020\/01\/PMA_Matriculas-2020.jpg?resize=300%2C178&amp;ssl=1 300w, https:\/\/i0.wp.com\/blogdoeloiltoncajuhy.com.br\/site\/wp-content\/uploads\/2020\/01\/PMA_Matriculas-2020.jpg?resize=250%2C149&amp;ssl=1 250w\" sizes=\"(max-width: 570px) 100vw, 570px\" \/><\/figure><\/div>\n\n\n\n<p>O per\u00edodo para a realiza\u00e7\u00e3o das matr\u00edculas dos alunos da Rede P\u00fablica Municipal de Ensino de Andorinha ser\u00e1 de 13 a 24 de janeiro de 2020. O atendimento das unidades escolares  ser\u00e1 das 8 \u00e0s 12 horas.<\/p>\n\n\n\n<p>No ato da matr\u00edcula, o estudante ou respons\u00e1vel legal dever\u00e1 se apresentar na unidade escolar que deseja estudar com os seguintes documentos: hist\u00f3rico escolar, certid\u00e3o de nascimento ou identidade, comprovante de resid\u00eancia, cart\u00e3o de vacina atualizado  e duas fotos 3&#215;4.<\/p>\n\n\n\n<p>Vale ressaltar que as matr\u00edculas para os alunos das Escolas de Campo (Cara\u00edba, Caldeir\u00e3o da Vaca, Tanquinho do Po\u00e7o e Tanque Novo) ser\u00e3o realizadas na Secretaria Municipal de Educa\u00e7\u00e3o, que fica localizada na Rua Princesa Isabel.<\/p>\n","protected":false},"excerpt":{"rendered":"<p>Ascom Prefeitura de Andorinha-BA O per\u00edodo para a realiza\u00e7\u00e3o das matr\u00edculas dos alunos da Rede P\u00fablica Municipal de Ensino de Andorinha ser\u00e1 de 13 a 24 de janeiro de 2020. O atendimento das unidades escolares ser\u00e1 das 8 \u00e0s 12 horas. No ato da matr\u00edcula, o estudante ou respons\u00e1vel legal dever\u00e1 se apresentar na unidade [&hellip;]<\/p>\n","protected":false},"author":2,"featured_media":40167,"comment_status":"open","ping_status":"open","sticky":false,"template":"","format":"standard","meta":{"_acf_changed":false,"_monsterinsights_skip_tracking":false,"_monsterinsights_sitenote_active":false,"_monsterinsights_sitenote_note":"","_monsterinsights_sitenote_category":0,"_jetpack_memberships_contains_paid_content":false,"footnotes":"","jetpack_publicize_message":"","jetpack_publicize_feature_enabled":true,"jetpack_social_post_already_shared":true,"jetpack_social_options":{"image_generator_settings":{"template":"highway","default_image_id":0,"font":"","enabled":false},"version":2}},"categories":[14,1,11],"tags":[],"class_list":["post-40166","post","type-post","status-publish","format-standard","has-post-thumbnail","hentry","category-educacao","category-noticias","category-regional"],"acf":[],"jetpack_publicize_connections":[],"jetpack_featured_media_url":"https:\/\/i0.wp.com\/blogdoeloiltoncajuhy.com.br\/site\/wp-content\/uploads\/2020\/01\/PMA_Matriculas-2020.jpg?fit=760%2C452&ssl=1","jetpack_sharing_enabled":true,"publishpress_future_workflow_manual_trigger":{"enabledWorkflows":[]},"_links":{"self":[{"href":"https:\/\/blogdoeloiltoncajuhy.com.br\/site\/wp-json\/wp\/v2\/posts\/40166","targetHints":{"allow":["GET"]}}],"collection":[{"href":"https:\/\/blogdoeloiltoncajuhy.com.br\/site\/wp-json\/wp\/v2\/posts"}],"about":[{"href":"https:\/\/blogdoeloiltoncajuhy.com.br\/site\/wp-json\/wp\/v2\/types\/post"}],"author":[{"embeddable":true,"href":"https:\/\/blogdoeloiltoncajuhy.com.br\/site\/wp-json\/wp\/v2\/users\/2"}],"replies":[{"embeddable":true,"href":"https:\/\/blogdoeloiltoncajuhy.com.br\/site\/wp-json\/wp\/v2\/comments?post=40166"}],"version-history":[{"count":1,"href":"https:\/\/blogdoeloiltoncajuhy.com.br\/site\/wp-json\/wp\/v2\/posts\/40166\/revisions"}],"predecessor-version":[{"id":40168,"href":"https:\/\/blogdoeloiltoncajuhy.com.br\/site\/wp-json\/wp\/v2\/posts\/40166\/revisions\/40168"}],"wp:featuredmedia":[{"embeddable":true,"href":"https:\/\/blogdoeloiltoncajuhy.com.br\/site\/wp-json\/wp\/v2\/media\/40167"}],"wp:attachment":[{"href":"https:\/\/blogdoeloiltoncajuhy.com.br\/site\/wp-json\/wp\/v2\/media?parent=40166"}],"wp:term":[{"taxonomy":"category","embeddable":true,"href":"https:\/\/blogdoeloiltoncajuhy.com.br\/site\/wp-json\/wp\/v2\/categories?post=40166"},{"taxonomy":"post_tag","embeddable":true,"href":"https:\/\/blogdoeloiltoncajuhy.com.br\/site\/wp-json\/wp\/v2\/tags?post=40166"}],"curies":[{"name":"wp","href":"https:\/\/api.w.org\/{rel}","templated":true}]}}