{"id":40163,"date":"2020-01-09T11:16:01","date_gmt":"2020-01-09T14:16:01","guid":{"rendered":"http:\/\/blogdoeloiltoncajuhy.com.br\/site\/?p=40163"},"modified":"2020-01-09T11:16:07","modified_gmt":"2020-01-09T14:16:07","slug":"policia-intima-cantor-eduardo-costa-a-depor-sobre-ameacas-a-ex","status":"publish","type":"post","link":"https:\/\/blogdoeloiltoncajuhy.com.br\/site\/policia-intima-cantor-eduardo-costa-a-depor-sobre-ameacas-a-ex\/","title":{"rendered":"Pol\u00edcia intima cantor Eduardo Costa a depor sobre amea\u00e7as \u00e0 ex"},"content":{"rendered":"\n<p><strong>Isto \u00c9 Gente<\/strong><\/p>\n\n\n\n<div class=\"wp-block-image\"><figure class=\"aligncenter size-large\"><img data-recalc-dims=\"1\" fetchpriority=\"high\" decoding=\"async\" width=\"756\" height=\"425\" src=\"https:\/\/i0.wp.com\/blogdoeloiltoncajuhy.com.br\/site\/wp-content\/uploads\/2020\/01\/eduardocosta3.jpg?resize=756%2C425\" alt=\"\" class=\"wp-image-40164\" srcset=\"https:\/\/i0.wp.com\/blogdoeloiltoncajuhy.com.br\/site\/wp-content\/uploads\/2020\/01\/eduardocosta3.jpg?w=756&amp;ssl=1 756w, https:\/\/i0.wp.com\/blogdoeloiltoncajuhy.com.br\/site\/wp-content\/uploads\/2020\/01\/eduardocosta3.jpg?resize=300%2C169&amp;ssl=1 300w, https:\/\/i0.wp.com\/blogdoeloiltoncajuhy.com.br\/site\/wp-content\/uploads\/2020\/01\/eduardocosta3.jpg?resize=250%2C141&amp;ssl=1 250w\" sizes=\"(max-width: 756px) 100vw, 756px\" \/><figcaption>Reprodu\u00e7\u00e3o \/ Instagram<\/figcaption><\/figure><\/div>\n\n\n\n<p>O cantor Eduardo Costa foi intimado pela Pol\u00edcia Civil em sua casa em Belo Horizonte (MG) a depor sobre as amea\u00e7as que sua ex-noiva, Vict\u00f3ria Villarim, alega ter sofrido depois de assumir o namoro com o m\u00fasico Clayton, que faz dupla com Rom\u00e1rio e era amigo \u00edntimo do sertanejo. As informa\u00e7\u00f5es s\u00e3o do colunista Leo Dias, do UOL.<\/p>\n\n\n\n<p>A modelo revelou na \u00faltima segunda-feira (6) ter recebido \u00e1udios do irm\u00e3o de Eduardo, Weliton Costa, com amea\u00e7as de morte, supostamente a mando do cantor. Inicialmente ele havia negado as informa\u00e7\u00f5es, mas depois admitiu a autenticidade do envio.<\/p>\n\n\n\n<p><em>\u201cEle j\u00e1 se arrependeu de ter mandado [o \u00e1udio]. Foi num momento de raiva, de f\u00faria, num momento de nervosismo em que ele perdeu o controle, porque meu irm\u00e3o me tem como pai, j\u00e1 que eu cuidei dele desde beb\u00ea\u201d<\/em>, disse o cantor.<\/p>\n\n\n\n<p>O sertanejo ainda revelou que achou que o telefone do irm\u00e3o teria sido clonado e as mensagens teriam sido envias por outra pessoa.<\/p>\n","protected":false},"excerpt":{"rendered":"<p>Isto \u00c9 Gente O cantor Eduardo Costa foi intimado pela Pol\u00edcia Civil em sua casa em Belo Horizonte (MG) a depor sobre as amea\u00e7as que sua ex-noiva, Vict\u00f3ria Villarim, alega ter sofrido depois de assumir o namoro com o m\u00fasico Clayton, que faz dupla com Rom\u00e1rio e era amigo \u00edntimo do sertanejo. As informa\u00e7\u00f5es s\u00e3o [&hellip;]<\/p>\n","protected":false},"author":2,"featured_media":40164,"comment_status":"open","ping_status":"open","sticky":false,"template":"","format":"standard","meta":{"_acf_changed":false,"_monsterinsights_skip_tracking":false,"_monsterinsights_sitenote_active":false,"_monsterinsights_sitenote_note":"","_monsterinsights_sitenote_category":0,"_jetpack_memberships_contains_paid_content":false,"footnotes":"","jetpack_publicize_message":"","jetpack_publicize_feature_enabled":true,"jetpack_social_post_already_shared":true,"jetpack_social_options":{"image_generator_settings":{"template":"highway","default_image_id":0,"font":"","enabled":false},"version":2}},"categories":[5,8,1],"tags":[],"class_list":["post-40163","post","type-post","status-publish","format-standard","has-post-thumbnail","hentry","category-cotidiano","category-cultura","category-noticias"],"acf":[],"jetpack_publicize_connections":[],"jetpack_featured_media_url":"https:\/\/i0.wp.com\/blogdoeloiltoncajuhy.com.br\/site\/wp-content\/uploads\/2020\/01\/eduardocosta3.jpg?fit=756%2C425&ssl=1","jetpack_sharing_enabled":true,"publishpress_future_workflow_manual_trigger":{"enabledWorkflows":[]},"_links":{"self":[{"href":"https:\/\/blogdoeloiltoncajuhy.com.br\/site\/wp-json\/wp\/v2\/posts\/40163","targetHints":{"allow":["GET"]}}],"collection":[{"href":"https:\/\/blogdoeloiltoncajuhy.com.br\/site\/wp-json\/wp\/v2\/posts"}],"about":[{"href":"https:\/\/blogdoeloiltoncajuhy.com.br\/site\/wp-json\/wp\/v2\/types\/post"}],"author":[{"embeddable":true,"href":"https:\/\/blogdoeloiltoncajuhy.com.br\/site\/wp-json\/wp\/v2\/users\/2"}],"replies":[{"embeddable":true,"href":"https:\/\/blogdoeloiltoncajuhy.com.br\/site\/wp-json\/wp\/v2\/comments?post=40163"}],"version-history":[{"count":1,"href":"https:\/\/blogdoeloiltoncajuhy.com.br\/site\/wp-json\/wp\/v2\/posts\/40163\/revisions"}],"predecessor-version":[{"id":40165,"href":"https:\/\/blogdoeloiltoncajuhy.com.br\/site\/wp-json\/wp\/v2\/posts\/40163\/revisions\/40165"}],"wp:featuredmedia":[{"embeddable":true,"href":"https:\/\/blogdoeloiltoncajuhy.com.br\/site\/wp-json\/wp\/v2\/media\/40164"}],"wp:attachment":[{"href":"https:\/\/blogdoeloiltoncajuhy.com.br\/site\/wp-json\/wp\/v2\/media?parent=40163"}],"wp:term":[{"taxonomy":"category","embeddable":true,"href":"https:\/\/blogdoeloiltoncajuhy.com.br\/site\/wp-json\/wp\/v2\/categories?post=40163"},{"taxonomy":"post_tag","embeddable":true,"href":"https:\/\/blogdoeloiltoncajuhy.com.br\/site\/wp-json\/wp\/v2\/tags?post=40163"}],"curies":[{"name":"wp","href":"https:\/\/api.w.org\/{rel}","templated":true}]}}