{"id":40156,"date":"2020-01-09T07:31:42","date_gmt":"2020-01-09T10:31:42","guid":{"rendered":"http:\/\/blogdoeloiltoncajuhy.com.br\/site\/?p=40156"},"modified":"2020-01-09T07:31:48","modified_gmt":"2020-01-09T10:31:48","slug":"comeca-pesquisa-para-saber-como-anda-a-saude-dos-brasileiros","status":"publish","type":"post","link":"https:\/\/blogdoeloiltoncajuhy.com.br\/site\/comeca-pesquisa-para-saber-como-anda-a-saude-dos-brasileiros\/","title":{"rendered":"Come\u00e7a pesquisa para saber como anda a sa\u00fade dos brasileiros"},"content":{"rendered":"\n<h5 class=\"has-text-align-center wp-block-heading\"><em>Minist\u00e9rio pretende ouvir cerca de 27 mil pessoas s\u00f3 no 1\u00ba semestre<\/em><\/h5>\n\n\n\n<p><strong>Por Ag\u00eancia Brasil<\/strong><br>Com informa\u00e7\u00f5es do Minist\u00e9rio da Sa\u00fade<\/p>\n\n\n\n<div class=\"wp-block-image\"><figure class=\"aligncenter size-large\"><img fetchpriority=\"high\" decoding=\"async\" width=\"1920\" height=\"1080\" src=\"https:\/\/i1.wp.com\/blogdoeloiltoncajuhy.com.br\/site\/wp-content\/uploads\/2020\/01\/Vigitel-PesquisaSaude.jpg?fit=590%2C332\" alt=\"\" class=\"wp-image-40157\" srcset=\"https:\/\/i0.wp.com\/blogdoeloiltoncajuhy.com.br\/site\/wp-content\/uploads\/2020\/01\/Vigitel-PesquisaSaude.jpg?w=1920&amp;ssl=1 1920w, https:\/\/i0.wp.com\/blogdoeloiltoncajuhy.com.br\/site\/wp-content\/uploads\/2020\/01\/Vigitel-PesquisaSaude.jpg?resize=300%2C169&amp;ssl=1 300w, https:\/\/i0.wp.com\/blogdoeloiltoncajuhy.com.br\/site\/wp-content\/uploads\/2020\/01\/Vigitel-PesquisaSaude.jpg?resize=1024%2C576&amp;ssl=1 1024w, https:\/\/i0.wp.com\/blogdoeloiltoncajuhy.com.br\/site\/wp-content\/uploads\/2020\/01\/Vigitel-PesquisaSaude.jpg?resize=768%2C432&amp;ssl=1 768w, https:\/\/i0.wp.com\/blogdoeloiltoncajuhy.com.br\/site\/wp-content\/uploads\/2020\/01\/Vigitel-PesquisaSaude.jpg?resize=1536%2C864&amp;ssl=1 1536w, https:\/\/i0.wp.com\/blogdoeloiltoncajuhy.com.br\/site\/wp-content\/uploads\/2020\/01\/Vigitel-PesquisaSaude.jpg?resize=250%2C141&amp;ssl=1 250w, https:\/\/i0.wp.com\/blogdoeloiltoncajuhy.com.br\/site\/wp-content\/uploads\/2020\/01\/Vigitel-PesquisaSaude.jpg?w=1600 1600w\" sizes=\"(max-width: 800px) 100vw, 800px\" \/><figcaption>Reprodu\u00e7\u00e3o<\/figcaption><\/figure><\/div>\n\n\n\n<p>A pesquisa Vigitel 2020 (Vigil\u00e2ncia de Fatores de Risco e Prote\u00e7\u00e3o para Doen\u00e7as Cr\u00f4nicas por Inqu\u00e9rito Telef\u00f4nico), realizada todos os anos pelo Minist\u00e9rio da Sa\u00fade, pretende ouvir cerca de 27 mil pessoas somente no primeiro semestre. A participa\u00e7\u00e3o \u00e9 muito importante para que seja poss\u00edvel conhecer o retrato da sa\u00fade das pessoas no pa\u00eds e para o planejamento e monitoramento das a\u00e7\u00f5es e pol\u00edticas p\u00fablicas de cuidado \u00e0 sa\u00fade dos brasileiros.<\/p>\n\n\n\n<p>Portanto, voc\u00ea que tem 18 anos ou mais e mora em uma das 26 capitais do pa\u00eds, al\u00e9m de Bras\u00edlia, poder\u00e1 receber uma liga\u00e7\u00e3o do pesquisador do minist\u00e9rio convidando-o para participar da principal pesquisa no pa\u00eds que mede os fatores de risco e de prote\u00e7\u00e3o para doen\u00e7as cr\u00f4nicas n\u00e3o transmiss\u00edveis, como diabetes, c\u00e2nceres, obesidade, doen\u00e7as respirat\u00f3rias e relacionadas ao cora\u00e7\u00e3o \u2013 principais causas de mortes no pa\u00eds.<\/p>\n\n\n\n<p>Segundo o minist\u00e9rio, o tempo m\u00e9dio para responder ao question\u00e1rio \u00e9 de cerca de 12 minutos. As liga\u00e7\u00f5es ser\u00e3o feitas das 9h \u00e0s 21h (hor\u00e1rio de Bras\u00edlia) nos dias da semana, e das 10 \u00e0s 16h aos s\u00e1bados, domingos e feriados. A participa\u00e7\u00e3o na pesquisa \u00e9 volunt\u00e1ria.<\/p>\n\n\n\n<p><em>\u201cConhecer a situa\u00e7\u00e3o de sa\u00fade da popula\u00e7\u00e3o \u00e9 o primeiro passo para planejar a\u00e7\u00f5es e programas que reduzam a ocorr\u00eancia e a gravidade destas doen\u00e7as, melhorando, assim, a sa\u00fade da popula\u00e7\u00e3o\u201d<\/em>, destacou o secret\u00e1rio de Vigil\u00e2ncia em Sa\u00fade, Wanderson Oliveira.<\/p>\n\n\n\n<p>O minist\u00e9rio alerta que durante a pesquisa n\u00e3o ser\u00e1 perguntada qualquer informa\u00e7\u00e3o relacionada a documentos pessoais, como CPF, RG ou mesmo dados banc\u00e1rios. As \u00fanicas informa\u00e7\u00f5es pessoais obtidas por meio da pesquisa dizem respeito \u00e0 idade, sexo, escolaridade, estado civil e ra\u00e7a\/cor, uma vez que permitem que os resultados reflitam a distribui\u00e7\u00e3o sociodemogr\u00e1fica da popula\u00e7\u00e3o total.<\/p>\n\n\n\n<p>Desde 2006, a pesquisa Vigitel monitora a frequ\u00eancia e a distribui\u00e7\u00e3o de fatores de risco para o surgimento destas doen\u00e7as atrav\u00e9s de um question\u00e1rio, respondido por telefone, sobre itens como h\u00e1bitos alimentares (consumo de frutas e hortali\u00e7as) e estilo de vida (pr\u00e1tica de atividade f\u00edsica, tabagismo e consumo de bebidas alco\u00f3licas). S\u00e3o tamb\u00e9m investigadas a frequ\u00eancia e o diagn\u00f3stico m\u00e9dico de hipertens\u00e3o arterial e diabetes, bem como a realiza\u00e7\u00e3o de exames de mamografia e de papanicolau.<\/p>\n","protected":false},"excerpt":{"rendered":"<p>Minist\u00e9rio pretende ouvir cerca de 27 mil pessoas s\u00f3 no 1\u00ba semestre Por Ag\u00eancia BrasilCom informa\u00e7\u00f5es do Minist\u00e9rio da Sa\u00fade A pesquisa Vigitel 2020 (Vigil\u00e2ncia de Fatores de Risco e Prote\u00e7\u00e3o para Doen\u00e7as Cr\u00f4nicas por Inqu\u00e9rito Telef\u00f4nico), realizada todos os anos pelo Minist\u00e9rio da Sa\u00fade, pretende ouvir cerca de 27 mil pessoas somente no primeiro [&hellip;]<\/p>\n","protected":false},"author":2,"featured_media":40157,"comment_status":"open","ping_status":"open","sticky":false,"template":"","format":"standard","meta":{"_acf_changed":false,"_monsterinsights_skip_tracking":false,"_monsterinsights_sitenote_active":false,"_monsterinsights_sitenote_note":"","_monsterinsights_sitenote_category":0,"_jetpack_memberships_contains_paid_content":false,"footnotes":"","jetpack_publicize_message":"","jetpack_publicize_feature_enabled":true,"jetpack_social_post_already_shared":true,"jetpack_social_options":{"image_generator_settings":{"template":"highway","default_image_id":0,"font":"","enabled":false},"version":2}},"categories":[1,7],"tags":[],"class_list":["post-40156","post","type-post","status-publish","format-standard","has-post-thumbnail","hentry","category-noticias","category-saude"],"acf":[],"jetpack_publicize_connections":[],"jetpack_featured_media_url":"https:\/\/i0.wp.com\/blogdoeloiltoncajuhy.com.br\/site\/wp-content\/uploads\/2020\/01\/Vigitel-PesquisaSaude.jpg?fit=1920%2C1080&ssl=1","jetpack_sharing_enabled":true,"publishpress_future_workflow_manual_trigger":{"enabledWorkflows":[]},"_links":{"self":[{"href":"https:\/\/blogdoeloiltoncajuhy.com.br\/site\/wp-json\/wp\/v2\/posts\/40156","targetHints":{"allow":["GET"]}}],"collection":[{"href":"https:\/\/blogdoeloiltoncajuhy.com.br\/site\/wp-json\/wp\/v2\/posts"}],"about":[{"href":"https:\/\/blogdoeloiltoncajuhy.com.br\/site\/wp-json\/wp\/v2\/types\/post"}],"author":[{"embeddable":true,"href":"https:\/\/blogdoeloiltoncajuhy.com.br\/site\/wp-json\/wp\/v2\/users\/2"}],"replies":[{"embeddable":true,"href":"https:\/\/blogdoeloiltoncajuhy.com.br\/site\/wp-json\/wp\/v2\/comments?post=40156"}],"version-history":[{"count":1,"href":"https:\/\/blogdoeloiltoncajuhy.com.br\/site\/wp-json\/wp\/v2\/posts\/40156\/revisions"}],"predecessor-version":[{"id":40158,"href":"https:\/\/blogdoeloiltoncajuhy.com.br\/site\/wp-json\/wp\/v2\/posts\/40156\/revisions\/40158"}],"wp:featuredmedia":[{"embeddable":true,"href":"https:\/\/blogdoeloiltoncajuhy.com.br\/site\/wp-json\/wp\/v2\/media\/40157"}],"wp:attachment":[{"href":"https:\/\/blogdoeloiltoncajuhy.com.br\/site\/wp-json\/wp\/v2\/media?parent=40156"}],"wp:term":[{"taxonomy":"category","embeddable":true,"href":"https:\/\/blogdoeloiltoncajuhy.com.br\/site\/wp-json\/wp\/v2\/categories?post=40156"},{"taxonomy":"post_tag","embeddable":true,"href":"https:\/\/blogdoeloiltoncajuhy.com.br\/site\/wp-json\/wp\/v2\/tags?post=40156"}],"curies":[{"name":"wp","href":"https:\/\/api.w.org\/{rel}","templated":true}]}}