{"id":40153,"date":"2020-01-09T07:24:00","date_gmt":"2020-01-09T10:24:00","guid":{"rendered":"http:\/\/blogdoeloiltoncajuhy.com.br\/site\/?p=40153"},"modified":"2020-01-09T07:24:06","modified_gmt":"2020-01-09T10:24:06","slug":"senadora-diz-que-fundeb-permanente-sera-prioridade-do-congresso-em-2020","status":"publish","type":"post","link":"https:\/\/blogdoeloiltoncajuhy.com.br\/site\/senadora-diz-que-fundeb-permanente-sera-prioridade-do-congresso-em-2020\/","title":{"rendered":"Senadora diz que Fundeb permanente ser\u00e1 prioridade do Congresso em 2020"},"content":{"rendered":"\n<h5 class=\"has-text-align-center wp-block-heading\"><em>Ela tamb\u00e9m defendeu o aumento dos repasses para o fundo<\/em><\/h5>\n\n\n\n<p><strong>L\u00edvia Torres &#8211; R\u00e1dio Senado<\/strong><\/p>\n\n\n\n<div class=\"wp-block-image\"><figure class=\"aligncenter size-large is-resized\"><img data-recalc-dims=\"1\" fetchpriority=\"high\" decoding=\"async\" src=\"https:\/\/i0.wp.com\/blogdoeloiltoncajuhy.com.br\/site\/wp-content\/uploads\/2020\/01\/Fundeb.jpeg?resize=540%2C338\" alt=\"\" class=\"wp-image-40154\" width=\"540\" height=\"338\" srcset=\"https:\/\/i0.wp.com\/blogdoeloiltoncajuhy.com.br\/site\/wp-content\/uploads\/2020\/01\/Fundeb.jpeg?w=720&amp;ssl=1 720w, https:\/\/i0.wp.com\/blogdoeloiltoncajuhy.com.br\/site\/wp-content\/uploads\/2020\/01\/Fundeb.jpeg?resize=300%2C188&amp;ssl=1 300w, https:\/\/i0.wp.com\/blogdoeloiltoncajuhy.com.br\/site\/wp-content\/uploads\/2020\/01\/Fundeb.jpeg?resize=250%2C156&amp;ssl=1 250w\" sizes=\"(max-width: 540px) 100vw, 540px\" \/><figcaption>Reprodu\u00e7\u00e3o<\/figcaption><\/figure><\/div>\n\n\n\n<p>O Fundo de Manuten\u00e7\u00e3o e Desenvolvimento da Educa\u00e7\u00e3o B\u00e1sica e de Valoriza\u00e7\u00e3o dos Profissionais da Educa\u00e7\u00e3o, o Fundeb, destinou 156 bilh\u00f5es de reais para as escolas p\u00fablicas em 2019. Isso representa 65% de toda a verba disponibilizada para a educa\u00e7\u00e3o b\u00e1sica do pa\u00eds.<\/p>\n\n\n\n<p>Em 2020, umas das prioridades do Congresso \u00e9 a vota\u00e7\u00e3o da proposta que torna o Fundeb uma pol\u00edtica p\u00fablica permanente, j\u00e1 que o fundo tem prazo de validade at\u00e9 o dia 31 de dezembro deste ano.<\/p>\n\n\n\n<p>A senadora Zenaide Maia, do Pros do Rio Grande do Norte, falou da urg\u00eancia de votar a proposta e da possibilidade de aumentar o repasse do governo para o fundo:<\/p>\n\n\n\n<p><em>\u201cA gente tem que correr para constitucionalizar o Fundeb, fundo de apoio a educa\u00e7\u00e3o b\u00e1sica, que a vig\u00eancia vai vencer este ano. Al\u00e9m de botar na constitui\u00e7\u00e3o, a gente quer aumentar o repasse e recursos do governo federal, que hoje \u00e9 de 10% da receita, para 15 e em dez anos chegar a 40%\u201d<\/em>.<\/p>\n\n\n\n<p>O Fundeb recolhe parte de uma s\u00e9rie de tributos e transfer\u00eancias dos estados, Distrito Federal e munic\u00edpios e repassa esse dinheiro para escolas p\u00fablicas. O objetivo \u00e9 manter o desenvolvimento da educa\u00e7\u00e3o b\u00e1sica, da creche at\u00e9 o ensino m\u00e9dio, e valorizar o trabalho dos professores.<\/p>\n","protected":false},"excerpt":{"rendered":"<p>Ela tamb\u00e9m defendeu o aumento dos repasses para o fundo L\u00edvia Torres &#8211; R\u00e1dio Senado O Fundo de Manuten\u00e7\u00e3o e Desenvolvimento da Educa\u00e7\u00e3o B\u00e1sica e de Valoriza\u00e7\u00e3o dos Profissionais da Educa\u00e7\u00e3o, o Fundeb, destinou 156 bilh\u00f5es de reais para as escolas p\u00fablicas em 2019. Isso representa 65% de toda a verba disponibilizada para a educa\u00e7\u00e3o [&hellip;]<\/p>\n","protected":false},"author":2,"featured_media":40154,"comment_status":"open","ping_status":"open","sticky":false,"template":"","format":"standard","meta":{"_acf_changed":false,"_monsterinsights_skip_tracking":false,"_monsterinsights_sitenote_active":false,"_monsterinsights_sitenote_note":"","_monsterinsights_sitenote_category":0,"_jetpack_memberships_contains_paid_content":false,"footnotes":"","jetpack_publicize_message":"","jetpack_publicize_feature_enabled":true,"jetpack_social_post_already_shared":true,"jetpack_social_options":{"image_generator_settings":{"template":"highway","default_image_id":0,"font":"","enabled":false},"version":2}},"categories":[1,3],"tags":[],"class_list":["post-40153","post","type-post","status-publish","format-standard","has-post-thumbnail","hentry","category-noticias","category-politica"],"acf":[],"jetpack_publicize_connections":[],"jetpack_featured_media_url":"https:\/\/i0.wp.com\/blogdoeloiltoncajuhy.com.br\/site\/wp-content\/uploads\/2020\/01\/Fundeb.jpeg?fit=720%2C450&ssl=1","jetpack_sharing_enabled":true,"publishpress_future_workflow_manual_trigger":{"enabledWorkflows":[]},"_links":{"self":[{"href":"https:\/\/blogdoeloiltoncajuhy.com.br\/site\/wp-json\/wp\/v2\/posts\/40153","targetHints":{"allow":["GET"]}}],"collection":[{"href":"https:\/\/blogdoeloiltoncajuhy.com.br\/site\/wp-json\/wp\/v2\/posts"}],"about":[{"href":"https:\/\/blogdoeloiltoncajuhy.com.br\/site\/wp-json\/wp\/v2\/types\/post"}],"author":[{"embeddable":true,"href":"https:\/\/blogdoeloiltoncajuhy.com.br\/site\/wp-json\/wp\/v2\/users\/2"}],"replies":[{"embeddable":true,"href":"https:\/\/blogdoeloiltoncajuhy.com.br\/site\/wp-json\/wp\/v2\/comments?post=40153"}],"version-history":[{"count":1,"href":"https:\/\/blogdoeloiltoncajuhy.com.br\/site\/wp-json\/wp\/v2\/posts\/40153\/revisions"}],"predecessor-version":[{"id":40155,"href":"https:\/\/blogdoeloiltoncajuhy.com.br\/site\/wp-json\/wp\/v2\/posts\/40153\/revisions\/40155"}],"wp:featuredmedia":[{"embeddable":true,"href":"https:\/\/blogdoeloiltoncajuhy.com.br\/site\/wp-json\/wp\/v2\/media\/40154"}],"wp:attachment":[{"href":"https:\/\/blogdoeloiltoncajuhy.com.br\/site\/wp-json\/wp\/v2\/media?parent=40153"}],"wp:term":[{"taxonomy":"category","embeddable":true,"href":"https:\/\/blogdoeloiltoncajuhy.com.br\/site\/wp-json\/wp\/v2\/categories?post=40153"},{"taxonomy":"post_tag","embeddable":true,"href":"https:\/\/blogdoeloiltoncajuhy.com.br\/site\/wp-json\/wp\/v2\/tags?post=40153"}],"curies":[{"name":"wp","href":"https:\/\/api.w.org\/{rel}","templated":true}]}}