{"id":40150,"date":"2020-01-09T07:15:21","date_gmt":"2020-01-09T10:15:21","guid":{"rendered":"http:\/\/blogdoeloiltoncajuhy.com.br\/site\/?p=40150"},"modified":"2020-01-09T07:15:26","modified_gmt":"2020-01-09T10:15:26","slug":"ministerio-publico-da-bahia-abre-selecao-de-estagio-para-estudantes-de-direito-e-ensino-medio","status":"publish","type":"post","link":"https:\/\/blogdoeloiltoncajuhy.com.br\/site\/ministerio-publico-da-bahia-abre-selecao-de-estagio-para-estudantes-de-direito-e-ensino-medio\/","title":{"rendered":"Minist\u00e9rio P\u00fablico da Bahia abre sele\u00e7\u00e3o de est\u00e1gio para estudantes de direito e ensino m\u00e9dio"},"content":{"rendered":"\n<h5 class=\"has-text-align-center wp-block-heading\"><em>Interessados devem se inscrever at\u00e9 o dia 19 de janeiro, pela internet. Taxa de inscri\u00e7\u00e3o custa entre R$ 15 e R$ 30<\/em><\/h5>\n\n\n\n<p><strong>Por G1 BA<\/strong><\/p>\n\n\n\n<div class=\"wp-block-image\"><figure class=\"aligncenter size-large is-resized\"><img data-recalc-dims=\"1\" fetchpriority=\"high\" decoding=\"async\" src=\"https:\/\/i0.wp.com\/blogdoeloiltoncajuhy.com.br\/site\/wp-content\/uploads\/2020\/01\/MP-BA.jpg?resize=492%2C369\" alt=\"\" class=\"wp-image-40151\" width=\"492\" height=\"369\" srcset=\"https:\/\/i0.wp.com\/blogdoeloiltoncajuhy.com.br\/site\/wp-content\/uploads\/2020\/01\/MP-BA.jpg?w=984&amp;ssl=1 984w, https:\/\/i0.wp.com\/blogdoeloiltoncajuhy.com.br\/site\/wp-content\/uploads\/2020\/01\/MP-BA.jpg?resize=300%2C225&amp;ssl=1 300w, https:\/\/i0.wp.com\/blogdoeloiltoncajuhy.com.br\/site\/wp-content\/uploads\/2020\/01\/MP-BA.jpg?resize=768%2C576&amp;ssl=1 768w, https:\/\/i0.wp.com\/blogdoeloiltoncajuhy.com.br\/site\/wp-content\/uploads\/2020\/01\/MP-BA.jpg?resize=250%2C188&amp;ssl=1 250w\" sizes=\"(max-width: 492px) 100vw, 492px\" \/><figcaption>Minist\u00e9rio P\u00fablico abre sele\u00e7\u00e3o para estagi\u00e1rios de ensino m\u00e9dio e estudantes de direito \u2014 Foto: Henrique Mendes\/G1<\/figcaption><\/figure><\/div>\n\n\n\n<p>O Minist\u00e9rio P\u00fablico da Bahia (MP-BA) abriu nesta quarta-feira (8), as inscri\u00e7\u00f5es de est\u00e1gio para estudantes de direito e ensino m\u00e9dio. Os interessados devem se inscrever at\u00e9 o dia 19 de janeiro, pela internet.<\/p>\n\n\n\n<p>A taxa de inscri\u00e7\u00e3o custa entre R$ 15 e R$ 30. Para os interessados no est\u00e1gio em direito, s\u00e3o disponibilizadas 24 vagas para o per\u00edodo matutino e 36 para o vespertino, com carga hor\u00e1ria de 20h semanais. Para o ensino m\u00e9dio, h\u00e1 24 vagas para o turno matutino e 30 para o vespertino, tamb\u00e9m com 20h.<\/p>\n\n\n\n<p>A sele\u00e7\u00e3o ter\u00e1 validade de um ano, podendo ser prorrogado pelo mesmo per\u00edodo. As provas ser\u00e3o aplicadas no dia 2 de fevereiro, com local e hor\u00e1rio informados no Cart\u00e3o de Convoca\u00e7\u00e3o e no Edital de Convoca\u00e7\u00e3o, que ser\u00e3o disponibilizados na internet a partir do dia 27 de janeiro.<\/p>\n\n\n\n<p>Para os estudantes de Direito inscritos, ser\u00e3o cobrados conhecimentos em L\u00edngua Portuguesa, Direito Constitucional e Legisla\u00e7\u00e3o Especial, Direito Penal, Civil, Processual Penal e Processual Civil. J\u00e1 os alunos do ensino m\u00e9dio responder\u00e3o quest\u00f5es de L\u00edngua Portuguesa, Matem\u00e1tica e Conhecimentos Gerais.<\/p>\n","protected":false},"excerpt":{"rendered":"<p>Interessados devem se inscrever at\u00e9 o dia 19 de janeiro, pela internet. Taxa de inscri\u00e7\u00e3o custa entre R$ 15 e R$ 30 Por G1 BA O Minist\u00e9rio P\u00fablico da Bahia (MP-BA) abriu nesta quarta-feira (8), as inscri\u00e7\u00f5es de est\u00e1gio para estudantes de direito e ensino m\u00e9dio. Os interessados devem se inscrever at\u00e9 o dia 19 [&hellip;]<\/p>\n","protected":false},"author":2,"featured_media":40151,"comment_status":"open","ping_status":"open","sticky":false,"template":"","format":"standard","meta":{"_acf_changed":false,"_monsterinsights_skip_tracking":false,"_monsterinsights_sitenote_active":false,"_monsterinsights_sitenote_note":"","_monsterinsights_sitenote_category":0,"_jetpack_memberships_contains_paid_content":false,"footnotes":"","jetpack_publicize_message":"","jetpack_publicize_feature_enabled":true,"jetpack_social_post_already_shared":true,"jetpack_social_options":{"image_generator_settings":{"template":"highway","default_image_id":0,"font":"","enabled":false},"version":2}},"categories":[5,1],"tags":[],"class_list":["post-40150","post","type-post","status-publish","format-standard","has-post-thumbnail","hentry","category-cotidiano","category-noticias"],"acf":[],"jetpack_publicize_connections":[],"jetpack_featured_media_url":"https:\/\/i0.wp.com\/blogdoeloiltoncajuhy.com.br\/site\/wp-content\/uploads\/2020\/01\/MP-BA.jpg?fit=984%2C738&ssl=1","jetpack_sharing_enabled":true,"publishpress_future_workflow_manual_trigger":{"enabledWorkflows":[]},"_links":{"self":[{"href":"https:\/\/blogdoeloiltoncajuhy.com.br\/site\/wp-json\/wp\/v2\/posts\/40150","targetHints":{"allow":["GET"]}}],"collection":[{"href":"https:\/\/blogdoeloiltoncajuhy.com.br\/site\/wp-json\/wp\/v2\/posts"}],"about":[{"href":"https:\/\/blogdoeloiltoncajuhy.com.br\/site\/wp-json\/wp\/v2\/types\/post"}],"author":[{"embeddable":true,"href":"https:\/\/blogdoeloiltoncajuhy.com.br\/site\/wp-json\/wp\/v2\/users\/2"}],"replies":[{"embeddable":true,"href":"https:\/\/blogdoeloiltoncajuhy.com.br\/site\/wp-json\/wp\/v2\/comments?post=40150"}],"version-history":[{"count":1,"href":"https:\/\/blogdoeloiltoncajuhy.com.br\/site\/wp-json\/wp\/v2\/posts\/40150\/revisions"}],"predecessor-version":[{"id":40152,"href":"https:\/\/blogdoeloiltoncajuhy.com.br\/site\/wp-json\/wp\/v2\/posts\/40150\/revisions\/40152"}],"wp:featuredmedia":[{"embeddable":true,"href":"https:\/\/blogdoeloiltoncajuhy.com.br\/site\/wp-json\/wp\/v2\/media\/40151"}],"wp:attachment":[{"href":"https:\/\/blogdoeloiltoncajuhy.com.br\/site\/wp-json\/wp\/v2\/media?parent=40150"}],"wp:term":[{"taxonomy":"category","embeddable":true,"href":"https:\/\/blogdoeloiltoncajuhy.com.br\/site\/wp-json\/wp\/v2\/categories?post=40150"},{"taxonomy":"post_tag","embeddable":true,"href":"https:\/\/blogdoeloiltoncajuhy.com.br\/site\/wp-json\/wp\/v2\/tags?post=40150"}],"curies":[{"name":"wp","href":"https:\/\/api.w.org\/{rel}","templated":true}]}}