{"id":40142,"date":"2020-01-08T22:48:40","date_gmt":"2020-01-09T01:48:40","guid":{"rendered":"http:\/\/blogdoeloiltoncajuhy.com.br\/site\/?p=40142"},"modified":"2020-01-09T14:58:23","modified_gmt":"2020-01-09T17:58:23","slug":"acompanhe-a-programacao-da-festa-do-senhor-do-bonfim","status":"publish","type":"post","link":"https:\/\/blogdoeloiltoncajuhy.com.br\/site\/acompanhe-a-programacao-da-festa-do-senhor-do-bonfim\/","title":{"rendered":"Acompanhe a programa\u00e7\u00e3o da Festa do Senhor do Bonfim"},"content":{"rendered":"\n<p><strong>BLOG DO ELOILTON CAJUHY<\/strong><\/p>\n\n\n\n<div class=\"wp-block-image\"><figure class=\"aligncenter size-large is-resized\"><img data-recalc-dims=\"1\" fetchpriority=\"high\" decoding=\"async\" src=\"https:\/\/i0.wp.com\/blogdoeloiltoncajuhy.com.br\/site\/wp-content\/uploads\/2020\/01\/FestaSenhorBonfim-2020_Dom-Hernaldo.jpg?resize=480%2C360\" alt=\"\" class=\"wp-image-40143\" width=\"480\" height=\"360\" srcset=\"https:\/\/i0.wp.com\/blogdoeloiltoncajuhy.com.br\/site\/wp-content\/uploads\/2020\/01\/FestaSenhorBonfim-2020_Dom-Hernaldo.jpg?w=640&amp;ssl=1 640w, https:\/\/i0.wp.com\/blogdoeloiltoncajuhy.com.br\/site\/wp-content\/uploads\/2020\/01\/FestaSenhorBonfim-2020_Dom-Hernaldo.jpg?resize=300%2C225&amp;ssl=1 300w, https:\/\/i0.wp.com\/blogdoeloiltoncajuhy.com.br\/site\/wp-content\/uploads\/2020\/01\/FestaSenhorBonfim-2020_Dom-Hernaldo.jpg?resize=250%2C188&amp;ssl=1 250w\" sizes=\"(max-width: 480px) 100vw, 480px\" \/><figcaption>Bispo Dom Hernaldo Farias (Foto: Pascom de Bonfim)<\/figcaption><\/figure><\/div>\n\n\n\n<p>Fi\u00e9is cat\u00f3licos celebram o Padroeiro Senhor do Bonfim, com celebra\u00e7\u00f5es, quermesse e shows musicais em frente \u00e0 Catedral Diocesana.<\/p>\n\n\n\n<p class=\"has-medium-font-size\"><strong>Veja a programa\u00e7\u00e3o desta quinta-feira, dia 09 de janeiro:<\/strong><\/p>\n\n\n\n<div class=\"wp-block-image\"><figure class=\"aligncenter size-large\"><img data-recalc-dims=\"1\" decoding=\"async\" width=\"495\" height=\"178\" src=\"https:\/\/i0.wp.com\/blogdoeloiltoncajuhy.com.br\/site\/wp-content\/uploads\/2020\/01\/FestaSenhorBonfim-2020_09Jan.jpg?resize=495%2C178\" alt=\"\" class=\"wp-image-40145\" srcset=\"https:\/\/i0.wp.com\/blogdoeloiltoncajuhy.com.br\/site\/wp-content\/uploads\/2020\/01\/FestaSenhorBonfim-2020_09Jan.jpg?w=495&amp;ssl=1 495w, https:\/\/i0.wp.com\/blogdoeloiltoncajuhy.com.br\/site\/wp-content\/uploads\/2020\/01\/FestaSenhorBonfim-2020_09Jan.jpg?resize=300%2C108&amp;ssl=1 300w, https:\/\/i0.wp.com\/blogdoeloiltoncajuhy.com.br\/site\/wp-content\/uploads\/2020\/01\/FestaSenhorBonfim-2020_09Jan.jpg?resize=250%2C90&amp;ssl=1 250w\" sizes=\"(max-width: 495px) 100vw, 495px\" \/><\/figure><\/div>\n\n\n\n<div class=\"wp-block-image\"><figure class=\"aligncenter size-large\"><img data-recalc-dims=\"1\" decoding=\"async\" width=\"495\" height=\"336\" src=\"https:\/\/i0.wp.com\/blogdoeloiltoncajuhy.com.br\/site\/wp-content\/uploads\/2020\/01\/FestaSenhorBonfim-2020_09Jan-2.jpg?resize=495%2C336\" alt=\"\" class=\"wp-image-40146\" srcset=\"https:\/\/i0.wp.com\/blogdoeloiltoncajuhy.com.br\/site\/wp-content\/uploads\/2020\/01\/FestaSenhorBonfim-2020_09Jan-2.jpg?w=495&amp;ssl=1 495w, https:\/\/i0.wp.com\/blogdoeloiltoncajuhy.com.br\/site\/wp-content\/uploads\/2020\/01\/FestaSenhorBonfim-2020_09Jan-2.jpg?resize=300%2C204&amp;ssl=1 300w, https:\/\/i0.wp.com\/blogdoeloiltoncajuhy.com.br\/site\/wp-content\/uploads\/2020\/01\/FestaSenhorBonfim-2020_09Jan-2.jpg?resize=250%2C170&amp;ssl=1 250w\" sizes=\"(max-width: 495px) 100vw, 495px\" \/><\/figure><\/div>\n\n\n\n<p>Logo ap\u00f3s a celebra\u00e7\u00e3o da novena, tem show musical com o cantor Tony Silva, na \u00e1rea da quermesse, em frente a Catedral.<\/p>\n","protected":false},"excerpt":{"rendered":"<p>BLOG DO ELOILTON CAJUHY Fi\u00e9is cat\u00f3licos celebram o Padroeiro Senhor do Bonfim, com celebra\u00e7\u00f5es, quermesse e shows musicais em frente \u00e0 Catedral Diocesana. Veja a programa\u00e7\u00e3o desta quinta-feira, dia 09 de janeiro: Logo ap\u00f3s a celebra\u00e7\u00e3o da novena, tem show musical com o cantor Tony Silva, na \u00e1rea da quermesse, em frente a Catedral.<\/p>\n","protected":false},"author":2,"featured_media":40146,"comment_status":"open","ping_status":"open","sticky":false,"template":"","format":"standard","meta":{"_acf_changed":false,"_monsterinsights_skip_tracking":false,"_monsterinsights_sitenote_active":false,"_monsterinsights_sitenote_note":"","_monsterinsights_sitenote_category":0,"_jetpack_memberships_contains_paid_content":false,"footnotes":"","jetpack_publicize_message":"","jetpack_publicize_feature_enabled":true,"jetpack_social_post_already_shared":true,"jetpack_social_options":{"image_generator_settings":{"template":"highway","default_image_id":0,"font":"","enabled":false},"version":2}},"categories":[1,4],"tags":[],"class_list":["post-40142","post","type-post","status-publish","format-standard","has-post-thumbnail","hentry","category-noticias","category-local"],"acf":[],"jetpack_publicize_connections":[],"jetpack_featured_media_url":"https:\/\/i0.wp.com\/blogdoeloiltoncajuhy.com.br\/site\/wp-content\/uploads\/2020\/01\/FestaSenhorBonfim-2020_09Jan-2.jpg?fit=495%2C336&ssl=1","jetpack_sharing_enabled":true,"publishpress_future_workflow_manual_trigger":{"enabledWorkflows":[]},"_links":{"self":[{"href":"https:\/\/blogdoeloiltoncajuhy.com.br\/site\/wp-json\/wp\/v2\/posts\/40142","targetHints":{"allow":["GET"]}}],"collection":[{"href":"https:\/\/blogdoeloiltoncajuhy.com.br\/site\/wp-json\/wp\/v2\/posts"}],"about":[{"href":"https:\/\/blogdoeloiltoncajuhy.com.br\/site\/wp-json\/wp\/v2\/types\/post"}],"author":[{"embeddable":true,"href":"https:\/\/blogdoeloiltoncajuhy.com.br\/site\/wp-json\/wp\/v2\/users\/2"}],"replies":[{"embeddable":true,"href":"https:\/\/blogdoeloiltoncajuhy.com.br\/site\/wp-json\/wp\/v2\/comments?post=40142"}],"version-history":[{"count":3,"href":"https:\/\/blogdoeloiltoncajuhy.com.br\/site\/wp-json\/wp\/v2\/posts\/40142\/revisions"}],"predecessor-version":[{"id":40179,"href":"https:\/\/blogdoeloiltoncajuhy.com.br\/site\/wp-json\/wp\/v2\/posts\/40142\/revisions\/40179"}],"wp:featuredmedia":[{"embeddable":true,"href":"https:\/\/blogdoeloiltoncajuhy.com.br\/site\/wp-json\/wp\/v2\/media\/40146"}],"wp:attachment":[{"href":"https:\/\/blogdoeloiltoncajuhy.com.br\/site\/wp-json\/wp\/v2\/media?parent=40142"}],"wp:term":[{"taxonomy":"category","embeddable":true,"href":"https:\/\/blogdoeloiltoncajuhy.com.br\/site\/wp-json\/wp\/v2\/categories?post=40142"},{"taxonomy":"post_tag","embeddable":true,"href":"https:\/\/blogdoeloiltoncajuhy.com.br\/site\/wp-json\/wp\/v2\/tags?post=40142"}],"curies":[{"name":"wp","href":"https:\/\/api.w.org\/{rel}","templated":true}]}}