{"id":40131,"date":"2020-01-08T22:10:21","date_gmt":"2020-01-09T01:10:21","guid":{"rendered":"http:\/\/blogdoeloiltoncajuhy.com.br\/site\/?p=40131"},"modified":"2020-01-08T22:10:27","modified_gmt":"2020-01-09T01:10:27","slug":"prefeito-participa-da-missa-de-abertura-das-celebracoes-da-festa-do-senhor-do-bonfim","status":"publish","type":"post","link":"https:\/\/blogdoeloiltoncajuhy.com.br\/site\/prefeito-participa-da-missa-de-abertura-das-celebracoes-da-festa-do-senhor-do-bonfim\/","title":{"rendered":"Prefeito participa da missa de abertura das celebra\u00e7\u00f5es da Festa do Senhor do Bonfim"},"content":{"rendered":"\n<p><strong>ASCOM &#8211; Prefeitura Municipal de Senhor do Bonfim &#8211; BA<\/strong><\/p>\n\n\n\n<div class=\"wp-block-image\"><figure class=\"aligncenter size-large is-resized\"><img data-recalc-dims=\"1\" fetchpriority=\"high\" decoding=\"async\" src=\"https:\/\/i0.wp.com\/blogdoeloiltoncajuhy.com.br\/site\/wp-content\/uploads\/2020\/01\/PMSB_FestaSenhorBonfim-2020.jpg?resize=480%2C320\" alt=\"\" class=\"wp-image-40132\" width=\"480\" height=\"320\" srcset=\"https:\/\/i0.wp.com\/blogdoeloiltoncajuhy.com.br\/site\/wp-content\/uploads\/2020\/01\/PMSB_FestaSenhorBonfim-2020.jpg?w=960&amp;ssl=1 960w, https:\/\/i0.wp.com\/blogdoeloiltoncajuhy.com.br\/site\/wp-content\/uploads\/2020\/01\/PMSB_FestaSenhorBonfim-2020.jpg?resize=300%2C200&amp;ssl=1 300w, https:\/\/i0.wp.com\/blogdoeloiltoncajuhy.com.br\/site\/wp-content\/uploads\/2020\/01\/PMSB_FestaSenhorBonfim-2020.jpg?resize=768%2C512&amp;ssl=1 768w, https:\/\/i0.wp.com\/blogdoeloiltoncajuhy.com.br\/site\/wp-content\/uploads\/2020\/01\/PMSB_FestaSenhorBonfim-2020.jpg?resize=250%2C167&amp;ssl=1 250w\" sizes=\"(max-width: 480px) 100vw, 480px\" \/><\/figure><\/div>\n\n\n\n<p>Aconteceu na \u00faltima ter\u00e7a feira, 7 de janeiro, a abertura das festividades em honra ao Excelso Padroeiro Senhor Bonfim. A Celebra\u00e7\u00e3o Eucar\u00edstica foi presidida na Catedral Diocesana pelo Bispo da Diocese de Juazeiro &#8211; Dom Carlos Alberto Breis Pereira, juntamente com diversas outras autoridades da Diocese de Bonfim.<\/p>\n\n\n\n<p>O evento contou com a fervorosa participa\u00e7\u00e3o de fieis. Entre eles estava o prefeito Carlos Brasileiro acompanhado da primeira-dama F\u00e1tima Brasileiro, o vice-prefeito Jos\u00e9 Ant\u00f4nio e sua esposa Neide Oliveira, al\u00e9m de secret\u00e1rios municipais.<\/p>\n\n\n\n<p>A programa\u00e7\u00e3o em homenagem ao Padroeiro Senhor do Bonfim segue at\u00e9 o dia 17 de janeiro. Segundo a devo\u00e7\u00e3o cat\u00f3lica, Senhor do Bonfim \u00e9 uma figura\u00e7\u00e3o de Jesus Cristo em que este \u00e9 venerado na vis\u00e3o de sua ascens\u00e3o (quando subiu ao C\u00e9u para estar junto do Pai e interceder por n\u00f3s).<\/p>\n","protected":false},"excerpt":{"rendered":"<p>ASCOM &#8211; Prefeitura Municipal de Senhor do Bonfim &#8211; BA Aconteceu na \u00faltima ter\u00e7a feira, 7 de janeiro, a abertura das festividades em honra ao Excelso Padroeiro Senhor Bonfim. A Celebra\u00e7\u00e3o Eucar\u00edstica foi presidida na Catedral Diocesana pelo Bispo da Diocese de Juazeiro &#8211; Dom Carlos Alberto Breis Pereira, juntamente com diversas outras autoridades da [&hellip;]<\/p>\n","protected":false},"author":2,"featured_media":40132,"comment_status":"open","ping_status":"open","sticky":false,"template":"","format":"standard","meta":{"_acf_changed":false,"_monsterinsights_skip_tracking":false,"_monsterinsights_sitenote_active":false,"_monsterinsights_sitenote_note":"","_monsterinsights_sitenote_category":0,"_jetpack_memberships_contains_paid_content":false,"footnotes":"","jetpack_publicize_message":"","jetpack_publicize_feature_enabled":true,"jetpack_social_post_already_shared":true,"jetpack_social_options":{"image_generator_settings":{"template":"highway","default_image_id":0,"font":"","enabled":false},"version":2}},"categories":[1,3,4],"tags":[],"class_list":["post-40131","post","type-post","status-publish","format-standard","has-post-thumbnail","hentry","category-noticias","category-politica","category-local"],"acf":[],"jetpack_publicize_connections":[],"jetpack_featured_media_url":"https:\/\/i0.wp.com\/blogdoeloiltoncajuhy.com.br\/site\/wp-content\/uploads\/2020\/01\/PMSB_FestaSenhorBonfim-2020.jpg?fit=960%2C640&ssl=1","jetpack_sharing_enabled":true,"publishpress_future_workflow_manual_trigger":{"enabledWorkflows":[]},"_links":{"self":[{"href":"https:\/\/blogdoeloiltoncajuhy.com.br\/site\/wp-json\/wp\/v2\/posts\/40131","targetHints":{"allow":["GET"]}}],"collection":[{"href":"https:\/\/blogdoeloiltoncajuhy.com.br\/site\/wp-json\/wp\/v2\/posts"}],"about":[{"href":"https:\/\/blogdoeloiltoncajuhy.com.br\/site\/wp-json\/wp\/v2\/types\/post"}],"author":[{"embeddable":true,"href":"https:\/\/blogdoeloiltoncajuhy.com.br\/site\/wp-json\/wp\/v2\/users\/2"}],"replies":[{"embeddable":true,"href":"https:\/\/blogdoeloiltoncajuhy.com.br\/site\/wp-json\/wp\/v2\/comments?post=40131"}],"version-history":[{"count":1,"href":"https:\/\/blogdoeloiltoncajuhy.com.br\/site\/wp-json\/wp\/v2\/posts\/40131\/revisions"}],"predecessor-version":[{"id":40133,"href":"https:\/\/blogdoeloiltoncajuhy.com.br\/site\/wp-json\/wp\/v2\/posts\/40131\/revisions\/40133"}],"wp:featuredmedia":[{"embeddable":true,"href":"https:\/\/blogdoeloiltoncajuhy.com.br\/site\/wp-json\/wp\/v2\/media\/40132"}],"wp:attachment":[{"href":"https:\/\/blogdoeloiltoncajuhy.com.br\/site\/wp-json\/wp\/v2\/media?parent=40131"}],"wp:term":[{"taxonomy":"category","embeddable":true,"href":"https:\/\/blogdoeloiltoncajuhy.com.br\/site\/wp-json\/wp\/v2\/categories?post=40131"},{"taxonomy":"post_tag","embeddable":true,"href":"https:\/\/blogdoeloiltoncajuhy.com.br\/site\/wp-json\/wp\/v2\/tags?post=40131"}],"curies":[{"name":"wp","href":"https:\/\/api.w.org\/{rel}","templated":true}]}}