{"id":40125,"date":"2020-01-08T15:21:28","date_gmt":"2020-01-08T18:21:28","guid":{"rendered":"http:\/\/blogdoeloiltoncajuhy.com.br\/site\/?p=40125"},"modified":"2020-01-08T15:21:33","modified_gmt":"2020-01-08T18:21:33","slug":"08-de-janeiro-dia-do-fotografo-e-da-fotografia","status":"publish","type":"post","link":"https:\/\/blogdoeloiltoncajuhy.com.br\/site\/08-de-janeiro-dia-do-fotografo-e-da-fotografia\/","title":{"rendered":"08 de janeiro &#8211; Dia do Fot\u00f3grafo e da Fotografia"},"content":{"rendered":"\n<p><strong>Minha Cidade &#8211; Senhor do Bonfim<\/strong><\/p>\n\n\n\n<div class=\"wp-block-image\"><figure class=\"aligncenter size-large is-resized\"><img fetchpriority=\"high\" decoding=\"async\" src=\"https:\/\/i0.wp.com\/blogdoeloiltoncajuhy.com.br\/site\/wp-content\/uploads\/2020\/01\/MauroCoelho.jpg?fit=590%2C590\" alt=\"\" class=\"wp-image-40126\" width=\"380\" height=\"380\" srcset=\"https:\/\/i0.wp.com\/blogdoeloiltoncajuhy.com.br\/site\/wp-content\/uploads\/2020\/01\/MauroCoelho.jpg?w=1182&amp;ssl=1 1182w, https:\/\/i0.wp.com\/blogdoeloiltoncajuhy.com.br\/site\/wp-content\/uploads\/2020\/01\/MauroCoelho.jpg?resize=300%2C300&amp;ssl=1 300w, https:\/\/i0.wp.com\/blogdoeloiltoncajuhy.com.br\/site\/wp-content\/uploads\/2020\/01\/MauroCoelho.jpg?resize=1024%2C1024&amp;ssl=1 1024w, https:\/\/i0.wp.com\/blogdoeloiltoncajuhy.com.br\/site\/wp-content\/uploads\/2020\/01\/MauroCoelho.jpg?resize=150%2C150&amp;ssl=1 150w, https:\/\/i0.wp.com\/blogdoeloiltoncajuhy.com.br\/site\/wp-content\/uploads\/2020\/01\/MauroCoelho.jpg?resize=768%2C768&amp;ssl=1 768w, https:\/\/i0.wp.com\/blogdoeloiltoncajuhy.com.br\/site\/wp-content\/uploads\/2020\/01\/MauroCoelho.jpg?resize=250%2C250&amp;ssl=1 250w, https:\/\/i0.wp.com\/blogdoeloiltoncajuhy.com.br\/site\/wp-content\/uploads\/2020\/01\/MauroCoelho.jpg?resize=48%2C48&amp;ssl=1 48w\" sizes=\"(max-width: 380px) 100vw, 380px\" \/><\/figure><\/div>\n\n\n\n<p>Nossa homenagem a todos os artistas bonfinenses que atrav\u00e9s de suas fotografias contam muito sobre a nossa hist\u00f3ria.<\/p>\n\n\n\n<p>Obrigado a Ceciliano de Carvalho, Buck Jones, Jo\u00e3o Batatinha, Noca, Jos\u00e9 Oliveira, Raimundo Couros, Mauro Coelho, Nivaldo Oliveira, Toinho, Z\u00e9 Relojoeiro, Marcos Ces\u00e1rio, Galego, Gil Artes, Jonas, S\u00e9rgio Merc\u00eas, Monac\u00e9s, Gilson Bezerra, Diogo Oliveira, Jefferson Ribeiro, Ricardo Lima, Roberto Cardoso, Daniela, Edivaldo e a todos que conseguem captar em uma fotografia o momento, a luz e o sentimento.<\/p>\n\n\n\n<p><strong><em>Foto: Sergio Emanoel Teixeira<\/em><\/strong><\/p>\n","protected":false},"excerpt":{"rendered":"<p>Minha Cidade &#8211; Senhor do Bonfim Nossa homenagem a todos os artistas bonfinenses que atrav\u00e9s de suas fotografias contam muito sobre a nossa hist\u00f3ria. Obrigado a Ceciliano de Carvalho, Buck Jones, Jo\u00e3o Batatinha, Noca, Jos\u00e9 Oliveira, Raimundo Couros, Mauro Coelho, Nivaldo Oliveira, Toinho, Z\u00e9 Relojoeiro, Marcos Ces\u00e1rio, Galego, Gil Artes, Jonas, S\u00e9rgio Merc\u00eas, Monac\u00e9s, Gilson [&hellip;]<\/p>\n","protected":false},"author":2,"featured_media":40126,"comment_status":"open","ping_status":"open","sticky":false,"template":"","format":"standard","meta":{"_acf_changed":false,"_monsterinsights_skip_tracking":false,"_monsterinsights_sitenote_active":false,"_monsterinsights_sitenote_note":"","_monsterinsights_sitenote_category":0,"_jetpack_memberships_contains_paid_content":false,"footnotes":"","jetpack_publicize_message":"","jetpack_publicize_feature_enabled":true,"jetpack_social_post_already_shared":true,"jetpack_social_options":{"image_generator_settings":{"template":"highway","default_image_id":0,"font":"","enabled":false},"version":2}},"categories":[8,1,4],"tags":[],"class_list":["post-40125","post","type-post","status-publish","format-standard","has-post-thumbnail","hentry","category-cultura","category-noticias","category-local"],"acf":[],"jetpack_publicize_connections":[],"jetpack_featured_media_url":"https:\/\/i0.wp.com\/blogdoeloiltoncajuhy.com.br\/site\/wp-content\/uploads\/2020\/01\/MauroCoelho.jpg?fit=1182%2C1182&ssl=1","jetpack_sharing_enabled":true,"publishpress_future_workflow_manual_trigger":{"enabledWorkflows":[]},"_links":{"self":[{"href":"https:\/\/blogdoeloiltoncajuhy.com.br\/site\/wp-json\/wp\/v2\/posts\/40125","targetHints":{"allow":["GET"]}}],"collection":[{"href":"https:\/\/blogdoeloiltoncajuhy.com.br\/site\/wp-json\/wp\/v2\/posts"}],"about":[{"href":"https:\/\/blogdoeloiltoncajuhy.com.br\/site\/wp-json\/wp\/v2\/types\/post"}],"author":[{"embeddable":true,"href":"https:\/\/blogdoeloiltoncajuhy.com.br\/site\/wp-json\/wp\/v2\/users\/2"}],"replies":[{"embeddable":true,"href":"https:\/\/blogdoeloiltoncajuhy.com.br\/site\/wp-json\/wp\/v2\/comments?post=40125"}],"version-history":[{"count":1,"href":"https:\/\/blogdoeloiltoncajuhy.com.br\/site\/wp-json\/wp\/v2\/posts\/40125\/revisions"}],"predecessor-version":[{"id":40127,"href":"https:\/\/blogdoeloiltoncajuhy.com.br\/site\/wp-json\/wp\/v2\/posts\/40125\/revisions\/40127"}],"wp:featuredmedia":[{"embeddable":true,"href":"https:\/\/blogdoeloiltoncajuhy.com.br\/site\/wp-json\/wp\/v2\/media\/40126"}],"wp:attachment":[{"href":"https:\/\/blogdoeloiltoncajuhy.com.br\/site\/wp-json\/wp\/v2\/media?parent=40125"}],"wp:term":[{"taxonomy":"category","embeddable":true,"href":"https:\/\/blogdoeloiltoncajuhy.com.br\/site\/wp-json\/wp\/v2\/categories?post=40125"},{"taxonomy":"post_tag","embeddable":true,"href":"https:\/\/blogdoeloiltoncajuhy.com.br\/site\/wp-json\/wp\/v2\/tags?post=40125"}],"curies":[{"name":"wp","href":"https:\/\/api.w.org\/{rel}","templated":true}]}}