{"id":40109,"date":"2020-01-08T06:58:52","date_gmt":"2020-01-08T09:58:52","guid":{"rendered":"http:\/\/blogdoeloiltoncajuhy.com.br\/site\/?p=40109"},"modified":"2020-01-08T06:58:57","modified_gmt":"2020-01-08T09:58:57","slug":"governador-rui-costa-tem-alta-e-ja-esta-em-salvador-apos-cirurgia-para-retirada-de-nodulo-mamario","status":"publish","type":"post","link":"https:\/\/blogdoeloiltoncajuhy.com.br\/site\/governador-rui-costa-tem-alta-e-ja-esta-em-salvador-apos-cirurgia-para-retirada-de-nodulo-mamario\/","title":{"rendered":"Governador Rui Costa tem alta e j\u00e1 est\u00e1 em Salvador ap\u00f3s cirurgia para retirada de n\u00f3dulo mam\u00e1rio"},"content":{"rendered":"\n<h5 class=\"has-text-align-center wp-block-heading\"><em>Rui teve alta no in\u00edcio da tarde desta ter\u00e7a-feira (7). Procedimento foi realizado no domingo (5), no Hospital S\u00edrio Liban\u00eas, onde o governador ficou internado<\/em><\/h5>\n\n\n\n<p><strong>Por G1 BA<\/strong><\/p>\n\n\n\n<div class=\"wp-block-image\"><figure class=\"aligncenter size-large is-resized\"><img data-recalc-dims=\"1\" fetchpriority=\"high\" decoding=\"async\" src=\"https:\/\/i0.wp.com\/blogdoeloiltoncajuhy.com.br\/site\/wp-content\/uploads\/2017\/08\/rui_Carol_Garcia_GOVBA.jpg?resize=493%2C328\" alt=\"\" class=\"wp-image-19382\" width=\"493\" height=\"328\" srcset=\"https:\/\/i0.wp.com\/blogdoeloiltoncajuhy.com.br\/site\/wp-content\/uploads\/2017\/08\/rui_Carol_Garcia_GOVBA.jpg?w=410&amp;ssl=1 410w, https:\/\/i0.wp.com\/blogdoeloiltoncajuhy.com.br\/site\/wp-content\/uploads\/2017\/08\/rui_Carol_Garcia_GOVBA.jpg?resize=300%2C200&amp;ssl=1 300w, https:\/\/i0.wp.com\/blogdoeloiltoncajuhy.com.br\/site\/wp-content\/uploads\/2017\/08\/rui_Carol_Garcia_GOVBA.jpg?resize=250%2C166&amp;ssl=1 250w\" sizes=\"(max-width: 493px) 100vw, 493px\" \/><figcaption>Foto: Carol Garcia \/ GOVBA<\/figcaption><\/figure><\/div>\n\n\n\n<p>O governador Rui Costa recebeu alta m\u00e9dica nesta ter\u00e7a-feira (7), depois de passar por cirurgia de retirada de um n\u00f3dulo na mama. Ele j\u00e1 est\u00e1 em Salvador, no Pal\u00e1cio do Alto de Ondina, resid\u00eancia oficial dos governadores da Bahia.<\/p>\n\n\n\n<p>Ele teve alta no in\u00edcio da tarde. De acordo com a Secretaria de Comunica\u00e7\u00e3o do Governo da Bahia (Secom-BA), Rui Costa s\u00f3 dever\u00e1 retomar as atividades ap\u00f3s libera\u00e7\u00e3o da equipe m\u00e9dica.<\/p>\n\n\n\n<p>Rui estava internado no Hospital S\u00edrio Liban\u00eas, em S\u00e3o Paulo, onde foi operado na manh\u00e3 de domingo (5). Al\u00e9m da retirada do n\u00f3dulo mam\u00e1rio, ele passou por uma ginecomastia, que \u00e9 a retirada das gl\u00e2ndulas mam\u00e1rias.<\/p>\n\n\n\n<p>A assessoria do governador informou que a necessidade da cirurgia havia sido identificada em dezembro do ano passado, depois que Rui Costa se queixou de dores.<\/p>\n\n\n\n<p>Na \u00e9poca, os exames realizados no governador identificaram um aumento benigno, por\u00e9m doloroso da gl\u00e2ndula mam\u00e1ria, por isso os m\u00e9dicos optaram pela retirada das duas gl\u00e2ndulas mam\u00e1rias, mesmo sem indica\u00e7\u00e3o de malignidade.<\/p>\n","protected":false},"excerpt":{"rendered":"<p>Rui teve alta no in\u00edcio da tarde desta ter\u00e7a-feira (7). Procedimento foi realizado no domingo (5), no Hospital S\u00edrio Liban\u00eas, onde o governador ficou internado Por G1 BA O governador Rui Costa recebeu alta m\u00e9dica nesta ter\u00e7a-feira (7), depois de passar por cirurgia de retirada de um n\u00f3dulo na mama. Ele j\u00e1 est\u00e1 em Salvador, [&hellip;]<\/p>\n","protected":false},"author":2,"featured_media":0,"comment_status":"open","ping_status":"open","sticky":false,"template":"","format":"standard","meta":{"_acf_changed":false,"_monsterinsights_skip_tracking":false,"_monsterinsights_sitenote_active":false,"_monsterinsights_sitenote_note":"","_monsterinsights_sitenote_category":0,"_jetpack_memberships_contains_paid_content":false,"footnotes":"","jetpack_publicize_message":"","jetpack_publicize_feature_enabled":true,"jetpack_social_post_already_shared":true,"jetpack_social_options":{"image_generator_settings":{"template":"highway","default_image_id":0,"font":"","enabled":false},"version":2}},"categories":[1,3],"tags":[],"class_list":["post-40109","post","type-post","status-publish","format-standard","hentry","category-noticias","category-politica"],"acf":[],"jetpack_publicize_connections":[],"jetpack_featured_media_url":"","jetpack_sharing_enabled":true,"publishpress_future_workflow_manual_trigger":{"enabledWorkflows":[]},"_links":{"self":[{"href":"https:\/\/blogdoeloiltoncajuhy.com.br\/site\/wp-json\/wp\/v2\/posts\/40109","targetHints":{"allow":["GET"]}}],"collection":[{"href":"https:\/\/blogdoeloiltoncajuhy.com.br\/site\/wp-json\/wp\/v2\/posts"}],"about":[{"href":"https:\/\/blogdoeloiltoncajuhy.com.br\/site\/wp-json\/wp\/v2\/types\/post"}],"author":[{"embeddable":true,"href":"https:\/\/blogdoeloiltoncajuhy.com.br\/site\/wp-json\/wp\/v2\/users\/2"}],"replies":[{"embeddable":true,"href":"https:\/\/blogdoeloiltoncajuhy.com.br\/site\/wp-json\/wp\/v2\/comments?post=40109"}],"version-history":[{"count":1,"href":"https:\/\/blogdoeloiltoncajuhy.com.br\/site\/wp-json\/wp\/v2\/posts\/40109\/revisions"}],"predecessor-version":[{"id":40110,"href":"https:\/\/blogdoeloiltoncajuhy.com.br\/site\/wp-json\/wp\/v2\/posts\/40109\/revisions\/40110"}],"wp:attachment":[{"href":"https:\/\/blogdoeloiltoncajuhy.com.br\/site\/wp-json\/wp\/v2\/media?parent=40109"}],"wp:term":[{"taxonomy":"category","embeddable":true,"href":"https:\/\/blogdoeloiltoncajuhy.com.br\/site\/wp-json\/wp\/v2\/categories?post=40109"},{"taxonomy":"post_tag","embeddable":true,"href":"https:\/\/blogdoeloiltoncajuhy.com.br\/site\/wp-json\/wp\/v2\/tags?post=40109"}],"curies":[{"name":"wp","href":"https:\/\/api.w.org\/{rel}","templated":true}]}}