{"id":40105,"date":"2020-01-08T06:49:26","date_gmt":"2020-01-08T09:49:26","guid":{"rendered":"http:\/\/blogdoeloiltoncajuhy.com.br\/site\/?p=40105"},"modified":"2020-01-08T06:49:33","modified_gmt":"2020-01-08T09:49:33","slug":"prefeito-de-senhor-do-bonfim-acompanha-inicio-das-obras-de-reforma-da-quadra-poliesportiva-no-distrito-de-carrapichel","status":"publish","type":"post","link":"https:\/\/blogdoeloiltoncajuhy.com.br\/site\/prefeito-de-senhor-do-bonfim-acompanha-inicio-das-obras-de-reforma-da-quadra-poliesportiva-no-distrito-de-carrapichel\/","title":{"rendered":"Prefeito de Senhor do Bonfim acompanha in\u00edcio das obras de reforma da quadra poliesportiva no distrito de Carrapichel"},"content":{"rendered":"\n<p><strong>ASCOM &#8211; Prefeitura de Senhor do Bonfim-BA<\/strong><\/p>\n\n\n\n<div class=\"wp-block-image\"><figure class=\"aligncenter size-large\"><img fetchpriority=\"high\" decoding=\"async\" width=\"1163\" height=\"654\" src=\"https:\/\/i1.wp.com\/blogdoeloiltoncajuhy.com.br\/site\/wp-content\/uploads\/2020\/01\/PMSB_ReformaQuadraCarrapichel.jpg?fit=590%2C332\" alt=\"\" class=\"wp-image-40106\" srcset=\"https:\/\/i0.wp.com\/blogdoeloiltoncajuhy.com.br\/site\/wp-content\/uploads\/2020\/01\/PMSB_ReformaQuadraCarrapichel.jpg?w=1163&amp;ssl=1 1163w, https:\/\/i0.wp.com\/blogdoeloiltoncajuhy.com.br\/site\/wp-content\/uploads\/2020\/01\/PMSB_ReformaQuadraCarrapichel.jpg?resize=300%2C169&amp;ssl=1 300w, https:\/\/i0.wp.com\/blogdoeloiltoncajuhy.com.br\/site\/wp-content\/uploads\/2020\/01\/PMSB_ReformaQuadraCarrapichel.jpg?resize=1024%2C576&amp;ssl=1 1024w, https:\/\/i0.wp.com\/blogdoeloiltoncajuhy.com.br\/site\/wp-content\/uploads\/2020\/01\/PMSB_ReformaQuadraCarrapichel.jpg?resize=768%2C432&amp;ssl=1 768w, https:\/\/i0.wp.com\/blogdoeloiltoncajuhy.com.br\/site\/wp-content\/uploads\/2020\/01\/PMSB_ReformaQuadraCarrapichel.jpg?resize=250%2C141&amp;ssl=1 250w\" sizes=\"(max-width: 800px) 100vw, 800px\" \/><\/figure><\/div>\n\n\n\n<p>O prefeito Carlos Brasileiro, acompanhado do vereador Herm\u00f3genes Almeida, e do diretor da Suporte Constru\u00e7\u00f5es, Nilson Ferreira, vistoriou nesta segunda-feira, 06 de janeiro, o in\u00edcio das obras de reforma da quadra poliesportiva da Escola professora Maria Eula Xavier, no distrito de Carrapichel.<\/p>\n\n\n\n<p>Na obra de recupera\u00e7\u00e3o ser\u00e1 realizada a troca do piso e do alambrado, coloca\u00e7\u00e3o de novas traves, ilumina\u00e7\u00e3o e pintura. A revitaliza\u00e7\u00e3o do espa\u00e7o ainda contempla uma rede de prote\u00e7\u00e3o para evitar que lances altos possam provocar a perda da bola.<\/p>\n\n\n\n<p>A expectativa da empresa respons\u00e1vel pela execu\u00e7\u00e3o \u00e9 que a obra seja conclu\u00edda e entregue antes do in\u00edcio do ano letivo, que come\u00e7a em fevereiro.<\/p>\n\n\n\n<p><em>\u201cAl\u00e9m de 900 mil reais que estamos investindo na reforma das escolas da rede municipal, estamos fazendo um investimento de cerca de 200 mil reais na reforma de quatro quadras: Tijua\u00e7u, Quic\u00e9, Miss\u00e3o do Sahy e esta de Carrapichel\u201d<\/em>, ressaltou Brasileiro durante visita.<\/p>\n\n\n\n<p>Ainda na manh\u00e3 desta segunda-feira, o Prefeito visitou o Mercado P\u00fablico de Carnes de Carrapichel. O espa\u00e7o tamb\u00e9m vai passar por uma ampla reforma em sua estrutura f\u00edsica interna e externa. O custo da reforma est\u00e1 estimado em R$ 40 mil.<\/p>\n\n\n\n<p>O mercado ser\u00e1 dotando de maior comodidade, conforto e higiene para os comerciantes e clientes. Os trabalhos de melhorias come\u00e7am nesta semana e a execu\u00e7\u00e3o da obra ficou a cargo da empresa Suporte Construtora.<\/p>\n\n\n\n<div class=\"wp-block-image\"><figure class=\"aligncenter size-large\"><img decoding=\"async\" width=\"1163\" height=\"654\" src=\"https:\/\/i1.wp.com\/blogdoeloiltoncajuhy.com.br\/site\/wp-content\/uploads\/2020\/01\/PMSB_ReformaMercadoCarrapichel.jpg?fit=590%2C332\" alt=\"\" class=\"wp-image-40107\" srcset=\"https:\/\/i0.wp.com\/blogdoeloiltoncajuhy.com.br\/site\/wp-content\/uploads\/2020\/01\/PMSB_ReformaMercadoCarrapichel.jpg?w=1163&amp;ssl=1 1163w, https:\/\/i0.wp.com\/blogdoeloiltoncajuhy.com.br\/site\/wp-content\/uploads\/2020\/01\/PMSB_ReformaMercadoCarrapichel.jpg?resize=300%2C169&amp;ssl=1 300w, https:\/\/i0.wp.com\/blogdoeloiltoncajuhy.com.br\/site\/wp-content\/uploads\/2020\/01\/PMSB_ReformaMercadoCarrapichel.jpg?resize=1024%2C576&amp;ssl=1 1024w, https:\/\/i0.wp.com\/blogdoeloiltoncajuhy.com.br\/site\/wp-content\/uploads\/2020\/01\/PMSB_ReformaMercadoCarrapichel.jpg?resize=768%2C432&amp;ssl=1 768w, https:\/\/i0.wp.com\/blogdoeloiltoncajuhy.com.br\/site\/wp-content\/uploads\/2020\/01\/PMSB_ReformaMercadoCarrapichel.jpg?resize=250%2C141&amp;ssl=1 250w\" sizes=\"(max-width: 800px) 100vw, 800px\" \/><\/figure><\/div>\n","protected":false},"excerpt":{"rendered":"<p>ASCOM &#8211; Prefeitura de Senhor do Bonfim-BA O prefeito Carlos Brasileiro, acompanhado do vereador Herm\u00f3genes Almeida, e do diretor da Suporte Constru\u00e7\u00f5es, Nilson Ferreira, vistoriou nesta segunda-feira, 06 de janeiro, o in\u00edcio das obras de reforma da quadra poliesportiva da Escola professora Maria Eula Xavier, no distrito de Carrapichel. Na obra de recupera\u00e7\u00e3o ser\u00e1 realizada [&hellip;]<\/p>\n","protected":false},"author":2,"featured_media":40107,"comment_status":"open","ping_status":"open","sticky":false,"template":"","format":"standard","meta":{"_acf_changed":false,"_monsterinsights_skip_tracking":false,"_monsterinsights_sitenote_active":false,"_monsterinsights_sitenote_note":"","_monsterinsights_sitenote_category":0,"_jetpack_memberships_contains_paid_content":false,"footnotes":"","jetpack_publicize_message":"","jetpack_publicize_feature_enabled":true,"jetpack_social_post_already_shared":true,"jetpack_social_options":{"image_generator_settings":{"template":"highway","default_image_id":0,"font":"","enabled":false},"version":2}},"categories":[1,3,4],"tags":[],"class_list":["post-40105","post","type-post","status-publish","format-standard","has-post-thumbnail","hentry","category-noticias","category-politica","category-local"],"acf":[],"jetpack_publicize_connections":[],"jetpack_featured_media_url":"https:\/\/i0.wp.com\/blogdoeloiltoncajuhy.com.br\/site\/wp-content\/uploads\/2020\/01\/PMSB_ReformaMercadoCarrapichel.jpg?fit=1163%2C654&ssl=1","jetpack_sharing_enabled":true,"publishpress_future_workflow_manual_trigger":{"enabledWorkflows":[]},"_links":{"self":[{"href":"https:\/\/blogdoeloiltoncajuhy.com.br\/site\/wp-json\/wp\/v2\/posts\/40105","targetHints":{"allow":["GET"]}}],"collection":[{"href":"https:\/\/blogdoeloiltoncajuhy.com.br\/site\/wp-json\/wp\/v2\/posts"}],"about":[{"href":"https:\/\/blogdoeloiltoncajuhy.com.br\/site\/wp-json\/wp\/v2\/types\/post"}],"author":[{"embeddable":true,"href":"https:\/\/blogdoeloiltoncajuhy.com.br\/site\/wp-json\/wp\/v2\/users\/2"}],"replies":[{"embeddable":true,"href":"https:\/\/blogdoeloiltoncajuhy.com.br\/site\/wp-json\/wp\/v2\/comments?post=40105"}],"version-history":[{"count":1,"href":"https:\/\/blogdoeloiltoncajuhy.com.br\/site\/wp-json\/wp\/v2\/posts\/40105\/revisions"}],"predecessor-version":[{"id":40108,"href":"https:\/\/blogdoeloiltoncajuhy.com.br\/site\/wp-json\/wp\/v2\/posts\/40105\/revisions\/40108"}],"wp:featuredmedia":[{"embeddable":true,"href":"https:\/\/blogdoeloiltoncajuhy.com.br\/site\/wp-json\/wp\/v2\/media\/40107"}],"wp:attachment":[{"href":"https:\/\/blogdoeloiltoncajuhy.com.br\/site\/wp-json\/wp\/v2\/media?parent=40105"}],"wp:term":[{"taxonomy":"category","embeddable":true,"href":"https:\/\/blogdoeloiltoncajuhy.com.br\/site\/wp-json\/wp\/v2\/categories?post=40105"},{"taxonomy":"post_tag","embeddable":true,"href":"https:\/\/blogdoeloiltoncajuhy.com.br\/site\/wp-json\/wp\/v2\/tags?post=40105"}],"curies":[{"name":"wp","href":"https:\/\/api.w.org\/{rel}","templated":true}]}}