{"id":40101,"date":"2020-01-07T18:49:20","date_gmt":"2020-01-07T21:49:20","guid":{"rendered":"http:\/\/blogdoeloiltoncajuhy.com.br\/site\/?p=40101"},"modified":"2020-01-07T18:49:27","modified_gmt":"2020-01-07T21:49:27","slug":"inscricoes-para-processo-seletivo-de-formadores-permanecem-abertas-ate-dia-15","status":"publish","type":"post","link":"https:\/\/blogdoeloiltoncajuhy.com.br\/site\/inscricoes-para-processo-seletivo-de-formadores-permanecem-abertas-ate-dia-15\/","title":{"rendered":"Inscri\u00e7\u00f5es para processo seletivo de formadores permanecem abertas at\u00e9 dia 15"},"content":{"rendered":"\n<p><strong>Fonte: Ascom\/Instituto An\u00edsio Teixeira (IAT)<\/strong><\/p>\n\n\n\n<div class=\"wp-block-image\"><figure class=\"aligncenter size-large\"><img data-recalc-dims=\"1\" fetchpriority=\"high\" decoding=\"async\" width=\"500\" height=\"340\" src=\"https:\/\/i0.wp.com\/blogdoeloiltoncajuhy.com.br\/site\/wp-content\/uploads\/2017\/01\/AULAS-e1484741199199.jpg?resize=500%2C340\" alt=\"\" class=\"wp-image-14813\"\/><\/figure><\/div>\n\n\n\n<p> As inscri\u00e7\u00f5es para Processo Seletivo Interno de Profissionais da Educa\u00e7\u00e3o para atuarem como Formadores no Plano de Forma\u00e7\u00e3o Continuada 2020-2023 seguem abertas at\u00e9 o dia 15\/01. O processo seletivo, uma iniciativa da Secretaria da Educa\u00e7\u00e3o, por meio do Instituto An\u00edsio Teixeira, selecionar\u00e1 120 educadores que atuar\u00e3o nos 27 Territ\u00f3rios de Identidade da Bahia. As inscri\u00e7\u00f5es devem ser feitas no<strong><a href=\"http:\/\/educadores.educacao.ba.gov.br\/selecaodeformadores2020\"> <em>Portal da Educa\u00e7\u00e3o<\/em><\/a><\/strong>.<\/p>\n\n\n\n<p>De acordo com o edital 009\/2019, al\u00e9m dos profissionais da rede estadual, tamb\u00e9m poder\u00e3o participar do processo seletivo, educadores efetivos das Universidades Estaduais da Bahia e dos N\u00facleos Territoriais de Educa\u00e7\u00e3o (NTE). O candidato selecionado atuar\u00e1 como formador junto aos diretores escolares, coordenadores pedag\u00f3gicos, equipes t\u00e9cnicas e professores das redes municipais e estadual no Territ\u00f3rio de Identidade onde j\u00e1 exerce sua fun\u00e7\u00e3o.<\/p>\n\n\n\n<p class=\"has-medium-font-size\"><strong><a href=\"http:\/\/educadores.educacao.ba.gov.br\/selecaodeformadores2020\"><em>\u00a0Confira o Edital 009\/2019<\/em><\/a><\/strong><\/p>\n\n\n\n<p>Para o secret\u00e1rio da Educa\u00e7\u00e3o do Estado, Jer\u00f4nimo Rodrigues, ter a Forma\u00e7\u00e3o Continuada acontecendo nos 27 Territ\u00f3rios de Identidade \u00e9 uma agenda importante para a melhoria dos indicadores. <em>\u201cNossa expectativa para 2020 \u00e9 muito grande. Vamos consolidar a Forma\u00e7\u00e3o Continuada como uma estrat\u00e9gia indispens\u00e1vel para a melhoria da aprendizagem dos nossos estudantes\u201d<\/em>, pontuou.<\/p>\n\n\n\n<p>O secret\u00e1rio tamb\u00e9m destacou que a parceria de institui\u00e7\u00f5es como a UPB, UNDIME, das UEBAs, CEE, UNCME, FEEBA, FORPROF e dos Colegiados Territoriais, foi fundamental para a concretiza\u00e7\u00e3o do regime de colabora\u00e7\u00e3o com os munic\u00edpios.<\/p>\n\n\n\n<p>A diretora geral do Instituto An\u00edsio Teixeira, Cybele Amado de Oliveira, destaca que a meta da Forma\u00e7\u00e3o Continuada \u00e9 alcan\u00e7ar 6,6 mil educadores. <em>\u201cEstamos trabalhando de forma singular, unindo esfor\u00e7os com os munic\u00edpios, com as Universidades e parceiros para a forma\u00e7\u00e3o, com foco no 6\u00ba ao 9\u00aa ano e no Ensino M\u00e9dio\u201d<\/em>, destacou. Ainda de acordo com a diretora, a Forma\u00e7\u00e3o Continuada \u00e9 ancorada em pilares como Curr\u00edculo, Avalia\u00e7\u00e3o e Pr\u00e1ticas Pedag\u00f3gicas.<\/p>\n","protected":false},"excerpt":{"rendered":"<p>Fonte: Ascom\/Instituto An\u00edsio Teixeira (IAT) As inscri\u00e7\u00f5es para Processo Seletivo Interno de Profissionais da Educa\u00e7\u00e3o para atuarem como Formadores no Plano de Forma\u00e7\u00e3o Continuada 2020-2023 seguem abertas at\u00e9 o dia 15\/01. O processo seletivo, uma iniciativa da Secretaria da Educa\u00e7\u00e3o, por meio do Instituto An\u00edsio Teixeira, selecionar\u00e1 120 educadores que atuar\u00e3o nos 27 Territ\u00f3rios de [&hellip;]<\/p>\n","protected":false},"author":2,"featured_media":0,"comment_status":"open","ping_status":"open","sticky":false,"template":"","format":"standard","meta":{"_acf_changed":false,"_monsterinsights_skip_tracking":false,"_monsterinsights_sitenote_active":false,"_monsterinsights_sitenote_note":"","_monsterinsights_sitenote_category":0,"_jetpack_memberships_contains_paid_content":false,"footnotes":"","jetpack_publicize_message":"","jetpack_publicize_feature_enabled":true,"jetpack_social_post_already_shared":true,"jetpack_social_options":{"image_generator_settings":{"template":"highway","default_image_id":0,"font":"","enabled":false},"version":2}},"categories":[14,1],"tags":[],"class_list":["post-40101","post","type-post","status-publish","format-standard","hentry","category-educacao","category-noticias"],"acf":[],"jetpack_publicize_connections":[],"jetpack_featured_media_url":"","jetpack_sharing_enabled":true,"publishpress_future_workflow_manual_trigger":{"enabledWorkflows":[]},"_links":{"self":[{"href":"https:\/\/blogdoeloiltoncajuhy.com.br\/site\/wp-json\/wp\/v2\/posts\/40101","targetHints":{"allow":["GET"]}}],"collection":[{"href":"https:\/\/blogdoeloiltoncajuhy.com.br\/site\/wp-json\/wp\/v2\/posts"}],"about":[{"href":"https:\/\/blogdoeloiltoncajuhy.com.br\/site\/wp-json\/wp\/v2\/types\/post"}],"author":[{"embeddable":true,"href":"https:\/\/blogdoeloiltoncajuhy.com.br\/site\/wp-json\/wp\/v2\/users\/2"}],"replies":[{"embeddable":true,"href":"https:\/\/blogdoeloiltoncajuhy.com.br\/site\/wp-json\/wp\/v2\/comments?post=40101"}],"version-history":[{"count":1,"href":"https:\/\/blogdoeloiltoncajuhy.com.br\/site\/wp-json\/wp\/v2\/posts\/40101\/revisions"}],"predecessor-version":[{"id":40102,"href":"https:\/\/blogdoeloiltoncajuhy.com.br\/site\/wp-json\/wp\/v2\/posts\/40101\/revisions\/40102"}],"wp:attachment":[{"href":"https:\/\/blogdoeloiltoncajuhy.com.br\/site\/wp-json\/wp\/v2\/media?parent=40101"}],"wp:term":[{"taxonomy":"category","embeddable":true,"href":"https:\/\/blogdoeloiltoncajuhy.com.br\/site\/wp-json\/wp\/v2\/categories?post=40101"},{"taxonomy":"post_tag","embeddable":true,"href":"https:\/\/blogdoeloiltoncajuhy.com.br\/site\/wp-json\/wp\/v2\/tags?post=40101"}],"curies":[{"name":"wp","href":"https:\/\/api.w.org\/{rel}","templated":true}]}}