{"id":40088,"date":"2020-01-07T07:31:52","date_gmt":"2020-01-07T10:31:52","guid":{"rendered":"http:\/\/blogdoeloiltoncajuhy.com.br\/site\/?p=40088"},"modified":"2020-01-07T07:31:58","modified_gmt":"2020-01-07T10:31:58","slug":"sistema-de-abastecimento-de-agua-ampliado-beneficia-centenas-de-familias-na-zona-rural-de-senhor-do-bonfim","status":"publish","type":"post","link":"https:\/\/blogdoeloiltoncajuhy.com.br\/site\/sistema-de-abastecimento-de-agua-ampliado-beneficia-centenas-de-familias-na-zona-rural-de-senhor-do-bonfim\/","title":{"rendered":"Sistema de abastecimento de \u00e1gua ampliado beneficia centenas de fam\u00edlias na zona rural de Senhor do Bonfim"},"content":{"rendered":"\n<p><strong>ASCOM &#8211; Prefeitura de Senhor do Bonfim-BA<\/strong><\/p>\n\n\n\n<div class=\"wp-block-image\"><figure class=\"aligncenter size-large\"><img data-recalc-dims=\"1\" fetchpriority=\"high\" decoding=\"async\" width=\"800\" height=\"533\" src=\"https:\/\/i0.wp.com\/blogdoeloiltoncajuhy.com.br\/site\/wp-content\/uploads\/2020\/01\/PMSB_AguaCanavieira-CampoComprido.jpg?resize=800%2C533\" alt=\"\" class=\"wp-image-40089\" srcset=\"https:\/\/i0.wp.com\/blogdoeloiltoncajuhy.com.br\/site\/wp-content\/uploads\/2020\/01\/PMSB_AguaCanavieira-CampoComprido.jpg?w=960&amp;ssl=1 960w, https:\/\/i0.wp.com\/blogdoeloiltoncajuhy.com.br\/site\/wp-content\/uploads\/2020\/01\/PMSB_AguaCanavieira-CampoComprido.jpg?resize=300%2C200&amp;ssl=1 300w, https:\/\/i0.wp.com\/blogdoeloiltoncajuhy.com.br\/site\/wp-content\/uploads\/2020\/01\/PMSB_AguaCanavieira-CampoComprido.jpg?resize=768%2C512&amp;ssl=1 768w, https:\/\/i0.wp.com\/blogdoeloiltoncajuhy.com.br\/site\/wp-content\/uploads\/2020\/01\/PMSB_AguaCanavieira-CampoComprido.jpg?resize=250%2C167&amp;ssl=1 250w\" sizes=\"(max-width: 800px) 100vw, 800px\" \/><\/figure><\/div>\n\n\n\n<p>O sistema de abastecimento de \u00e1gua ampliado nas comunidades rurais de Canavieira e Campo Comprido est\u00e1 beneficiando mais de 300 fam\u00edlias na zona rural de Senhor do Bonfim.<\/p>\n\n\n\n<p>O sistema instalado pela Embasa tem cerca de 15 quil\u00f4metros e inclui reservat\u00f3rio de \u00e1gua, rede de distribui\u00e7\u00e3o e liga\u00e7\u00f5es domiciliares. <em>\u201cA proposta \u00e9 levar \u00e1gua pot\u00e1vel de qualidade \u00e0s comunidades que ainda n\u00e3o usufruem desse benef\u00edcio essencial\u201d<\/em>, comentou o diretor regional da Embasa, Raimundo Nonato Azevedo.<\/p>\n\n\n\n<p>Muitos moradores esperavam h\u00e1 d\u00e9cadas a rede de \u00e1gua pot\u00e1vel. <em>\u201cDeus sabe o quanto eu pedi que esse dia chegasse, o dia que eu teria \u00e1gua saindo das torneiras da minha casa\u201d<\/em>, diz agradecido o magarefe Jos\u00e9 Neto Sobrinho.<\/p>\n\n\n\n<p>Ele e a esposa Raimunda Sobrinho moram na Comunidade de Campo Comprido. <em>\u201cAgora eu vou fazer a minha comida, lavar a roupa e tomar um banho sem esfor\u00e7o\u201d<\/em>, ressalta dona Raimunda.<\/p>\n\n\n\n<p>A execu\u00e7\u00e3o da obra custou R$ 727 mil e \u00e9 resultado do contrato de renova\u00e7\u00e3o da concess\u00e3o dos servi\u00e7os de \u00e1gua e esgotamento sanit\u00e1rio entre a prefeitura de Senhor do Bonfim e a Empresa Baiana de \u00c1gua e Saneamento S.A (Embasa).<\/p>\n\n\n\n<p>Segundo o prefeito Carlos Brasileiro, a parceria garante \u00e1gua tratada para zona rural, e ainda assegura mais de R$ 65 milh\u00f5es para implanta\u00e7\u00e3o do esgotamento sanit\u00e1rio em toda \u00e1rea urbana da cidade.<\/p>\n\n\n\n<p><em>&#8220;Hoje nos povoados de Canavieira e Campo Cumprido n\u00f3s conseguimos eliminar o problema da falta de \u00e1gua encanada nas resid\u00eancias, e acabar com o supl\u00edcio dos moradores. Este foi mais um passo para universaliza\u00e7\u00e3o da \u00e1gua no interior do munic\u00edpio. Estamos muito felizes\u201d<\/em>, pontua o prefeito.<\/p>\n\n\n\n<div class=\"wp-block-image\"><figure class=\"aligncenter size-large is-resized\"><img data-recalc-dims=\"1\" decoding=\"async\" src=\"https:\/\/i0.wp.com\/blogdoeloiltoncajuhy.com.br\/site\/wp-content\/uploads\/2020\/01\/PMSB_AguaCanavieira-CampoComprido_02.jpg?resize=470%2C390\" alt=\"\" class=\"wp-image-40090\" width=\"470\" height=\"390\" srcset=\"https:\/\/i0.wp.com\/blogdoeloiltoncajuhy.com.br\/site\/wp-content\/uploads\/2020\/01\/PMSB_AguaCanavieira-CampoComprido_02.jpg?w=768&amp;ssl=1 768w, https:\/\/i0.wp.com\/blogdoeloiltoncajuhy.com.br\/site\/wp-content\/uploads\/2020\/01\/PMSB_AguaCanavieira-CampoComprido_02.jpg?resize=300%2C249&amp;ssl=1 300w, https:\/\/i0.wp.com\/blogdoeloiltoncajuhy.com.br\/site\/wp-content\/uploads\/2020\/01\/PMSB_AguaCanavieira-CampoComprido_02.jpg?resize=250%2C207&amp;ssl=1 250w\" sizes=\"(max-width: 470px) 100vw, 470px\" \/><\/figure><\/div>\n\n\n\n<p>Atualmente, falta menos de quatro por cento de comunidades rurais do munic\u00edpio sem \u00e1gua tratada e de qualidade vinda das barragens do Rio da Prata, Ponto Novo e Aipim. As localidades beneficiadas ficam na regi\u00e3o do distrito de Carrapichel.<\/p>\n\n\n\n<p>A amplia\u00e7\u00e3o do sistema de \u00e1gua teve forte apoio do deputado estadual Bob\u00f4. A inaugura\u00e7\u00e3o aconteceu em dezembro passado e contou com a presen\u00e7a do vice-prefeito, Jos\u00e9 Ant\u00f4nio, de secret\u00e1rios municipais e representantes, dos vereadores Mimo, R\u00e9 do Sindicato, Herm\u00f3genes Almeida e Lucia Cerqueira, do presidente da Associa\u00e7\u00f5es de Moradores de Canavieira, Genilson Pereira da Silva (Quinho), e de Campo Comprido, Maria Ivoneide Alves de Souza, al\u00e9m de moradores das comunidades beneficiadas.<\/p>\n","protected":false},"excerpt":{"rendered":"<p>ASCOM &#8211; Prefeitura de Senhor do Bonfim-BA O sistema de abastecimento de \u00e1gua ampliado nas comunidades rurais de Canavieira e Campo Comprido est\u00e1 beneficiando mais de 300 fam\u00edlias na zona rural de Senhor do Bonfim. O sistema instalado pela Embasa tem cerca de 15 quil\u00f4metros e inclui reservat\u00f3rio de \u00e1gua, rede de distribui\u00e7\u00e3o e liga\u00e7\u00f5es [&hellip;]<\/p>\n","protected":false},"author":2,"featured_media":40090,"comment_status":"open","ping_status":"open","sticky":false,"template":"","format":"standard","meta":{"_acf_changed":false,"_monsterinsights_skip_tracking":false,"_monsterinsights_sitenote_active":false,"_monsterinsights_sitenote_note":"","_monsterinsights_sitenote_category":0,"_jetpack_memberships_contains_paid_content":false,"footnotes":"","jetpack_publicize_message":"","jetpack_publicize_feature_enabled":true,"jetpack_social_post_already_shared":true,"jetpack_social_options":{"image_generator_settings":{"template":"highway","default_image_id":0,"font":"","enabled":false},"version":2}},"categories":[1,3,4],"tags":[],"class_list":["post-40088","post","type-post","status-publish","format-standard","has-post-thumbnail","hentry","category-noticias","category-politica","category-local"],"acf":[],"jetpack_publicize_connections":[],"jetpack_featured_media_url":"https:\/\/i0.wp.com\/blogdoeloiltoncajuhy.com.br\/site\/wp-content\/uploads\/2020\/01\/PMSB_AguaCanavieira-CampoComprido_02.jpg?fit=768%2C637&ssl=1","jetpack_sharing_enabled":true,"publishpress_future_workflow_manual_trigger":{"enabledWorkflows":[]},"_links":{"self":[{"href":"https:\/\/blogdoeloiltoncajuhy.com.br\/site\/wp-json\/wp\/v2\/posts\/40088","targetHints":{"allow":["GET"]}}],"collection":[{"href":"https:\/\/blogdoeloiltoncajuhy.com.br\/site\/wp-json\/wp\/v2\/posts"}],"about":[{"href":"https:\/\/blogdoeloiltoncajuhy.com.br\/site\/wp-json\/wp\/v2\/types\/post"}],"author":[{"embeddable":true,"href":"https:\/\/blogdoeloiltoncajuhy.com.br\/site\/wp-json\/wp\/v2\/users\/2"}],"replies":[{"embeddable":true,"href":"https:\/\/blogdoeloiltoncajuhy.com.br\/site\/wp-json\/wp\/v2\/comments?post=40088"}],"version-history":[{"count":1,"href":"https:\/\/blogdoeloiltoncajuhy.com.br\/site\/wp-json\/wp\/v2\/posts\/40088\/revisions"}],"predecessor-version":[{"id":40091,"href":"https:\/\/blogdoeloiltoncajuhy.com.br\/site\/wp-json\/wp\/v2\/posts\/40088\/revisions\/40091"}],"wp:featuredmedia":[{"embeddable":true,"href":"https:\/\/blogdoeloiltoncajuhy.com.br\/site\/wp-json\/wp\/v2\/media\/40090"}],"wp:attachment":[{"href":"https:\/\/blogdoeloiltoncajuhy.com.br\/site\/wp-json\/wp\/v2\/media?parent=40088"}],"wp:term":[{"taxonomy":"category","embeddable":true,"href":"https:\/\/blogdoeloiltoncajuhy.com.br\/site\/wp-json\/wp\/v2\/categories?post=40088"},{"taxonomy":"post_tag","embeddable":true,"href":"https:\/\/blogdoeloiltoncajuhy.com.br\/site\/wp-json\/wp\/v2\/tags?post=40088"}],"curies":[{"name":"wp","href":"https:\/\/api.w.org\/{rel}","templated":true}]}}