{"id":40065,"date":"2020-01-05T20:51:30","date_gmt":"2020-01-05T23:51:30","guid":{"rendered":"http:\/\/blogdoeloiltoncajuhy.com.br\/site\/?p=40065"},"modified":"2020-01-05T20:51:36","modified_gmt":"2020-01-05T23:51:36","slug":"projeto-que-cria-selo-nacional-da-agricultura-familiar-esta-pronto-para-votacao-no-plenario-do-senado","status":"publish","type":"post","link":"https:\/\/blogdoeloiltoncajuhy.com.br\/site\/projeto-que-cria-selo-nacional-da-agricultura-familiar-esta-pronto-para-votacao-no-plenario-do-senado\/","title":{"rendered":"Projeto que cria Selo Nacional da Agricultura Familiar est\u00e1 pronto para vota\u00e7\u00e3o no plen\u00e1rio do Senado"},"content":{"rendered":"\n<h5 class=\"has-text-align-center wp-block-heading\"><em>O objetivo da proposta \u00e9 fortalecer a identidade do setor junto aos consumidores<\/em><\/h5>\n\n\n\n<p><strong>Raquel Teixeira &#8211; R\u00e1dio Senado<\/strong><\/p>\n\n\n\n<div class=\"wp-block-image\"><figure class=\"aligncenter size-large\"><img data-recalc-dims=\"1\" fetchpriority=\"high\" decoding=\"async\" width=\"676\" height=\"450\" src=\"https:\/\/i0.wp.com\/blogdoeloiltoncajuhy.com.br\/site\/wp-content\/uploads\/2020\/01\/AgriculturaFamiliar61-59.jpeg?resize=676%2C450\" alt=\"\" class=\"wp-image-40066\" srcset=\"https:\/\/i0.wp.com\/blogdoeloiltoncajuhy.com.br\/site\/wp-content\/uploads\/2020\/01\/AgriculturaFamiliar61-59.jpeg?w=676&amp;ssl=1 676w, https:\/\/i0.wp.com\/blogdoeloiltoncajuhy.com.br\/site\/wp-content\/uploads\/2020\/01\/AgriculturaFamiliar61-59.jpeg?resize=300%2C200&amp;ssl=1 300w, https:\/\/i0.wp.com\/blogdoeloiltoncajuhy.com.br\/site\/wp-content\/uploads\/2020\/01\/AgriculturaFamiliar61-59.jpeg?resize=250%2C166&amp;ssl=1 250w\" sizes=\"(max-width: 676px) 100vw, 676px\" \/><figcaption>Foto: Albino Oliveira\/agricultura.gov.br<\/figcaption><\/figure><\/div>\n\n\n\n<p>O selo \u00e9 uma certifica\u00e7\u00e3o da origem e das caracter\u00edsticas artesanais da agricultura familiar brasileira, que garante a qualidade do produto e promove o fortalecimento de empreendedores e pequenas cooperativas rurais. A senadora Eliziane Gama, do Cidadania do Maranh\u00e3o, explica que essa identifica\u00e7\u00e3o j\u00e1 existe em algumas regi\u00f5es do pa\u00eds e pode dar mais seguran\u00e7a aos consumidores. A ideia \u00e9 ampliar o alcance da certifica\u00e7\u00e3o.<\/p>\n\n\n\n<p><em>&#8220;O ent\u00e3o Minist\u00e9rio do Desenvolvimento Agr\u00e1rio j\u00e1 havia institu\u00eddo o Selo de Identifica\u00e7\u00e3o da Participa\u00e7\u00e3o da Agricultura Familiar, dispondo sobre os crit\u00e9rios e procedimentos relativos \u00e0 permiss\u00e3o, manuten\u00e7\u00e3o e extin\u00e7\u00e3o de uso. H\u00e1 que se levar em conta a experi\u00eancia j\u00e1 bem-sucedida pela pol\u00edtica, nos \u00faltimos 10 anos&#8221;<\/em>, disse a senadora.<\/p>\n\n\n\n<p>Para o senador Esperidi\u00e3o Amin, do PP de Santa Catarina, a marca d\u00e1 mais competitividade aos pequenos produtores brasileiros. <em>&#8220;Esse \u00e9 um projeto que aprimora a competitividade e a valoriza\u00e7\u00e3o do produto da agricultura familiar. Se tiver uma marca, se tiver um selo de qualidade para esse tipo de produ\u00e7\u00e3o isso vai significar valor agregado&#8221;<\/em>, falou Amin.<\/p>\n\n\n\n<p>O Projeto de Lei da C\u00e2mara 136 de 2018 j\u00e1 foi aprovado pela Comiss\u00e3o de Agricultura e Reforma Agr\u00e1ria, na forma de um substitutivo, ou seja, um texto que fez altera\u00e7\u00f5es significativas na proposta original. A mat\u00e9ria agora est\u00e1 pronta para vota\u00e7\u00e3o no plen\u00e1rio do Senado.<\/p>\n","protected":false},"excerpt":{"rendered":"<p>O objetivo da proposta \u00e9 fortalecer a identidade do setor junto aos consumidores Raquel Teixeira &#8211; R\u00e1dio Senado O selo \u00e9 uma certifica\u00e7\u00e3o da origem e das caracter\u00edsticas artesanais da agricultura familiar brasileira, que garante a qualidade do produto e promove o fortalecimento de empreendedores e pequenas cooperativas rurais. A senadora Eliziane Gama, do Cidadania [&hellip;]<\/p>\n","protected":false},"author":2,"featured_media":40066,"comment_status":"open","ping_status":"open","sticky":false,"template":"","format":"standard","meta":{"_acf_changed":false,"_monsterinsights_skip_tracking":false,"_monsterinsights_sitenote_active":false,"_monsterinsights_sitenote_note":"","_monsterinsights_sitenote_category":0,"_jetpack_memberships_contains_paid_content":false,"footnotes":"","jetpack_publicize_message":"","jetpack_publicize_feature_enabled":true,"jetpack_social_post_already_shared":true,"jetpack_social_options":{"image_generator_settings":{"template":"highway","default_image_id":0,"font":"","enabled":false},"version":2}},"categories":[1,3],"tags":[],"class_list":["post-40065","post","type-post","status-publish","format-standard","has-post-thumbnail","hentry","category-noticias","category-politica"],"acf":[],"jetpack_publicize_connections":[],"jetpack_featured_media_url":"https:\/\/i0.wp.com\/blogdoeloiltoncajuhy.com.br\/site\/wp-content\/uploads\/2020\/01\/AgriculturaFamiliar61-59.jpeg?fit=676%2C450&ssl=1","jetpack_sharing_enabled":true,"publishpress_future_workflow_manual_trigger":{"enabledWorkflows":[]},"_links":{"self":[{"href":"https:\/\/blogdoeloiltoncajuhy.com.br\/site\/wp-json\/wp\/v2\/posts\/40065","targetHints":{"allow":["GET"]}}],"collection":[{"href":"https:\/\/blogdoeloiltoncajuhy.com.br\/site\/wp-json\/wp\/v2\/posts"}],"about":[{"href":"https:\/\/blogdoeloiltoncajuhy.com.br\/site\/wp-json\/wp\/v2\/types\/post"}],"author":[{"embeddable":true,"href":"https:\/\/blogdoeloiltoncajuhy.com.br\/site\/wp-json\/wp\/v2\/users\/2"}],"replies":[{"embeddable":true,"href":"https:\/\/blogdoeloiltoncajuhy.com.br\/site\/wp-json\/wp\/v2\/comments?post=40065"}],"version-history":[{"count":1,"href":"https:\/\/blogdoeloiltoncajuhy.com.br\/site\/wp-json\/wp\/v2\/posts\/40065\/revisions"}],"predecessor-version":[{"id":40067,"href":"https:\/\/blogdoeloiltoncajuhy.com.br\/site\/wp-json\/wp\/v2\/posts\/40065\/revisions\/40067"}],"wp:featuredmedia":[{"embeddable":true,"href":"https:\/\/blogdoeloiltoncajuhy.com.br\/site\/wp-json\/wp\/v2\/media\/40066"}],"wp:attachment":[{"href":"https:\/\/blogdoeloiltoncajuhy.com.br\/site\/wp-json\/wp\/v2\/media?parent=40065"}],"wp:term":[{"taxonomy":"category","embeddable":true,"href":"https:\/\/blogdoeloiltoncajuhy.com.br\/site\/wp-json\/wp\/v2\/categories?post=40065"},{"taxonomy":"post_tag","embeddable":true,"href":"https:\/\/blogdoeloiltoncajuhy.com.br\/site\/wp-json\/wp\/v2\/tags?post=40065"}],"curies":[{"name":"wp","href":"https:\/\/api.w.org\/{rel}","templated":true}]}}