{"id":40062,"date":"2020-01-05T20:26:05","date_gmt":"2020-01-05T23:26:05","guid":{"rendered":"http:\/\/blogdoeloiltoncajuhy.com.br\/site\/?p=40062"},"modified":"2020-01-05T20:26:11","modified_gmt":"2020-01-05T23:26:11","slug":"rui-costa-passa-por-cirurgia-em-sao-paulo-para-retirada-de-nodulo-mamario","status":"publish","type":"post","link":"https:\/\/blogdoeloiltoncajuhy.com.br\/site\/rui-costa-passa-por-cirurgia-em-sao-paulo-para-retirada-de-nodulo-mamario\/","title":{"rendered":"Rui Costa passa por cirurgia em S\u00e3o Paulo para retirada de n\u00f3dulo mam\u00e1rio"},"content":{"rendered":"\n<h5 class=\"has-text-align-center wp-block-heading\"><em>Segundo assessoria, governador passou por procedimento na manh\u00e3 deste domingo (5), no Hospital S\u00edrio Liban\u00eas, onde est\u00e1 internado e passa bem<\/em><\/h5>\n\n\n\n<p><strong>Por G1 BA<\/strong><\/p>\n\n\n\n<div class=\"wp-block-image\"><figure class=\"aligncenter size-large\"><img data-recalc-dims=\"1\" fetchpriority=\"high\" decoding=\"async\" width=\"800\" height=\"450\" src=\"https:\/\/i0.wp.com\/blogdoeloiltoncajuhy.com.br\/site\/wp-content\/uploads\/2020\/01\/RuiCosta_CirurgiaSP.jpg?resize=800%2C450\" alt=\"\" class=\"wp-image-40063\" srcset=\"https:\/\/i0.wp.com\/blogdoeloiltoncajuhy.com.br\/site\/wp-content\/uploads\/2020\/01\/RuiCosta_CirurgiaSP.jpg?w=984&amp;ssl=1 984w, https:\/\/i0.wp.com\/blogdoeloiltoncajuhy.com.br\/site\/wp-content\/uploads\/2020\/01\/RuiCosta_CirurgiaSP.jpg?resize=300%2C169&amp;ssl=1 300w, https:\/\/i0.wp.com\/blogdoeloiltoncajuhy.com.br\/site\/wp-content\/uploads\/2020\/01\/RuiCosta_CirurgiaSP.jpg?resize=768%2C432&amp;ssl=1 768w, https:\/\/i0.wp.com\/blogdoeloiltoncajuhy.com.br\/site\/wp-content\/uploads\/2020\/01\/RuiCosta_CirurgiaSP.jpg?resize=250%2C141&amp;ssl=1 250w\" sizes=\"(max-width: 800px) 100vw, 800px\" \/><figcaption>Governador da Bahia passa por cirurgia em S\u00e3o Paulo para retirada de n\u00f3dulo mam\u00e1rio \u2014 Foto: Frame<\/figcaption><\/figure><\/div>\n\n\n\n<p>O governador da Bahia, Rui Costa (PT), passou por uma cirurgia, na manh\u00e3 deste domingo (5), no Hospital S\u00edrio Liban\u00eas, em S\u00e3o Paulo. Segundo informa\u00e7\u00f5es da assessoria do governo, Rui realizou a retirada de um n\u00f3dulo mam\u00e1rio e ginecomastia, identificados durante investiga\u00e7\u00e3o em dezembro do ano passado.<\/p>\n\n\n\n<p>Segundo informa\u00e7\u00f5es da assessoria do governo, os m\u00e9dicos optaram pela retirada bilateral das duas gl\u00e2ndulas mam\u00e1rias, mesmo sem indica\u00e7\u00e3o de malignidade. O procedimento ocorreu com normalidade e o governador segue internado.<\/p>\n\n\n\n<p>De acordo com a assessoria, Rui Costa passa bem e est\u00e1 em plena recupera\u00e7\u00e3o. N\u00e3o h\u00e1 previs\u00e3o de alta. O governador est\u00e1 acompanhado da primeira-dama, Aline Peixoto, e da filha mais velha, Aline Cotrim.<\/p>\n\n\n\n<p>A assessoria informou que Rui Costa procurou atendimento m\u00e9dico ap\u00f3s sentir dores no peito esquerdo. Os exames identificaram um aumento benigno, por\u00e9m doloroso da gl\u00e2ndula mam\u00e1ria esquerda do governador, chamado de ginecomastia.<\/p>\n\n\n\n<p>No in\u00edcio de dezembro, o governador teve um mal-estar durante um evento, na cidade de Jequi\u00e9, no sudoeste do estado. Rui teve uma queda na press\u00e3o arterial por causa do calor no munic\u00edpio.<\/p>\n","protected":false},"excerpt":{"rendered":"<p>Segundo assessoria, governador passou por procedimento na manh\u00e3 deste domingo (5), no Hospital S\u00edrio Liban\u00eas, onde est\u00e1 internado e passa bem Por G1 BA O governador da Bahia, Rui Costa (PT), passou por uma cirurgia, na manh\u00e3 deste domingo (5), no Hospital S\u00edrio Liban\u00eas, em S\u00e3o Paulo. Segundo informa\u00e7\u00f5es da assessoria do governo, Rui realizou [&hellip;]<\/p>\n","protected":false},"author":2,"featured_media":40063,"comment_status":"open","ping_status":"open","sticky":false,"template":"","format":"standard","meta":{"_acf_changed":false,"_monsterinsights_skip_tracking":false,"_monsterinsights_sitenote_active":false,"_monsterinsights_sitenote_note":"","_monsterinsights_sitenote_category":0,"_jetpack_memberships_contains_paid_content":false,"footnotes":"","jetpack_publicize_message":"","jetpack_publicize_feature_enabled":true,"jetpack_social_post_already_shared":true,"jetpack_social_options":{"image_generator_settings":{"template":"highway","default_image_id":0,"font":"","enabled":false},"version":2}},"categories":[1,3],"tags":[],"class_list":["post-40062","post","type-post","status-publish","format-standard","has-post-thumbnail","hentry","category-noticias","category-politica"],"acf":[],"jetpack_publicize_connections":[],"jetpack_featured_media_url":"https:\/\/i0.wp.com\/blogdoeloiltoncajuhy.com.br\/site\/wp-content\/uploads\/2020\/01\/RuiCosta_CirurgiaSP.jpg?fit=984%2C554&ssl=1","jetpack_sharing_enabled":true,"publishpress_future_workflow_manual_trigger":{"enabledWorkflows":[]},"_links":{"self":[{"href":"https:\/\/blogdoeloiltoncajuhy.com.br\/site\/wp-json\/wp\/v2\/posts\/40062","targetHints":{"allow":["GET"]}}],"collection":[{"href":"https:\/\/blogdoeloiltoncajuhy.com.br\/site\/wp-json\/wp\/v2\/posts"}],"about":[{"href":"https:\/\/blogdoeloiltoncajuhy.com.br\/site\/wp-json\/wp\/v2\/types\/post"}],"author":[{"embeddable":true,"href":"https:\/\/blogdoeloiltoncajuhy.com.br\/site\/wp-json\/wp\/v2\/users\/2"}],"replies":[{"embeddable":true,"href":"https:\/\/blogdoeloiltoncajuhy.com.br\/site\/wp-json\/wp\/v2\/comments?post=40062"}],"version-history":[{"count":1,"href":"https:\/\/blogdoeloiltoncajuhy.com.br\/site\/wp-json\/wp\/v2\/posts\/40062\/revisions"}],"predecessor-version":[{"id":40064,"href":"https:\/\/blogdoeloiltoncajuhy.com.br\/site\/wp-json\/wp\/v2\/posts\/40062\/revisions\/40064"}],"wp:featuredmedia":[{"embeddable":true,"href":"https:\/\/blogdoeloiltoncajuhy.com.br\/site\/wp-json\/wp\/v2\/media\/40063"}],"wp:attachment":[{"href":"https:\/\/blogdoeloiltoncajuhy.com.br\/site\/wp-json\/wp\/v2\/media?parent=40062"}],"wp:term":[{"taxonomy":"category","embeddable":true,"href":"https:\/\/blogdoeloiltoncajuhy.com.br\/site\/wp-json\/wp\/v2\/categories?post=40062"},{"taxonomy":"post_tag","embeddable":true,"href":"https:\/\/blogdoeloiltoncajuhy.com.br\/site\/wp-json\/wp\/v2\/tags?post=40062"}],"curies":[{"name":"wp","href":"https:\/\/api.w.org\/{rel}","templated":true}]}}