{"id":40045,"date":"2020-01-03T08:02:00","date_gmt":"2020-01-03T11:02:00","guid":{"rendered":"http:\/\/blogdoeloiltoncajuhy.com.br\/site\/?p=40045"},"modified":"2020-01-03T08:02:06","modified_gmt":"2020-01-03T11:02:06","slug":"corpo-de-quarta-vitima-de-naufragio-no-lago-do-sobradinho-e-encontrado","status":"publish","type":"post","link":"https:\/\/blogdoeloiltoncajuhy.com.br\/site\/corpo-de-quarta-vitima-de-naufragio-no-lago-do-sobradinho-e-encontrado\/","title":{"rendered":"Corpo de quarta v\u00edtima de naufr\u00e1gio no Lago do Sobradinho \u00e9 encontrado"},"content":{"rendered":"\n<h5 class=\"has-text-align-center wp-block-heading\"><em>Corpo de Elias Neves Costa, que estava desaparecido desde o dia 25 de dezembro, foi encontrado no final da tarde desta quinta-feira (2)<\/em><\/h5>\n\n\n\n<p><strong>Por TV Bahia<\/strong><\/p>\n\n\n\n<div class=\"wp-block-image\"><figure class=\"aligncenter size-large\"><img data-recalc-dims=\"1\" fetchpriority=\"high\" decoding=\"async\" width=\"800\" height=\"501\" src=\"https:\/\/i0.wp.com\/blogdoeloiltoncajuhy.com.br\/site\/wp-content\/uploads\/2020\/01\/naufragio-sobradinho.jpg?resize=800%2C501\" alt=\"\" class=\"wp-image-40046\" srcset=\"https:\/\/i0.wp.com\/blogdoeloiltoncajuhy.com.br\/site\/wp-content\/uploads\/2020\/01\/naufragio-sobradinho.jpg?w=984&amp;ssl=1 984w, https:\/\/i0.wp.com\/blogdoeloiltoncajuhy.com.br\/site\/wp-content\/uploads\/2020\/01\/naufragio-sobradinho.jpg?resize=300%2C188&amp;ssl=1 300w, https:\/\/i0.wp.com\/blogdoeloiltoncajuhy.com.br\/site\/wp-content\/uploads\/2020\/01\/naufragio-sobradinho.jpg?resize=768%2C481&amp;ssl=1 768w, https:\/\/i0.wp.com\/blogdoeloiltoncajuhy.com.br\/site\/wp-content\/uploads\/2020\/01\/naufragio-sobradinho.jpg?resize=250%2C157&amp;ssl=1 250w\" sizes=\"(max-width: 800px) 100vw, 800px\" \/><figcaption>Corpo de quarta v\u00edtima de naufr\u00e1gio no Lago do Sobradinho \u00e9 encontrado \u2014 Foto: Reprodu\u00e7\u00e3o\/TV Bahia<\/figcaption><\/figure><\/div>\n\n\n\n<p>O corpo da quarta v\u00edtima do naufr\u00e1gio no Lago do Sobradinho, que fica na cidade de mesmo nome, no norte da Bahia, foi resgatado no final da tarde desta quinta-feira (2), depois que a Marinha retomou as buscas pelo desaparecido.<\/p>\n\n\n\n<p><strong>Elias Neves Costa<\/strong> desapareceu enquanto fazia um passeio com <strong>Luana Vieira Gomes<\/strong>, <strong>Nilv\u00e2nia Neves da Costa<\/strong> e um homem identificado como <strong>Lu\u00eds<\/strong>, para a Ilha do Moc\u00f3, na manh\u00e3 do dia 25 de dezembro. O corpo dele foi encontrado pelo Corpo de Bombeiros, que auxiliou a Marinha nas buscas.<\/p>\n\n\n\n<p>A procura havia sido encerrada pela Marinha na quarta-feira (1\u00ba), mas foi continuada nesta quinta porque um pescador disse ter visto o corpo boiando no Lago de Sobradinho, pr\u00f3ximo \u00e0 cidade de Sento S\u00e9.<\/p>\n\n\n\n<p>No dia 29, os corpos de tr\u00eas das v\u00edtimas foram encontrados no Lago do Sobradinho. A Marinha informou que ser\u00e1 instaurado um inqu\u00e9rito para apurar as causas e responsabilidades pelo ocorrido.<\/p>\n\n\n\n<p>Os corpos das outras tr\u00eas v\u00edtimas do naufr\u00e1gio foram enterrados em Sobradinho, na quarta-feira (1\u00ba).<\/p>\n","protected":false},"excerpt":{"rendered":"<p>Corpo de Elias Neves Costa, que estava desaparecido desde o dia 25 de dezembro, foi encontrado no final da tarde desta quinta-feira (2) Por TV Bahia O corpo da quarta v\u00edtima do naufr\u00e1gio no Lago do Sobradinho, que fica na cidade de mesmo nome, no norte da Bahia, foi resgatado no final da tarde desta [&hellip;]<\/p>\n","protected":false},"author":2,"featured_media":40046,"comment_status":"open","ping_status":"open","sticky":false,"template":"","format":"standard","meta":{"_acf_changed":false,"_monsterinsights_skip_tracking":false,"_monsterinsights_sitenote_active":false,"_monsterinsights_sitenote_note":"","_monsterinsights_sitenote_category":0,"_jetpack_memberships_contains_paid_content":false,"footnotes":"","jetpack_publicize_message":"","jetpack_publicize_feature_enabled":true,"jetpack_social_post_already_shared":true,"jetpack_social_options":{"image_generator_settings":{"template":"highway","default_image_id":0,"font":"","enabled":false},"version":2}},"categories":[5,1,11],"tags":[],"class_list":["post-40045","post","type-post","status-publish","format-standard","has-post-thumbnail","hentry","category-cotidiano","category-noticias","category-regional"],"acf":[],"jetpack_publicize_connections":[],"jetpack_featured_media_url":"https:\/\/i0.wp.com\/blogdoeloiltoncajuhy.com.br\/site\/wp-content\/uploads\/2020\/01\/naufragio-sobradinho.jpg?fit=984%2C616&ssl=1","jetpack_sharing_enabled":true,"publishpress_future_workflow_manual_trigger":{"enabledWorkflows":[]},"_links":{"self":[{"href":"https:\/\/blogdoeloiltoncajuhy.com.br\/site\/wp-json\/wp\/v2\/posts\/40045","targetHints":{"allow":["GET"]}}],"collection":[{"href":"https:\/\/blogdoeloiltoncajuhy.com.br\/site\/wp-json\/wp\/v2\/posts"}],"about":[{"href":"https:\/\/blogdoeloiltoncajuhy.com.br\/site\/wp-json\/wp\/v2\/types\/post"}],"author":[{"embeddable":true,"href":"https:\/\/blogdoeloiltoncajuhy.com.br\/site\/wp-json\/wp\/v2\/users\/2"}],"replies":[{"embeddable":true,"href":"https:\/\/blogdoeloiltoncajuhy.com.br\/site\/wp-json\/wp\/v2\/comments?post=40045"}],"version-history":[{"count":1,"href":"https:\/\/blogdoeloiltoncajuhy.com.br\/site\/wp-json\/wp\/v2\/posts\/40045\/revisions"}],"predecessor-version":[{"id":40047,"href":"https:\/\/blogdoeloiltoncajuhy.com.br\/site\/wp-json\/wp\/v2\/posts\/40045\/revisions\/40047"}],"wp:featuredmedia":[{"embeddable":true,"href":"https:\/\/blogdoeloiltoncajuhy.com.br\/site\/wp-json\/wp\/v2\/media\/40046"}],"wp:attachment":[{"href":"https:\/\/blogdoeloiltoncajuhy.com.br\/site\/wp-json\/wp\/v2\/media?parent=40045"}],"wp:term":[{"taxonomy":"category","embeddable":true,"href":"https:\/\/blogdoeloiltoncajuhy.com.br\/site\/wp-json\/wp\/v2\/categories?post=40045"},{"taxonomy":"post_tag","embeddable":true,"href":"https:\/\/blogdoeloiltoncajuhy.com.br\/site\/wp-json\/wp\/v2\/tags?post=40045"}],"curies":[{"name":"wp","href":"https:\/\/api.w.org\/{rel}","templated":true}]}}