{"id":40004,"date":"2020-01-01T21:03:19","date_gmt":"2020-01-02T00:03:19","guid":{"rendered":"http:\/\/blogdoeloiltoncajuhy.com.br\/site\/?p=40004"},"modified":"2020-01-01T21:44:21","modified_gmt":"2020-01-02T00:44:21","slug":"jornalista-de-feira-de-santana-que-estava-desaparecida-e-encontrada-em-r-do-jacuipe","status":"publish","type":"post","link":"https:\/\/blogdoeloiltoncajuhy.com.br\/site\/jornalista-de-feira-de-santana-que-estava-desaparecida-e-encontrada-em-r-do-jacuipe\/","title":{"rendered":"Jornalista de Feira de Santana que estava desaparecida \u00e9 encontrada em R. do Jacu\u00edpe"},"content":{"rendered":"\n<h5 class=\"has-text-align-center wp-block-heading\"><em>Cristiane Santos de Castro estava desaparecida desde a tarde de ter\u00e7a-feira (31)<\/em><\/h5>\n\n\n\n<p><strong>Por Jacu\u00edpe News<\/strong><\/p>\n\n\n\n<div class=\"wp-block-image\"><figure class=\"aligncenter size-large\"><img data-recalc-dims=\"1\" fetchpriority=\"high\" decoding=\"async\" width=\"800\" height=\"413\" src=\"https:\/\/i0.wp.com\/blogdoeloiltoncajuhy.com.br\/site\/wp-content\/uploads\/2020\/01\/JornalistaCristianeCastroDesaparecida.jpg?resize=800%2C413\" alt=\"\" class=\"wp-image-40005\" srcset=\"https:\/\/i0.wp.com\/blogdoeloiltoncajuhy.com.br\/site\/wp-content\/uploads\/2020\/01\/JornalistaCristianeCastroDesaparecida.jpg?w=984&amp;ssl=1 984w, https:\/\/i0.wp.com\/blogdoeloiltoncajuhy.com.br\/site\/wp-content\/uploads\/2020\/01\/JornalistaCristianeCastroDesaparecida.jpg?resize=300%2C155&amp;ssl=1 300w, https:\/\/i0.wp.com\/blogdoeloiltoncajuhy.com.br\/site\/wp-content\/uploads\/2020\/01\/JornalistaCristianeCastroDesaparecida.jpg?resize=768%2C396&amp;ssl=1 768w, https:\/\/i0.wp.com\/blogdoeloiltoncajuhy.com.br\/site\/wp-content\/uploads\/2020\/01\/JornalistaCristianeCastroDesaparecida.jpg?resize=250%2C129&amp;ssl=1 250w\" sizes=\"(max-width: 800px) 100vw, 800px\" \/><figcaption>Foto: Reprodu\u00e7\u00e3o\/BMD<\/figcaption><\/figure><\/div>\n\n\n\n<p>A jornalista <strong>Cristiane Castro<\/strong> que estava desaparecida desde ter\u00e7a-feira (31), ap\u00f3s ter sido vista por volta das 15h em frente a uma ag\u00eancia banc\u00e1ria na Rua Conselheiro Franco em Feira de Santana, foi encontrada na cidade de Riach\u00e3o do Jacu\u00edpe.<\/p>\n\n\n\n<p>A jornalista deu entrada no in\u00edcio da noite desta quarta-feira, 01, no Hospital Municipal de R. do Jacu\u00edpe, com sinais de desorienta\u00e7\u00e3o.<\/p>\n\n\n\n<p>Segundo uma t\u00e9cnica de enfermagem que atendeu a jornalista, ela contou que saiu de Feira de Santana caminhando sem dire\u00e7\u00e3o e que n\u00e3o sabe como chegou a Riach\u00e3o. A fam\u00edlia j\u00e1 foi informada sobre o paradeiro da jornalista.<\/p>\n","protected":false},"excerpt":{"rendered":"<p>Cristiane Santos de Castro estava desaparecida desde a tarde de ter\u00e7a-feira (31) Por Jacu\u00edpe News A jornalista Cristiane Castro que estava desaparecida desde ter\u00e7a-feira (31), ap\u00f3s ter sido vista por volta das 15h em frente a uma ag\u00eancia banc\u00e1ria na Rua Conselheiro Franco em Feira de Santana, foi encontrada na cidade de Riach\u00e3o do Jacu\u00edpe. [&hellip;]<\/p>\n","protected":false},"author":2,"featured_media":40005,"comment_status":"open","ping_status":"open","sticky":false,"template":"","format":"standard","meta":{"_acf_changed":false,"_monsterinsights_skip_tracking":false,"_monsterinsights_sitenote_active":false,"_monsterinsights_sitenote_note":"","_monsterinsights_sitenote_category":0,"_jetpack_memberships_contains_paid_content":false,"footnotes":"","jetpack_publicize_message":"","jetpack_publicize_feature_enabled":true,"jetpack_social_post_already_shared":true,"jetpack_social_options":{"image_generator_settings":{"template":"highway","default_image_id":0,"font":"","enabled":false},"version":2}},"categories":[5,1],"tags":[],"class_list":["post-40004","post","type-post","status-publish","format-standard","has-post-thumbnail","hentry","category-cotidiano","category-noticias"],"acf":[],"jetpack_publicize_connections":[],"jetpack_featured_media_url":"https:\/\/i0.wp.com\/blogdoeloiltoncajuhy.com.br\/site\/wp-content\/uploads\/2020\/01\/JornalistaCristianeCastroDesaparecida.jpg?fit=984%2C508&ssl=1","jetpack_sharing_enabled":true,"publishpress_future_workflow_manual_trigger":{"enabledWorkflows":[]},"_links":{"self":[{"href":"https:\/\/blogdoeloiltoncajuhy.com.br\/site\/wp-json\/wp\/v2\/posts\/40004","targetHints":{"allow":["GET"]}}],"collection":[{"href":"https:\/\/blogdoeloiltoncajuhy.com.br\/site\/wp-json\/wp\/v2\/posts"}],"about":[{"href":"https:\/\/blogdoeloiltoncajuhy.com.br\/site\/wp-json\/wp\/v2\/types\/post"}],"author":[{"embeddable":true,"href":"https:\/\/blogdoeloiltoncajuhy.com.br\/site\/wp-json\/wp\/v2\/users\/2"}],"replies":[{"embeddable":true,"href":"https:\/\/blogdoeloiltoncajuhy.com.br\/site\/wp-json\/wp\/v2\/comments?post=40004"}],"version-history":[{"count":2,"href":"https:\/\/blogdoeloiltoncajuhy.com.br\/site\/wp-json\/wp\/v2\/posts\/40004\/revisions"}],"predecessor-version":[{"id":40009,"href":"https:\/\/blogdoeloiltoncajuhy.com.br\/site\/wp-json\/wp\/v2\/posts\/40004\/revisions\/40009"}],"wp:featuredmedia":[{"embeddable":true,"href":"https:\/\/blogdoeloiltoncajuhy.com.br\/site\/wp-json\/wp\/v2\/media\/40005"}],"wp:attachment":[{"href":"https:\/\/blogdoeloiltoncajuhy.com.br\/site\/wp-json\/wp\/v2\/media?parent=40004"}],"wp:term":[{"taxonomy":"category","embeddable":true,"href":"https:\/\/blogdoeloiltoncajuhy.com.br\/site\/wp-json\/wp\/v2\/categories?post=40004"},{"taxonomy":"post_tag","embeddable":true,"href":"https:\/\/blogdoeloiltoncajuhy.com.br\/site\/wp-json\/wp\/v2\/tags?post=40004"}],"curies":[{"name":"wp","href":"https:\/\/api.w.org\/{rel}","templated":true}]}}