{"id":40002,"date":"2020-01-01T20:38:31","date_gmt":"2020-01-01T23:38:31","guid":{"rendered":"http:\/\/blogdoeloiltoncajuhy.com.br\/site\/?p=40002"},"modified":"2020-01-01T20:38:37","modified_gmt":"2020-01-01T23:38:37","slug":"busca-por-corpo-desaparecido-no-lago-de-sobradinho-e-encerrada-e-vitima-nao-foi-encontrada","status":"publish","type":"post","link":"https:\/\/blogdoeloiltoncajuhy.com.br\/site\/busca-por-corpo-desaparecido-no-lago-de-sobradinho-e-encerrada-e-vitima-nao-foi-encontrada\/","title":{"rendered":"Busca por corpo desaparecido no Lago de Sobradinho \u00e9 encerrada e v\u00edtima n\u00e3o foi encontrada"},"content":{"rendered":"\n<h5 class=\"has-text-align-center wp-block-heading\"><em>Busca foi encerrada na ter\u00e7a-feira (31). Marinha informou que ser\u00e1 instaurado um inqu\u00e9rito para apurar causas e responsabilidades pelo ocorrido<\/em><\/h5>\n\n\n\n<p><strong>Por G1 BA<\/strong><\/p>\n\n\n\n<div class=\"wp-block-image\"><figure class=\"aligncenter size-large\"><img data-recalc-dims=\"1\" fetchpriority=\"high\" decoding=\"async\" width=\"800\" height=\"420\" src=\"https:\/\/i0.wp.com\/blogdoeloiltoncajuhy.com.br\/site\/wp-content\/uploads\/2019\/12\/CorposLagoSobradinho.jpg?resize=800%2C420\" alt=\"\" class=\"wp-image-39953\" srcset=\"https:\/\/i0.wp.com\/blogdoeloiltoncajuhy.com.br\/site\/wp-content\/uploads\/2019\/12\/CorposLagoSobradinho.jpg?w=984&amp;ssl=1 984w, https:\/\/i0.wp.com\/blogdoeloiltoncajuhy.com.br\/site\/wp-content\/uploads\/2019\/12\/CorposLagoSobradinho.jpg?resize=300%2C158&amp;ssl=1 300w, https:\/\/i0.wp.com\/blogdoeloiltoncajuhy.com.br\/site\/wp-content\/uploads\/2019\/12\/CorposLagoSobradinho.jpg?resize=768%2C404&amp;ssl=1 768w, https:\/\/i0.wp.com\/blogdoeloiltoncajuhy.com.br\/site\/wp-content\/uploads\/2019\/12\/CorposLagoSobradinho.jpg?resize=250%2C131&amp;ssl=1 250w\" sizes=\"(max-width: 800px) 100vw, 800px\" \/><figcaption>Moradores fizeram foto de dois casais iniciando viagem no Lago Sobradinho \u2014 Foto: Reprodu\u00e7\u00e3o\/TV Bahia<\/figcaption><\/figure><\/div>\n\n\n\n<p>A busca pelo quarto corpo que desapareceu no Lago de Sobradinho, no norte da Bahia, foi encerrada na ter\u00e7a-feira (31). Segundo a Marinha do Brasil, a v\u00edtima n\u00e3o foi encontrada.<\/p>\n\n\n\n<p>De acordo com a Marinha, duas mulheres e dois homens pegaram uma embarca\u00e7\u00e3o de madeira motorizada com destino \u00e0 ilha do Moc\u00f3, e n\u00e3o foram mais vistos desde o dia 25 de dezembro.<\/p>\n\n\n\n<p>No \u00faltimo domino (29), um dia ap\u00f3s as buscas serem iniciadas, tr\u00eas corpos foram encontrados no Lago. Eram de duas mulheres e um homem, que ainda n\u00e3o foram identificados.<\/p>\n\n\n\n<p>A Marinha informou que ser\u00e1 instaurado um inqu\u00e9rito para apurar as causas e responsabilidades pelo ocorrido.<\/p>\n","protected":false},"excerpt":{"rendered":"<p>Busca foi encerrada na ter\u00e7a-feira (31). Marinha informou que ser\u00e1 instaurado um inqu\u00e9rito para apurar causas e responsabilidades pelo ocorrido Por G1 BA A busca pelo quarto corpo que desapareceu no Lago de Sobradinho, no norte da Bahia, foi encerrada na ter\u00e7a-feira (31). Segundo a Marinha do Brasil, a v\u00edtima n\u00e3o foi encontrada. De acordo [&hellip;]<\/p>\n","protected":false},"author":2,"featured_media":0,"comment_status":"open","ping_status":"open","sticky":false,"template":"","format":"standard","meta":{"_acf_changed":false,"_monsterinsights_skip_tracking":false,"_monsterinsights_sitenote_active":false,"_monsterinsights_sitenote_note":"","_monsterinsights_sitenote_category":0,"_jetpack_memberships_contains_paid_content":false,"footnotes":"","jetpack_publicize_message":"","jetpack_publicize_feature_enabled":true,"jetpack_social_post_already_shared":true,"jetpack_social_options":{"image_generator_settings":{"template":"highway","default_image_id":0,"font":"","enabled":false},"version":2}},"categories":[5,1,11],"tags":[],"class_list":["post-40002","post","type-post","status-publish","format-standard","hentry","category-cotidiano","category-noticias","category-regional"],"acf":[],"jetpack_publicize_connections":[],"jetpack_featured_media_url":"","jetpack_sharing_enabled":true,"publishpress_future_workflow_manual_trigger":{"enabledWorkflows":[]},"_links":{"self":[{"href":"https:\/\/blogdoeloiltoncajuhy.com.br\/site\/wp-json\/wp\/v2\/posts\/40002","targetHints":{"allow":["GET"]}}],"collection":[{"href":"https:\/\/blogdoeloiltoncajuhy.com.br\/site\/wp-json\/wp\/v2\/posts"}],"about":[{"href":"https:\/\/blogdoeloiltoncajuhy.com.br\/site\/wp-json\/wp\/v2\/types\/post"}],"author":[{"embeddable":true,"href":"https:\/\/blogdoeloiltoncajuhy.com.br\/site\/wp-json\/wp\/v2\/users\/2"}],"replies":[{"embeddable":true,"href":"https:\/\/blogdoeloiltoncajuhy.com.br\/site\/wp-json\/wp\/v2\/comments?post=40002"}],"version-history":[{"count":1,"href":"https:\/\/blogdoeloiltoncajuhy.com.br\/site\/wp-json\/wp\/v2\/posts\/40002\/revisions"}],"predecessor-version":[{"id":40003,"href":"https:\/\/blogdoeloiltoncajuhy.com.br\/site\/wp-json\/wp\/v2\/posts\/40002\/revisions\/40003"}],"wp:attachment":[{"href":"https:\/\/blogdoeloiltoncajuhy.com.br\/site\/wp-json\/wp\/v2\/media?parent=40002"}],"wp:term":[{"taxonomy":"category","embeddable":true,"href":"https:\/\/blogdoeloiltoncajuhy.com.br\/site\/wp-json\/wp\/v2\/categories?post=40002"},{"taxonomy":"post_tag","embeddable":true,"href":"https:\/\/blogdoeloiltoncajuhy.com.br\/site\/wp-json\/wp\/v2\/tags?post=40002"}],"curies":[{"name":"wp","href":"https:\/\/api.w.org\/{rel}","templated":true}]}}