{"id":39955,"date":"2019-12-29T20:49:06","date_gmt":"2019-12-29T23:49:06","guid":{"rendered":"http:\/\/blogdoeloiltoncajuhy.com.br\/site\/?p=39955"},"modified":"2019-12-29T20:49:13","modified_gmt":"2019-12-29T23:49:13","slug":"recolham-os-celulares-durante-as-refeicoes-e-conversem-uns-com-os-outros-pede-o-papa","status":"publish","type":"post","link":"https:\/\/blogdoeloiltoncajuhy.com.br\/site\/recolham-os-celulares-durante-as-refeicoes-e-conversem-uns-com-os-outros-pede-o-papa\/","title":{"rendered":"Recolham os celulares durante as refei\u00e7\u00f5es e conversem uns com os outros, pede o Papa"},"content":{"rendered":"\n<h5 class=\"has-text-align-center wp-block-heading\"><em>Jesus, Maria e Jos\u00e9 s\u00e3o exemplos que as fam\u00edlias devem seguir, disse o Papa Francisco<\/em><\/h5>\n\n\n\n<p><strong>Por Reuters<\/strong><\/p>\n\n\n\n<div class=\"wp-block-image\"><figure class=\"aligncenter size-large\"><img fetchpriority=\"high\" decoding=\"async\" width=\"1344\" height=\"895\" src=\"https:\/\/i0.wp.com\/blogdoeloiltoncajuhy.com.br\/site\/wp-content\/uploads\/2019\/12\/PapaFrancisco99332.jpg?fit=590%2C393\" alt=\"\" class=\"wp-image-39956\" srcset=\"https:\/\/i0.wp.com\/blogdoeloiltoncajuhy.com.br\/site\/wp-content\/uploads\/2019\/12\/PapaFrancisco99332.jpg?w=1344&amp;ssl=1 1344w, https:\/\/i0.wp.com\/blogdoeloiltoncajuhy.com.br\/site\/wp-content\/uploads\/2019\/12\/PapaFrancisco99332.jpg?resize=300%2C200&amp;ssl=1 300w, https:\/\/i0.wp.com\/blogdoeloiltoncajuhy.com.br\/site\/wp-content\/uploads\/2019\/12\/PapaFrancisco99332.jpg?resize=1024%2C682&amp;ssl=1 1024w, https:\/\/i0.wp.com\/blogdoeloiltoncajuhy.com.br\/site\/wp-content\/uploads\/2019\/12\/PapaFrancisco99332.jpg?resize=768%2C511&amp;ssl=1 768w, https:\/\/i0.wp.com\/blogdoeloiltoncajuhy.com.br\/site\/wp-content\/uploads\/2019\/12\/PapaFrancisco99332.jpg?resize=250%2C166&amp;ssl=1 250w\" sizes=\"(max-width: 800px) 100vw, 800px\" \/><figcaption>Papa Francisco durante serm\u00e3o, no dia 29 de dezembro de 2019 \u2014 Foto: Gregorio Borgia\/AP<\/figcaption><\/figure><\/div>\n\n\n\n<p>O Papa Francisco fez um apelo para que as pessoas conversem umas com as outras durante as refei\u00e7\u00f5es em vez de usarem os celulares, citando Jesus, Maria e Jos\u00e9 como um exemplo que as fam\u00edlias devem seguir.<\/p>\n\n\n\n<p><em>&#8220;Eles rezavam, trabalhavam e se comunicavam uns com os outros&#8221;<\/em>, disse o papa no domingo (29) aos fi\u00e9is reunidos na Pra\u00e7a S\u00e3o Pedro para a ora\u00e7\u00e3o do Angelus.<\/p>\n\n\n\n<p><em>&#8220;Eu me pergunto se voc\u00ea, em fam\u00edlia, sabe como se comunicar ou se voc\u00ea \u00e9 como aquelas crian\u00e7as nas mesas de refei\u00e7\u00e3o que ficam falando no celular&#8221;<\/em>, disse o Papa.<\/p>\n\n\n\n<p><em>&#8220;Temos que voltar a nos comunicar em nossas fam\u00edlias&#8221;<\/em>, disse Francisco. <em>&#8220;Pais, crian\u00e7as, av\u00f3s, irm\u00e3os e irm\u00e3s, essa \u00e9 uma tarefa para ser assumida hoje, no dia da Fam\u00edlia Sagrada&#8221;<\/em>.<\/p>\n\n\n\n<p class=\"has-medium-font-size\"><strong>Missa sem celulares<\/strong><\/p>\n\n\n\n<p>Em 2017, Papa Francisco disse que fica triste quando v\u00ea fi\u00e9is e at\u00e9 religiosos usarem o celular para fazer fotos durante a missa.<\/p>\n\n\n\n<p>Na \u00e9poca, o pont\u00edfice usou uma met\u00e1fora para questionar o uso excessivo de aparelhos nas celebra\u00e7\u00f5es.<\/p>\n\n\n\n<p><em>&#8220;Por que, a um certo ponto, o sacerdote diz &#8216;cora\u00e7\u00f5es ao alto?&#8217; Ele n\u00e3o diz &#8216;celulares ao alto para tirar foto!&#8217; N\u00e3o! Fico triste quando celebro e vejo muitos fi\u00e9is com os celulares para cima. N\u00e3o s\u00f3 os fi\u00e9is, mas tamb\u00e9m sacerdotes e at\u00e9 bispos. A missa n\u00e3o \u00e9 espet\u00e1culo, \u00e9 ir ao encontro da paix\u00e3o e ressurrei\u00e7\u00e3o do Senhor. Lembrem-se: chega de celulares&#8221;<\/em>, declarou.<\/p>\n","protected":false},"excerpt":{"rendered":"<p>Jesus, Maria e Jos\u00e9 s\u00e3o exemplos que as fam\u00edlias devem seguir, disse o Papa Francisco Por Reuters O Papa Francisco fez um apelo para que as pessoas conversem umas com as outras durante as refei\u00e7\u00f5es em vez de usarem os celulares, citando Jesus, Maria e Jos\u00e9 como um exemplo que as fam\u00edlias devem seguir. &#8220;Eles [&hellip;]<\/p>\n","protected":false},"author":2,"featured_media":39956,"comment_status":"open","ping_status":"open","sticky":false,"template":"","format":"standard","meta":{"_acf_changed":false,"_monsterinsights_skip_tracking":false,"_monsterinsights_sitenote_active":false,"_monsterinsights_sitenote_note":"","_monsterinsights_sitenote_category":0,"_jetpack_memberships_contains_paid_content":false,"footnotes":"","jetpack_publicize_message":"","jetpack_publicize_feature_enabled":true,"jetpack_social_post_already_shared":true,"jetpack_social_options":{"image_generator_settings":{"template":"highway","default_image_id":0,"font":"","enabled":false},"version":2}},"categories":[5,1],"tags":[],"class_list":["post-39955","post","type-post","status-publish","format-standard","has-post-thumbnail","hentry","category-cotidiano","category-noticias"],"acf":[],"jetpack_publicize_connections":[],"jetpack_featured_media_url":"https:\/\/i0.wp.com\/blogdoeloiltoncajuhy.com.br\/site\/wp-content\/uploads\/2019\/12\/PapaFrancisco99332.jpg?fit=1344%2C895&ssl=1","jetpack_sharing_enabled":true,"publishpress_future_workflow_manual_trigger":{"enabledWorkflows":[]},"_links":{"self":[{"href":"https:\/\/blogdoeloiltoncajuhy.com.br\/site\/wp-json\/wp\/v2\/posts\/39955","targetHints":{"allow":["GET"]}}],"collection":[{"href":"https:\/\/blogdoeloiltoncajuhy.com.br\/site\/wp-json\/wp\/v2\/posts"}],"about":[{"href":"https:\/\/blogdoeloiltoncajuhy.com.br\/site\/wp-json\/wp\/v2\/types\/post"}],"author":[{"embeddable":true,"href":"https:\/\/blogdoeloiltoncajuhy.com.br\/site\/wp-json\/wp\/v2\/users\/2"}],"replies":[{"embeddable":true,"href":"https:\/\/blogdoeloiltoncajuhy.com.br\/site\/wp-json\/wp\/v2\/comments?post=39955"}],"version-history":[{"count":1,"href":"https:\/\/blogdoeloiltoncajuhy.com.br\/site\/wp-json\/wp\/v2\/posts\/39955\/revisions"}],"predecessor-version":[{"id":39957,"href":"https:\/\/blogdoeloiltoncajuhy.com.br\/site\/wp-json\/wp\/v2\/posts\/39955\/revisions\/39957"}],"wp:featuredmedia":[{"embeddable":true,"href":"https:\/\/blogdoeloiltoncajuhy.com.br\/site\/wp-json\/wp\/v2\/media\/39956"}],"wp:attachment":[{"href":"https:\/\/blogdoeloiltoncajuhy.com.br\/site\/wp-json\/wp\/v2\/media?parent=39955"}],"wp:term":[{"taxonomy":"category","embeddable":true,"href":"https:\/\/blogdoeloiltoncajuhy.com.br\/site\/wp-json\/wp\/v2\/categories?post=39955"},{"taxonomy":"post_tag","embeddable":true,"href":"https:\/\/blogdoeloiltoncajuhy.com.br\/site\/wp-json\/wp\/v2\/tags?post=39955"}],"curies":[{"name":"wp","href":"https:\/\/api.w.org\/{rel}","templated":true}]}}