{"id":39952,"date":"2019-12-29T20:36:48","date_gmt":"2019-12-29T23:36:48","guid":{"rendered":"http:\/\/blogdoeloiltoncajuhy.com.br\/site\/?p=39952"},"modified":"2019-12-29T20:36:54","modified_gmt":"2019-12-29T23:36:54","slug":"tres-corpos-sao-encontrados-no-lago-de-sobradinho","status":"publish","type":"post","link":"https:\/\/blogdoeloiltoncajuhy.com.br\/site\/tres-corpos-sao-encontrados-no-lago-de-sobradinho\/","title":{"rendered":"Tr\u00eas corpos s\u00e3o encontrados no Lago de Sobradinho"},"content":{"rendered":"\n<h5 class=\"has-text-align-center wp-block-heading\"><em>Corpo de Bombeiros e Marinha suspeitam que v\u00edtimas estavam desparecidas h\u00e1 quatro dias, ap\u00f3s pegarem embarca\u00e7\u00e3o com destino \u00e0 ilha do Moc\u00f3, e n\u00e3o serem mais vistas<\/em><\/h5>\n\n\n\n<p><strong>Por TV Bahia<\/strong><\/p>\n\n\n\n<div class=\"wp-block-image\"><figure class=\"aligncenter size-large\"><img data-recalc-dims=\"1\" fetchpriority=\"high\" decoding=\"async\" width=\"800\" height=\"420\" src=\"https:\/\/i0.wp.com\/blogdoeloiltoncajuhy.com.br\/site\/wp-content\/uploads\/2019\/12\/CorposLagoSobradinho.jpg?resize=800%2C420\" alt=\"\" class=\"wp-image-39953\" srcset=\"https:\/\/i0.wp.com\/blogdoeloiltoncajuhy.com.br\/site\/wp-content\/uploads\/2019\/12\/CorposLagoSobradinho.jpg?w=984&amp;ssl=1 984w, https:\/\/i0.wp.com\/blogdoeloiltoncajuhy.com.br\/site\/wp-content\/uploads\/2019\/12\/CorposLagoSobradinho.jpg?resize=300%2C158&amp;ssl=1 300w, https:\/\/i0.wp.com\/blogdoeloiltoncajuhy.com.br\/site\/wp-content\/uploads\/2019\/12\/CorposLagoSobradinho.jpg?resize=768%2C404&amp;ssl=1 768w, https:\/\/i0.wp.com\/blogdoeloiltoncajuhy.com.br\/site\/wp-content\/uploads\/2019\/12\/CorposLagoSobradinho.jpg?resize=250%2C131&amp;ssl=1 250w\" sizes=\"(max-width: 800px) 100vw, 800px\" \/><figcaption>Moradores fizeram foto de dois casais iniciando viagem no Lago Sobradinho \u2014 Foto: Reprodu\u00e7\u00e3o\/TV Bahia<\/figcaption><\/figure><\/div>\n\n\n\n<p>Tr\u00eas corpos foram encontrados neste domingo (29), dentro do Lago de Sobradinho, no norte da Bahia.<\/p>\n\n\n\n<p>Segundo informa\u00e7\u00f5es do Corpo de Bombeiros, os corpos s\u00e3o de duas mulheres e de um homem. Eles n\u00e3o foram identificados.<\/p>\n\n\n\n<p>De acordo com o \u00f3rg\u00e3o, existe a suspeita de que os corpos s\u00e3o das pessoas que despareceram no lago de Sobradinho, na \u00faltima quarta-feira (25). Segundo a Marinha, duas mulheres e dois homens pegaram uma embarca\u00e7\u00e3o de madeira motorizada com destino \u00e0 ilha do Moc\u00f3, e n\u00e3o foram mais vistos.<\/p>\n\n\n\n<p>O Corpo de Bombeiros e a Marinha continuam procurando o corpo da quarta v\u00edtima. A identidade deles n\u00e3o foi divulgada.<\/p>\n","protected":false},"excerpt":{"rendered":"<p>Corpo de Bombeiros e Marinha suspeitam que v\u00edtimas estavam desparecidas h\u00e1 quatro dias, ap\u00f3s pegarem embarca\u00e7\u00e3o com destino \u00e0 ilha do Moc\u00f3, e n\u00e3o serem mais vistas Por TV Bahia Tr\u00eas corpos foram encontrados neste domingo (29), dentro do Lago de Sobradinho, no norte da Bahia. Segundo informa\u00e7\u00f5es do Corpo de Bombeiros, os corpos s\u00e3o [&hellip;]<\/p>\n","protected":false},"author":2,"featured_media":39953,"comment_status":"open","ping_status":"open","sticky":false,"template":"","format":"standard","meta":{"_acf_changed":false,"_monsterinsights_skip_tracking":false,"_monsterinsights_sitenote_active":false,"_monsterinsights_sitenote_note":"","_monsterinsights_sitenote_category":0,"_jetpack_memberships_contains_paid_content":false,"footnotes":"","jetpack_publicize_message":"","jetpack_publicize_feature_enabled":true,"jetpack_social_post_already_shared":true,"jetpack_social_options":{"image_generator_settings":{"template":"highway","default_image_id":0,"font":"","enabled":false},"version":2}},"categories":[5,1,11],"tags":[],"class_list":["post-39952","post","type-post","status-publish","format-standard","has-post-thumbnail","hentry","category-cotidiano","category-noticias","category-regional"],"acf":[],"jetpack_publicize_connections":[],"jetpack_featured_media_url":"https:\/\/i0.wp.com\/blogdoeloiltoncajuhy.com.br\/site\/wp-content\/uploads\/2019\/12\/CorposLagoSobradinho.jpg?fit=984%2C517&ssl=1","jetpack_sharing_enabled":true,"publishpress_future_workflow_manual_trigger":{"enabledWorkflows":[]},"_links":{"self":[{"href":"https:\/\/blogdoeloiltoncajuhy.com.br\/site\/wp-json\/wp\/v2\/posts\/39952","targetHints":{"allow":["GET"]}}],"collection":[{"href":"https:\/\/blogdoeloiltoncajuhy.com.br\/site\/wp-json\/wp\/v2\/posts"}],"about":[{"href":"https:\/\/blogdoeloiltoncajuhy.com.br\/site\/wp-json\/wp\/v2\/types\/post"}],"author":[{"embeddable":true,"href":"https:\/\/blogdoeloiltoncajuhy.com.br\/site\/wp-json\/wp\/v2\/users\/2"}],"replies":[{"embeddable":true,"href":"https:\/\/blogdoeloiltoncajuhy.com.br\/site\/wp-json\/wp\/v2\/comments?post=39952"}],"version-history":[{"count":1,"href":"https:\/\/blogdoeloiltoncajuhy.com.br\/site\/wp-json\/wp\/v2\/posts\/39952\/revisions"}],"predecessor-version":[{"id":39954,"href":"https:\/\/blogdoeloiltoncajuhy.com.br\/site\/wp-json\/wp\/v2\/posts\/39952\/revisions\/39954"}],"wp:featuredmedia":[{"embeddable":true,"href":"https:\/\/blogdoeloiltoncajuhy.com.br\/site\/wp-json\/wp\/v2\/media\/39953"}],"wp:attachment":[{"href":"https:\/\/blogdoeloiltoncajuhy.com.br\/site\/wp-json\/wp\/v2\/media?parent=39952"}],"wp:term":[{"taxonomy":"category","embeddable":true,"href":"https:\/\/blogdoeloiltoncajuhy.com.br\/site\/wp-json\/wp\/v2\/categories?post=39952"},{"taxonomy":"post_tag","embeddable":true,"href":"https:\/\/blogdoeloiltoncajuhy.com.br\/site\/wp-json\/wp\/v2\/tags?post=39952"}],"curies":[{"name":"wp","href":"https:\/\/api.w.org\/{rel}","templated":true}]}}