{"id":39936,"date":"2019-12-28T10:28:32","date_gmt":"2019-12-28T13:28:32","guid":{"rendered":"http:\/\/blogdoeloiltoncajuhy.com.br\/site\/?p=39936"},"modified":"2019-12-28T10:28:39","modified_gmt":"2019-12-28T13:28:39","slug":"governo-abre-selecao-para-mais-de-12-mil-vagas-em-cursos-tecnicos-de-ensino-medio-na-ba","status":"publish","type":"post","link":"https:\/\/blogdoeloiltoncajuhy.com.br\/site\/governo-abre-selecao-para-mais-de-12-mil-vagas-em-cursos-tecnicos-de-ensino-medio-na-ba\/","title":{"rendered":"Governo abre sele\u00e7\u00e3o para mais de 12 mil vagas em cursos t\u00e9cnicos de ensino m\u00e9dio na BA"},"content":{"rendered":"\n<h5 class=\"has-text-align-center wp-block-heading\"><em>Inscri\u00e7\u00f5es devem ser feitas entre os dias 6 e 16 de janeiro atrav\u00e9s da internet. Vagas s\u00e3o disponibilizadas para 45 cursos t\u00e9cnicos<\/em><\/h5>\n\n\n\n<p><strong>Por G1 BA<\/strong><\/p>\n\n\n\n<div class=\"wp-block-image\"><figure class=\"aligncenter size-large is-resized\"><img data-recalc-dims=\"1\" fetchpriority=\"high\" decoding=\"async\" src=\"https:\/\/i0.wp.com\/blogdoeloiltoncajuhy.com.br\/site\/wp-content\/uploads\/2019\/12\/educacao-profissional.jpg?resize=492%2C328\" alt=\"\" class=\"wp-image-39937\" width=\"492\" height=\"328\" srcset=\"https:\/\/i0.wp.com\/blogdoeloiltoncajuhy.com.br\/site\/wp-content\/uploads\/2019\/12\/educacao-profissional.jpg?w=984&amp;ssl=1 984w, https:\/\/i0.wp.com\/blogdoeloiltoncajuhy.com.br\/site\/wp-content\/uploads\/2019\/12\/educacao-profissional.jpg?resize=300%2C200&amp;ssl=1 300w, https:\/\/i0.wp.com\/blogdoeloiltoncajuhy.com.br\/site\/wp-content\/uploads\/2019\/12\/educacao-profissional.jpg?resize=768%2C512&amp;ssl=1 768w, https:\/\/i0.wp.com\/blogdoeloiltoncajuhy.com.br\/site\/wp-content\/uploads\/2019\/12\/educacao-profissional.jpg?resize=250%2C167&amp;ssl=1 250w\" sizes=\"(max-width: 492px) 100vw, 492px\" \/><figcaption>T\u00e9cnico de cozinha est\u00e1 entre os cursos ofertados \u2014 Foto: Divulga\u00e7\u00e3o\/Secretaria da Educa\u00e7\u00e3o Bahia<\/figcaption><\/figure><\/div>\n\n\n\n<p> A Secretaria da Educa\u00e7\u00e3o do Estado divulgou nesta sexta-feira (27), o edital de um processo seletivo com 12.395 vagas de cursos t\u00e9cnicos de n\u00edvel m\u00e9dio. As inscri\u00e7\u00f5es devem ser feitas entre os dias 6 e 16 de janeiro no\u00a0<a rel=\"noreferrer noopener\" href=\"http:\/\/www.educacao.ba.gov.br\/\" target=\"_blank\"><strong><em>site do Portal da Educa\u00e7\u00e3o<\/em><\/strong><\/a>.<\/p>\n\n\n\n<p>As vagas s\u00e3o para os Centros Estaduais e Centros Territoriais de Educa\u00e7\u00e3o Profissional, al\u00e9m de unidades compartilhadas, em mais 95 munic\u00edpios baianos.<\/p>\n\n\n\n<p>Os interessados nas vagas para os cursos t\u00e9cnicos de n\u00edvel m\u00e9dio devem ter conclu\u00eddo o Ensino M\u00e9dio na rede p\u00fablica de ensino, no \u00e2mbito federal, estadual ou municipal, ou tenha, comprovadamente, cursado em institui\u00e7\u00e3o filantr\u00f3pica ou em institui\u00e7\u00e3o privada na condi\u00e7\u00e3o de bolsista.<\/p>\n\n\n\n<p>Entre os cursos ofertados est\u00e3o: T\u00e9cnico em Administra\u00e7\u00e3o, T\u00e9cnico em An\u00e1lises Cl\u00ednicas, T\u00e9cnica em Edifica\u00e7\u00f5es. T\u00e9cnico em Agropecu\u00e1ria, T\u00e9cnico em Artes Visuais, T\u00e9cnico em Instrumento Musical, T\u00e9cnico em Inform\u00e1tica, T\u00e9cnico em Cozinha, T\u00e9cnico em Seguran\u00e7a do Trabalho, entre outros.<\/p>\n\n\n\n<p>A divulga\u00e7\u00e3o do resultado tem previs\u00e3o para o dia 17 de janeiro. O selecionados poder\u00e3o realizar a matr\u00edcula no per\u00edodo de 28 a 30 de janeiro na unidade escolar para a qual foi classificado. O in\u00edcio do per\u00edodo letivo ser\u00e1 no dia 10 de fevereiro.<\/p>\n","protected":false},"excerpt":{"rendered":"<p>Inscri\u00e7\u00f5es devem ser feitas entre os dias 6 e 16 de janeiro atrav\u00e9s da internet. Vagas s\u00e3o disponibilizadas para 45 cursos t\u00e9cnicos Por G1 BA A Secretaria da Educa\u00e7\u00e3o do Estado divulgou nesta sexta-feira (27), o edital de um processo seletivo com 12.395 vagas de cursos t\u00e9cnicos de n\u00edvel m\u00e9dio. As inscri\u00e7\u00f5es devem ser feitas [&hellip;]<\/p>\n","protected":false},"author":2,"featured_media":39937,"comment_status":"open","ping_status":"open","sticky":false,"template":"","format":"standard","meta":{"_acf_changed":false,"_monsterinsights_skip_tracking":false,"_monsterinsights_sitenote_active":false,"_monsterinsights_sitenote_note":"","_monsterinsights_sitenote_category":0,"_jetpack_memberships_contains_paid_content":false,"footnotes":"","jetpack_publicize_message":"","jetpack_publicize_feature_enabled":true,"jetpack_social_post_already_shared":true,"jetpack_social_options":{"image_generator_settings":{"template":"highway","default_image_id":0,"font":"","enabled":false},"version":2}},"categories":[5,14,1],"tags":[],"class_list":["post-39936","post","type-post","status-publish","format-standard","has-post-thumbnail","hentry","category-cotidiano","category-educacao","category-noticias"],"acf":[],"jetpack_publicize_connections":[],"jetpack_featured_media_url":"https:\/\/i0.wp.com\/blogdoeloiltoncajuhy.com.br\/site\/wp-content\/uploads\/2019\/12\/educacao-profissional.jpg?fit=984%2C656&ssl=1","jetpack_sharing_enabled":true,"publishpress_future_workflow_manual_trigger":{"enabledWorkflows":[]},"_links":{"self":[{"href":"https:\/\/blogdoeloiltoncajuhy.com.br\/site\/wp-json\/wp\/v2\/posts\/39936","targetHints":{"allow":["GET"]}}],"collection":[{"href":"https:\/\/blogdoeloiltoncajuhy.com.br\/site\/wp-json\/wp\/v2\/posts"}],"about":[{"href":"https:\/\/blogdoeloiltoncajuhy.com.br\/site\/wp-json\/wp\/v2\/types\/post"}],"author":[{"embeddable":true,"href":"https:\/\/blogdoeloiltoncajuhy.com.br\/site\/wp-json\/wp\/v2\/users\/2"}],"replies":[{"embeddable":true,"href":"https:\/\/blogdoeloiltoncajuhy.com.br\/site\/wp-json\/wp\/v2\/comments?post=39936"}],"version-history":[{"count":1,"href":"https:\/\/blogdoeloiltoncajuhy.com.br\/site\/wp-json\/wp\/v2\/posts\/39936\/revisions"}],"predecessor-version":[{"id":39938,"href":"https:\/\/blogdoeloiltoncajuhy.com.br\/site\/wp-json\/wp\/v2\/posts\/39936\/revisions\/39938"}],"wp:featuredmedia":[{"embeddable":true,"href":"https:\/\/blogdoeloiltoncajuhy.com.br\/site\/wp-json\/wp\/v2\/media\/39937"}],"wp:attachment":[{"href":"https:\/\/blogdoeloiltoncajuhy.com.br\/site\/wp-json\/wp\/v2\/media?parent=39936"}],"wp:term":[{"taxonomy":"category","embeddable":true,"href":"https:\/\/blogdoeloiltoncajuhy.com.br\/site\/wp-json\/wp\/v2\/categories?post=39936"},{"taxonomy":"post_tag","embeddable":true,"href":"https:\/\/blogdoeloiltoncajuhy.com.br\/site\/wp-json\/wp\/v2\/tags?post=39936"}],"curies":[{"name":"wp","href":"https:\/\/api.w.org\/{rel}","templated":true}]}}