{"id":39933,"date":"2019-12-28T10:00:32","date_gmt":"2019-12-28T13:00:32","guid":{"rendered":"http:\/\/blogdoeloiltoncajuhy.com.br\/site\/?p=39933"},"modified":"2019-12-28T10:00:37","modified_gmt":"2019-12-28T13:00:37","slug":"nota-de-repudio-e-esclarecimento-da-prefeitura-de-senhor-do-bonfim","status":"publish","type":"post","link":"https:\/\/blogdoeloiltoncajuhy.com.br\/site\/nota-de-repudio-e-esclarecimento-da-prefeitura-de-senhor-do-bonfim\/","title":{"rendered":"Nota de Rep\u00fadio e Esclarecimento da Prefeitura de Senhor do Bonfim"},"content":{"rendered":"\n<p><strong>ASCOM &#8211; Prefeitura de Senhor do Bonfim-BA<\/strong><\/p>\n\n\n\n<div class=\"wp-block-image\"><figure class=\"aligncenter size-large is-resized\"><img fetchpriority=\"high\" decoding=\"async\" src=\"https:\/\/i1.wp.com\/blogdoeloiltoncajuhy.com.br\/site\/wp-content\/uploads\/2019\/12\/PMSB_NotaEsclarecimentoRep\u00fadioIgrejas.jpg?fit=590%2C590\" alt=\"\" class=\"wp-image-39934\" width=\"477\" height=\"477\" srcset=\"https:\/\/i0.wp.com\/blogdoeloiltoncajuhy.com.br\/site\/wp-content\/uploads\/2019\/12\/PMSB_NotaEsclarecimentoRep%C3%BAdioIgrejas.jpg?w=1200&amp;ssl=1 1200w, https:\/\/i0.wp.com\/blogdoeloiltoncajuhy.com.br\/site\/wp-content\/uploads\/2019\/12\/PMSB_NotaEsclarecimentoRep%C3%BAdioIgrejas.jpg?resize=300%2C300&amp;ssl=1 300w, https:\/\/i0.wp.com\/blogdoeloiltoncajuhy.com.br\/site\/wp-content\/uploads\/2019\/12\/PMSB_NotaEsclarecimentoRep%C3%BAdioIgrejas.jpg?resize=1024%2C1024&amp;ssl=1 1024w, https:\/\/i0.wp.com\/blogdoeloiltoncajuhy.com.br\/site\/wp-content\/uploads\/2019\/12\/PMSB_NotaEsclarecimentoRep%C3%BAdioIgrejas.jpg?resize=150%2C150&amp;ssl=1 150w, https:\/\/i0.wp.com\/blogdoeloiltoncajuhy.com.br\/site\/wp-content\/uploads\/2019\/12\/PMSB_NotaEsclarecimentoRep%C3%BAdioIgrejas.jpg?resize=768%2C768&amp;ssl=1 768w, https:\/\/i0.wp.com\/blogdoeloiltoncajuhy.com.br\/site\/wp-content\/uploads\/2019\/12\/PMSB_NotaEsclarecimentoRep%C3%BAdioIgrejas.jpg?resize=250%2C250&amp;ssl=1 250w, https:\/\/i0.wp.com\/blogdoeloiltoncajuhy.com.br\/site\/wp-content\/uploads\/2019\/12\/PMSB_NotaEsclarecimentoRep%C3%BAdioIgrejas.jpg?resize=48%2C48&amp;ssl=1 48w\" sizes=\"(max-width: 477px) 100vw, 477px\" \/><\/figure><\/div>\n\n\n\n<p>De forma caluniosa, irrespons\u00e1vel e sem embasamento jur\u00eddico, foi deflagrada uma inverdade sobre as doa\u00e7\u00f5es de terrenos \u00e0s Igrejas bonfinenses. Valendo-se das redes sociais, atrav\u00e9s de \u00e1udio, um indiv\u00edduo desesperado atacou de forma desrespeitosa a f\u00e9 de milhares de evang\u00e9licos e cat\u00f3licos da nossa cidade. O Governo Municipal repudia veementemente esse tipo covarde de fazer pol\u00edtica, onde a dissimula\u00e7\u00e3o e desinforma\u00e7\u00e3o tentam suplantar a verdade.<\/p>\n\n\n\n<p>Assim como Jesus venceu o mal usando a palavra de Deus, os \u00edmpios, por s\u00e9culos, sucumbem pelos atos de mentira. O ataque \u00e0 Prefeitura, \u00e0 C\u00e2mara de Vereadores e \u00e0s Igrejas, atrav\u00e9s do \u00e1udio, refor\u00e7ado por mat\u00e9ria em blog da cidade, explicita a tentativa de advers\u00e1rios em politizar o fato e causar confus\u00e3o na sociedade. Subjugam tamb\u00e9m a intelig\u00eancia do povo bonfinense quando tentam criar um conflito na rela\u00e7\u00e3o harmoniosa, respeitosa e cordial entre a atual gest\u00e3o, evang\u00e9licos e cat\u00f3licos.<\/p>\n\n\n\n<p>Para reafirmar o compromisso com a verdade, informamos ao povo bonfinense que as doa\u00e7\u00f5es de terrenos pela Prefeitura s\u00e3o previstas na lei org\u00e2nica municipal, e, sendo assim, s\u00e3o poss\u00edveis de serem realizadas. O Governo Municipal e as Igrejas Nova Si\u00e3o, Deus \u00e9 Libertador e Cat\u00f3lica agiram de boa-f\u00e9 e n\u00e3o tiveram como objetivo infringir a lei. Diferente das acusa\u00e7\u00f5es sem fundamento, as doa\u00e7\u00f5es foram encaminhadas com o prop\u00f3sito de ajudar na execu\u00e7\u00e3o de projetos em prol da coletividade e\/ou a\u00e7\u00f5es sociais, sem privil\u00e9gios a determinado segmento religioso.<\/p>\n\n\n\n<p>Importante informar que nas constru\u00e7\u00f5es dos Projetos de Lei de doa\u00e7\u00e3o se fazem necess\u00e1ria a inclus\u00e3o da avalia\u00e7\u00e3o do terreno e os projeto da entidade com as suas finalidades p\u00fablicas, documentos que n\u00e3o foram anexados, impulsionando o Minist\u00e9rio P\u00fablico \u00e0 an\u00e1lise da constitucionalidade das leis sancionadas e, posteriormente, \u00e0 resposta do poder p\u00fablico. O processo culminou no entendimento e na assinatura do TAC. <\/p>\n\n\n\n<p>O TAC \u2013 Termo de Ajustamento de Conduta, assinado entre o poder p\u00fablico, terceiros e poder judici\u00e1rio, tem como objetivo o ajuste para efetiva execu\u00e7\u00e3o e, desse acordo firmado, resultou na impossibilidade futura de investimentos do poder p\u00fablico na contrata\u00e7\u00e3o de bandas para eventos festivos de cunho religioso, por\u00e9m, mesmo assim, ressaltamos que o acordo garante total apoio da Prefeitura na contrata\u00e7\u00e3o de estruturas e amparo log\u00edstico para realiza\u00e7\u00e3o dessas festividades; apagando assim mais uma mentira que foi colocada pelos opositores.<\/p>\n\n\n\n<p>As comunidades evang\u00e9lica e cat\u00f3lica sabem do compromisso do Prefeito Carlos Brasileiro e do apoio que sempre foi concedido durante suas gest\u00f5es, a exemplo da Festa do Padroeiro Senhor do Bonfim e da lei que criou a grandiosa Noite Gospel que foi sancionada durante seu governo, al\u00e9m de outros diversos eventos religiosos realizados em nosso munic\u00edpio.<\/p>\n\n\n\n<p>Finalizamos externando o sentimento de indigna\u00e7\u00e3o contra afirma\u00e7\u00f5es de opositores pol\u00edticos que usaram de artif\u00edcios para macular a decis\u00e3o do Minist\u00e9rio P\u00fablico e, consequentemente, denegrir tamb\u00e9m a imagem dos membros das Igrejas na cidade. Quando usam a palavra \u201cgolpe\u201d tentam descredibilizar a nobre a\u00e7\u00e3o de doar para realiza\u00e7\u00e3o de a\u00e7\u00f5es sociais, e golpeiam a f\u00e9 das pessoas, os seus sonhos, suas cren\u00e7as e os prop\u00f3sitos religiosos de levar a esperan\u00e7a aos desemparados.<\/p>\n\n\n\n<p>Ao Governo Municipal de Senhor do Bonfim n\u00e3o interessa o recebimento dos terrenos que j\u00e1 foram doados, mas suas regulariza\u00e7\u00f5es e usos para finalidades ben\u00e9ficas \u00e0 popula\u00e7\u00e3o, assim como, reafirma o compromisso de apoio \u00e0s religi\u00f5es e cultos da nossa querida Senhor do Bonfim.<\/p>\n","protected":false},"excerpt":{"rendered":"<p>ASCOM &#8211; Prefeitura de Senhor do Bonfim-BA De forma caluniosa, irrespons\u00e1vel e sem embasamento jur\u00eddico, foi deflagrada uma inverdade sobre as doa\u00e7\u00f5es de terrenos \u00e0s Igrejas bonfinenses. Valendo-se das redes sociais, atrav\u00e9s de \u00e1udio, um indiv\u00edduo desesperado atacou de forma desrespeitosa a f\u00e9 de milhares de evang\u00e9licos e cat\u00f3licos da nossa cidade. O Governo Municipal [&hellip;]<\/p>\n","protected":false},"author":2,"featured_media":39934,"comment_status":"open","ping_status":"open","sticky":false,"template":"","format":"standard","meta":{"_acf_changed":false,"_monsterinsights_skip_tracking":false,"_monsterinsights_sitenote_active":false,"_monsterinsights_sitenote_note":"","_monsterinsights_sitenote_category":0,"_jetpack_memberships_contains_paid_content":false,"footnotes":"","jetpack_publicize_message":"","jetpack_publicize_feature_enabled":true,"jetpack_social_post_already_shared":true,"jetpack_social_options":{"image_generator_settings":{"template":"highway","default_image_id":0,"font":"","enabled":false},"version":2}},"categories":[1,4],"tags":[],"class_list":["post-39933","post","type-post","status-publish","format-standard","has-post-thumbnail","hentry","category-noticias","category-local"],"acf":[],"jetpack_publicize_connections":[],"jetpack_featured_media_url":"https:\/\/i0.wp.com\/blogdoeloiltoncajuhy.com.br\/site\/wp-content\/uploads\/2019\/12\/PMSB_NotaEsclarecimentoRep%C3%BAdioIgrejas.jpg?fit=1200%2C1200&ssl=1","jetpack_sharing_enabled":true,"publishpress_future_workflow_manual_trigger":{"enabledWorkflows":[]},"_links":{"self":[{"href":"https:\/\/blogdoeloiltoncajuhy.com.br\/site\/wp-json\/wp\/v2\/posts\/39933","targetHints":{"allow":["GET"]}}],"collection":[{"href":"https:\/\/blogdoeloiltoncajuhy.com.br\/site\/wp-json\/wp\/v2\/posts"}],"about":[{"href":"https:\/\/blogdoeloiltoncajuhy.com.br\/site\/wp-json\/wp\/v2\/types\/post"}],"author":[{"embeddable":true,"href":"https:\/\/blogdoeloiltoncajuhy.com.br\/site\/wp-json\/wp\/v2\/users\/2"}],"replies":[{"embeddable":true,"href":"https:\/\/blogdoeloiltoncajuhy.com.br\/site\/wp-json\/wp\/v2\/comments?post=39933"}],"version-history":[{"count":1,"href":"https:\/\/blogdoeloiltoncajuhy.com.br\/site\/wp-json\/wp\/v2\/posts\/39933\/revisions"}],"predecessor-version":[{"id":39935,"href":"https:\/\/blogdoeloiltoncajuhy.com.br\/site\/wp-json\/wp\/v2\/posts\/39933\/revisions\/39935"}],"wp:featuredmedia":[{"embeddable":true,"href":"https:\/\/blogdoeloiltoncajuhy.com.br\/site\/wp-json\/wp\/v2\/media\/39934"}],"wp:attachment":[{"href":"https:\/\/blogdoeloiltoncajuhy.com.br\/site\/wp-json\/wp\/v2\/media?parent=39933"}],"wp:term":[{"taxonomy":"category","embeddable":true,"href":"https:\/\/blogdoeloiltoncajuhy.com.br\/site\/wp-json\/wp\/v2\/categories?post=39933"},{"taxonomy":"post_tag","embeddable":true,"href":"https:\/\/blogdoeloiltoncajuhy.com.br\/site\/wp-json\/wp\/v2\/tags?post=39933"}],"curies":[{"name":"wp","href":"https:\/\/api.w.org\/{rel}","templated":true}]}}