{"id":39928,"date":"2019-12-27T19:16:47","date_gmt":"2019-12-27T22:16:47","guid":{"rendered":"http:\/\/blogdoeloiltoncajuhy.com.br\/site\/?p=39928"},"modified":"2019-12-27T19:16:53","modified_gmt":"2019-12-27T22:16:53","slug":"comeca-neste-sabado-28-o-campeonato-andorinhense-de-futebol-amador","status":"publish","type":"post","link":"https:\/\/blogdoeloiltoncajuhy.com.br\/site\/comeca-neste-sabado-28-o-campeonato-andorinhense-de-futebol-amador\/","title":{"rendered":"Come\u00e7a neste s\u00e1bado (28) o Campeonato Andorinhense de Futebol Amador"},"content":{"rendered":"\n<p><strong>ASCOM &#8211; Prefeitura de Andorinha-BA<\/strong><\/p>\n\n\n\n<div class=\"wp-block-image\"><figure class=\"aligncenter size-large is-resized\"><img data-recalc-dims=\"1\" fetchpriority=\"high\" decoding=\"async\" src=\"https:\/\/i0.wp.com\/blogdoeloiltoncajuhy.com.br\/site\/wp-content\/uploads\/2019\/12\/PMA_CampAndorinha.png?resize=533%2C328\" alt=\"\" class=\"wp-image-39929\" width=\"533\" height=\"328\" srcset=\"https:\/\/i0.wp.com\/blogdoeloiltoncajuhy.com.br\/site\/wp-content\/uploads\/2019\/12\/PMA_CampAndorinha.png?w=920&amp;ssl=1 920w, https:\/\/i0.wp.com\/blogdoeloiltoncajuhy.com.br\/site\/wp-content\/uploads\/2019\/12\/PMA_CampAndorinha.png?resize=300%2C184&amp;ssl=1 300w, https:\/\/i0.wp.com\/blogdoeloiltoncajuhy.com.br\/site\/wp-content\/uploads\/2019\/12\/PMA_CampAndorinha.png?resize=768%2C472&amp;ssl=1 768w, https:\/\/i0.wp.com\/blogdoeloiltoncajuhy.com.br\/site\/wp-content\/uploads\/2019\/12\/PMA_CampAndorinha.png?resize=250%2C154&amp;ssl=1 250w\" sizes=\"(max-width: 533px) 100vw, 533px\" \/><\/figure><\/div>\n\n\n\n<p>A solenidade de abertura ter\u00e1 in\u00edcio a partir das 14 horas, na quadra poliesportiva da Vila Peixe, com a entrega dos uniformes para as equipes participantes do certame.<\/p>\n\n\n\n<p>Ap\u00f3s a solenidade, que contar\u00e1 com a presen\u00e7a do prefeito Renato Brand\u00e3o, a competi\u00e7\u00e3o ter\u00e1 in\u00edcio oficialmente no campo da Vila Peixe.<\/p>\n\n\n\n<p><em>\u201cN\u00f3s temos uma equipe de trabalho muito boa que \u00e9 capaz de fazer do nosso esporte uma refer\u00eancia em organiza\u00e7\u00e3o. Temos este ano seis times que, sem d\u00favida, ter\u00e3o uma grande atua\u00e7\u00e3o nas disputas\u201d<\/em>, ressaltou  Renato.<\/p>\n\n\n\n<p>V\u00e3o participar do campeonato as equipes do Medrado, Sitio do A\u00e7ude, Tigre de Andorinha, Vila Peixe, Papelaria Andrade e Nova Gera\u00e7\u00e3o.<\/p>\n\n\n\n<p>A competi\u00e7\u00e3o \u00e9 organizada pela Secretaria de Cultura, Desporto e Turismo, que tem \u00e0 frente o secret\u00e1rio Reis Carlos.<\/p>\n\n\n\n<p><em>&#8220;Quero congratular-me com todos os atletas e desejar boa sorte aos competidores para que prevale\u00e7a o espirito desportivo e que tenhamos um excelente campeonato com respeito \u00e0s regras e aos advers\u00e1rios\u201d<\/em>, destacou Reis.<\/p>\n","protected":false},"excerpt":{"rendered":"<p>ASCOM &#8211; Prefeitura de Andorinha-BA A solenidade de abertura ter\u00e1 in\u00edcio a partir das 14 horas, na quadra poliesportiva da Vila Peixe, com a entrega dos uniformes para as equipes participantes do certame. Ap\u00f3s a solenidade, que contar\u00e1 com a presen\u00e7a do prefeito Renato Brand\u00e3o, a competi\u00e7\u00e3o ter\u00e1 in\u00edcio oficialmente no campo da Vila Peixe. [&hellip;]<\/p>\n","protected":false},"author":2,"featured_media":39929,"comment_status":"open","ping_status":"open","sticky":false,"template":"","format":"standard","meta":{"_acf_changed":false,"_monsterinsights_skip_tracking":false,"_monsterinsights_sitenote_active":false,"_monsterinsights_sitenote_note":"","_monsterinsights_sitenote_category":0,"_jetpack_memberships_contains_paid_content":false,"footnotes":"","jetpack_publicize_message":"","jetpack_publicize_feature_enabled":true,"jetpack_social_post_already_shared":true,"jetpack_social_options":{"image_generator_settings":{"template":"highway","default_image_id":0,"font":"","enabled":false},"version":2}},"categories":[6,1,11],"tags":[],"class_list":["post-39928","post","type-post","status-publish","format-standard","has-post-thumbnail","hentry","category-esportes","category-noticias","category-regional"],"acf":[],"jetpack_publicize_connections":[],"jetpack_featured_media_url":"https:\/\/i0.wp.com\/blogdoeloiltoncajuhy.com.br\/site\/wp-content\/uploads\/2019\/12\/PMA_CampAndorinha.png?fit=920%2C565&ssl=1","jetpack_sharing_enabled":true,"publishpress_future_workflow_manual_trigger":{"enabledWorkflows":[]},"_links":{"self":[{"href":"https:\/\/blogdoeloiltoncajuhy.com.br\/site\/wp-json\/wp\/v2\/posts\/39928","targetHints":{"allow":["GET"]}}],"collection":[{"href":"https:\/\/blogdoeloiltoncajuhy.com.br\/site\/wp-json\/wp\/v2\/posts"}],"about":[{"href":"https:\/\/blogdoeloiltoncajuhy.com.br\/site\/wp-json\/wp\/v2\/types\/post"}],"author":[{"embeddable":true,"href":"https:\/\/blogdoeloiltoncajuhy.com.br\/site\/wp-json\/wp\/v2\/users\/2"}],"replies":[{"embeddable":true,"href":"https:\/\/blogdoeloiltoncajuhy.com.br\/site\/wp-json\/wp\/v2\/comments?post=39928"}],"version-history":[{"count":1,"href":"https:\/\/blogdoeloiltoncajuhy.com.br\/site\/wp-json\/wp\/v2\/posts\/39928\/revisions"}],"predecessor-version":[{"id":39930,"href":"https:\/\/blogdoeloiltoncajuhy.com.br\/site\/wp-json\/wp\/v2\/posts\/39928\/revisions\/39930"}],"wp:featuredmedia":[{"embeddable":true,"href":"https:\/\/blogdoeloiltoncajuhy.com.br\/site\/wp-json\/wp\/v2\/media\/39929"}],"wp:attachment":[{"href":"https:\/\/blogdoeloiltoncajuhy.com.br\/site\/wp-json\/wp\/v2\/media?parent=39928"}],"wp:term":[{"taxonomy":"category","embeddable":true,"href":"https:\/\/blogdoeloiltoncajuhy.com.br\/site\/wp-json\/wp\/v2\/categories?post=39928"},{"taxonomy":"post_tag","embeddable":true,"href":"https:\/\/blogdoeloiltoncajuhy.com.br\/site\/wp-json\/wp\/v2\/tags?post=39928"}],"curies":[{"name":"wp","href":"https:\/\/api.w.org\/{rel}","templated":true}]}}