{"id":39925,"date":"2019-12-27T19:05:20","date_gmt":"2019-12-27T22:05:20","guid":{"rendered":"http:\/\/blogdoeloiltoncajuhy.com.br\/site\/?p=39925"},"modified":"2019-12-27T19:05:25","modified_gmt":"2019-12-27T22:05:25","slug":"bonfim-em-desenvolvimento-quadra-de-esportes-de-tijuacu-esta-sendo-reformada","status":"publish","type":"post","link":"https:\/\/blogdoeloiltoncajuhy.com.br\/site\/bonfim-em-desenvolvimento-quadra-de-esportes-de-tijuacu-esta-sendo-reformada\/","title":{"rendered":"Bonfim em Desenvolvimento: Quadra de esportes de Tijua\u00e7u est\u00e1 sendo reformada"},"content":{"rendered":"\n<p><strong>ASCOM &#8211; Prefeitura de Senhor do Bonfim-BA<\/strong><\/p>\n\n\n\n<div class=\"wp-block-image\"><figure class=\"aligncenter size-large is-resized\"><img data-recalc-dims=\"1\" fetchpriority=\"high\" decoding=\"async\" src=\"https:\/\/i0.wp.com\/blogdoeloiltoncajuhy.com.br\/site\/wp-content\/uploads\/2019\/12\/PMSB_QuadraTijua%C3%A7u.jpg?resize=480%2C320\" alt=\"\" class=\"wp-image-39926\" width=\"480\" height=\"320\" srcset=\"https:\/\/i0.wp.com\/blogdoeloiltoncajuhy.com.br\/site\/wp-content\/uploads\/2019\/12\/PMSB_QuadraTijua%C3%A7u.jpg?w=960&amp;ssl=1 960w, https:\/\/i0.wp.com\/blogdoeloiltoncajuhy.com.br\/site\/wp-content\/uploads\/2019\/12\/PMSB_QuadraTijua%C3%A7u.jpg?resize=300%2C200&amp;ssl=1 300w, https:\/\/i0.wp.com\/blogdoeloiltoncajuhy.com.br\/site\/wp-content\/uploads\/2019\/12\/PMSB_QuadraTijua%C3%A7u.jpg?resize=768%2C511&amp;ssl=1 768w, https:\/\/i0.wp.com\/blogdoeloiltoncajuhy.com.br\/site\/wp-content\/uploads\/2019\/12\/PMSB_QuadraTijua%C3%A7u.jpg?resize=250%2C166&amp;ssl=1 250w\" sizes=\"(max-width: 480px) 100vw, 480px\" \/><\/figure><\/div>\n\n\n\n<p>Na \u00faltima semana, o prefeito de Senhor do Bonfim, Carlos Brasileiro, esteve na comunidade quilombola de Tijua\u00e7u, autorizando o in\u00edcio das obras de reforma da quadra da escola municipal. O evento contou com ampla participa\u00e7\u00e3o dos moradores, do vice-prefeito Jos\u00e9 Ant\u00f4nio, de vereadores, secret\u00e1rios municipais e lideran\u00e7as comunit\u00e1rias.<\/p>\n\n\n\n<p>Na ocasi\u00e3o, o prefeito aproveitou para agradecer o apoio da comunidade e anunciou tamb\u00e9m que em fevereiro ir\u00e1 come\u00e7ar as obras de pavimenta\u00e7\u00e3o da Rua do Litro, Travessa Senhor do Bonfim e Rua do Cemit\u00e9rio.<\/p>\n\n\n\n<p><em>\u201c\u00c9 mais um sonho dos filhos de Tijua\u00e7u e com f\u00e9 em Deus at\u00e9 o fim de 2020 haveremos de cal\u00e7ar ainda mais tr\u00eas ruas em Tijua\u00e7u\u201d<\/em>, ressaltou Brasileiro.<\/p>\n\n\n\n<p>A reforma foi um pedido do vereador Carlos de Tijua\u00e7u e ter\u00e1 um investimento de R$ 64 mil.  <em>\u201cA revitaliza\u00e7\u00e3o desta quadra faz parte de uma promessa de campanha que hoje estamos cumprindo por meio do mandato do Neg\u00e3o e pelo empenho do prefeito Carlos Brasileiro&#8221;<\/em>, lembrou o vereador Carlos do Tijua\u00e7u (Neg\u00e3o).<\/p>\n\n\n\n<p><em>&#8220;Esse equipamento esportivo representa mais oportunidades para crian\u00e7as, adolescentes e jovens da nossa comunidade\u201d<\/em>, frisou o Neg\u00e3o. A quadra, constru\u00edda no in\u00edcio dos anos 2000 pelo prefeito Carlos Brasileiro, vai passar por mudan\u00e7as no piso, nas telas destru\u00eddas, ilumina\u00e7\u00e3o, pintura e troca das traves.<\/p>\n\n\n\n<p>O morador Fabio Junior do Santos Ara\u00fajo ficou satisfeito com a a\u00e7\u00e3o do programa Bonfim em Desenvolvimento. <em>\u201cA not\u00edcia \u00e9 muito boa. Toda comunidade e, principalmente, os jovens fest\u00e3o muito felizes\u201d<\/em>, destacou.<\/p>\n\n\n\n<p>A reforma da quadra esportiva est\u00e1 a cargo da empresa Suporte Constru\u00e7\u00f5es. <em>\u201cAcredito que at\u00e9 20 janeiro a obra ser\u00e1 entregue\u201d<\/em>, disse o secret\u00e1rio de Infraestrutura, Ivan Barbosa.<\/p>\n\n\n\n<p><em>\u201cAgrade\u00e7o em nome de todos os moradores de Tijua\u00e7u\u201d<\/em>, falou  entusiasmado o jovem desportista, Henrique Freitas, durante o  cerimonial  de assinatura da ordem de servi\u00e7o.<\/p>\n","protected":false},"excerpt":{"rendered":"<p>ASCOM &#8211; Prefeitura de Senhor do Bonfim-BA Na \u00faltima semana, o prefeito de Senhor do Bonfim, Carlos Brasileiro, esteve na comunidade quilombola de Tijua\u00e7u, autorizando o in\u00edcio das obras de reforma da quadra da escola municipal. O evento contou com ampla participa\u00e7\u00e3o dos moradores, do vice-prefeito Jos\u00e9 Ant\u00f4nio, de vereadores, secret\u00e1rios municipais e lideran\u00e7as comunit\u00e1rias. [&hellip;]<\/p>\n","protected":false},"author":2,"featured_media":39926,"comment_status":"open","ping_status":"open","sticky":false,"template":"","format":"standard","meta":{"_acf_changed":false,"_monsterinsights_skip_tracking":false,"_monsterinsights_sitenote_active":false,"_monsterinsights_sitenote_note":"","_monsterinsights_sitenote_category":0,"_jetpack_memberships_contains_paid_content":false,"footnotes":"","jetpack_publicize_message":"","jetpack_publicize_feature_enabled":true,"jetpack_social_post_already_shared":true,"jetpack_social_options":{"image_generator_settings":{"template":"highway","default_image_id":0,"font":"","enabled":false},"version":2}},"categories":[1,3,4],"tags":[],"class_list":["post-39925","post","type-post","status-publish","format-standard","has-post-thumbnail","hentry","category-noticias","category-politica","category-local"],"acf":[],"jetpack_publicize_connections":[],"jetpack_featured_media_url":"https:\/\/i0.wp.com\/blogdoeloiltoncajuhy.com.br\/site\/wp-content\/uploads\/2019\/12\/PMSB_QuadraTijua%C3%A7u.jpg?fit=960%2C639&ssl=1","jetpack_sharing_enabled":true,"publishpress_future_workflow_manual_trigger":{"enabledWorkflows":[]},"_links":{"self":[{"href":"https:\/\/blogdoeloiltoncajuhy.com.br\/site\/wp-json\/wp\/v2\/posts\/39925","targetHints":{"allow":["GET"]}}],"collection":[{"href":"https:\/\/blogdoeloiltoncajuhy.com.br\/site\/wp-json\/wp\/v2\/posts"}],"about":[{"href":"https:\/\/blogdoeloiltoncajuhy.com.br\/site\/wp-json\/wp\/v2\/types\/post"}],"author":[{"embeddable":true,"href":"https:\/\/blogdoeloiltoncajuhy.com.br\/site\/wp-json\/wp\/v2\/users\/2"}],"replies":[{"embeddable":true,"href":"https:\/\/blogdoeloiltoncajuhy.com.br\/site\/wp-json\/wp\/v2\/comments?post=39925"}],"version-history":[{"count":1,"href":"https:\/\/blogdoeloiltoncajuhy.com.br\/site\/wp-json\/wp\/v2\/posts\/39925\/revisions"}],"predecessor-version":[{"id":39927,"href":"https:\/\/blogdoeloiltoncajuhy.com.br\/site\/wp-json\/wp\/v2\/posts\/39925\/revisions\/39927"}],"wp:featuredmedia":[{"embeddable":true,"href":"https:\/\/blogdoeloiltoncajuhy.com.br\/site\/wp-json\/wp\/v2\/media\/39926"}],"wp:attachment":[{"href":"https:\/\/blogdoeloiltoncajuhy.com.br\/site\/wp-json\/wp\/v2\/media?parent=39925"}],"wp:term":[{"taxonomy":"category","embeddable":true,"href":"https:\/\/blogdoeloiltoncajuhy.com.br\/site\/wp-json\/wp\/v2\/categories?post=39925"},{"taxonomy":"post_tag","embeddable":true,"href":"https:\/\/blogdoeloiltoncajuhy.com.br\/site\/wp-json\/wp\/v2\/tags?post=39925"}],"curies":[{"name":"wp","href":"https:\/\/api.w.org\/{rel}","templated":true}]}}