{"id":39920,"date":"2019-12-27T18:49:04","date_gmt":"2019-12-27T21:49:04","guid":{"rendered":"http:\/\/blogdoeloiltoncajuhy.com.br\/site\/?p=39920"},"modified":"2019-12-27T18:53:26","modified_gmt":"2019-12-27T21:53:26","slug":"natal-de-luz-de-senhor-do-bonfim-faz-sucesso-e-recebe-elogios","status":"publish","type":"post","link":"https:\/\/blogdoeloiltoncajuhy.com.br\/site\/natal-de-luz-de-senhor-do-bonfim-faz-sucesso-e-recebe-elogios\/","title":{"rendered":"&#8220;Natal de Luz&#8221; de Senhor do Bonfim faz sucesso e recebe elogios"},"content":{"rendered":"\n<p><strong>ASCOM &#8211; Prefeitura de Senhor do Bonfim-BA<\/strong><\/p>\n\n\n\n<div class=\"wp-block-image\"><figure class=\"aligncenter size-large is-resized\"><img data-recalc-dims=\"1\" fetchpriority=\"high\" decoding=\"async\" src=\"https:\/\/i0.wp.com\/blogdoeloiltoncajuhy.com.br\/site\/wp-content\/uploads\/2019\/12\/PMSB_NatalLuz-2019-01.jpg?resize=480%2C320\" alt=\"\" class=\"wp-image-39921\" width=\"480\" height=\"320\" srcset=\"https:\/\/i0.wp.com\/blogdoeloiltoncajuhy.com.br\/site\/wp-content\/uploads\/2019\/12\/PMSB_NatalLuz-2019-01.jpg?w=960&amp;ssl=1 960w, https:\/\/i0.wp.com\/blogdoeloiltoncajuhy.com.br\/site\/wp-content\/uploads\/2019\/12\/PMSB_NatalLuz-2019-01.jpg?resize=300%2C200&amp;ssl=1 300w, https:\/\/i0.wp.com\/blogdoeloiltoncajuhy.com.br\/site\/wp-content\/uploads\/2019\/12\/PMSB_NatalLuz-2019-01.jpg?resize=768%2C512&amp;ssl=1 768w, https:\/\/i0.wp.com\/blogdoeloiltoncajuhy.com.br\/site\/wp-content\/uploads\/2019\/12\/PMSB_NatalLuz-2019-01.jpg?resize=250%2C167&amp;ssl=1 250w\" sizes=\"(max-width: 480px) 100vw, 480px\" \/><\/figure><\/div>\n\n\n\n<p>\u201cTudo muito lindo. Me fez relembrar quando minha m\u00e3e me trazia para viver o natal\u201c, comentou a dona de casa Sandra Tamarinho Rodrigues, que estava acompanhada pelo marido e filhos durante a apresenta\u00e7\u00e3o da Filarm\u00f4nica dos Ferrovi\u00e1rios Bonfinenses.<\/p>\n\n\n\n<p>Cidade decorada, diversas apresenta\u00e7\u00f5es e o bom velhinho Papai Noel animando as crian\u00e7as. Foi assim o \u201cNatal de Luz\u201d em Senhor do Bonfim que aconteceu entre os dias 22 e 24 de dezembro.<\/p>\n\n\n\n<p>A programa\u00e7\u00e3o foi bastante prestigiada pela popula\u00e7\u00e3o do munic\u00edpio e visitantes. \u201dGostei muito, fiquei encantada\u201d, comentou, acompanhada de familiares, a aposentada Judity Muricy Teixeira (de 85 anos).<\/p>\n\n\n\n<div class=\"wp-block-image\"><figure class=\"aligncenter size-large is-resized\"><img data-recalc-dims=\"1\" decoding=\"async\" src=\"https:\/\/i0.wp.com\/blogdoeloiltoncajuhy.com.br\/site\/wp-content\/uploads\/2019\/12\/PMSB_NatalLuz-2019-02.jpg?resize=480%2C320\" alt=\"\" class=\"wp-image-39922\" width=\"480\" height=\"320\" srcset=\"https:\/\/i0.wp.com\/blogdoeloiltoncajuhy.com.br\/site\/wp-content\/uploads\/2019\/12\/PMSB_NatalLuz-2019-02.jpg?w=960&amp;ssl=1 960w, https:\/\/i0.wp.com\/blogdoeloiltoncajuhy.com.br\/site\/wp-content\/uploads\/2019\/12\/PMSB_NatalLuz-2019-02.jpg?resize=300%2C200&amp;ssl=1 300w, https:\/\/i0.wp.com\/blogdoeloiltoncajuhy.com.br\/site\/wp-content\/uploads\/2019\/12\/PMSB_NatalLuz-2019-02.jpg?resize=768%2C511&amp;ssl=1 768w, https:\/\/i0.wp.com\/blogdoeloiltoncajuhy.com.br\/site\/wp-content\/uploads\/2019\/12\/PMSB_NatalLuz-2019-02.jpg?resize=250%2C166&amp;ssl=1 250w\" sizes=\"(max-width: 480px) 100vw, 480px\" \/><\/figure><\/div>\n\n\n\n<p>Este ano, uma das novidades que encheu os olhos e o cora\u00e7\u00e3o do p\u00fablico, foi o Desfile Natalino com a Folia de Reis. O cortejo saiu da prefeitura, circulou pelo centro e finalizou na Pra\u00e7a Nova.<\/p>\n\n\n\n<p>Bastante elogiada, a decora\u00e7\u00e3o e a ilumina\u00e7\u00e3o natalina deram um tom especial \u00e0 festa em v\u00e1rios pontos da cidade. \u201cTudo feito com muito amor e carinho. Est\u00e1 maravilhoso\u201d, parabenizou o senhor Etevaldo Marques.<\/p>\n\n\n\n<p>O prefeito Carlos Brasileiro prestigiou as festividades acompanhado pela primeira-dama F\u00e1tima Brasileiro. <em>\u201cO nosso esfor\u00e7o \u00e9 proporcionar uma festa cheia de alegria e paz, unindo as fam\u00edlias no esp\u00edrito natalino. Boas festas e um Ano Novo cheio de realiza\u00e7\u00f5es, esperan\u00e7a e que a f\u00e9 permane\u00e7a em todos os cora\u00e7\u00f5es\u201d<\/em>, desejou o prefeito.<\/p>\n\n\n\n<p><em>&#8220;Nossa festa j\u00e1 \u00e9 um grande vetor econ\u00f4mico e tur\u00edstico. Vamos trabalhar mais e fazer um evento ainda melhor no ano que vem&#8221;<\/em>, ressaltou a secret\u00e1ria de Cultura, Nalvinha Aguiar.<\/p>\n\n\n\n<div class=\"wp-block-image\"><figure class=\"aligncenter size-large is-resized\"><img data-recalc-dims=\"1\" decoding=\"async\" src=\"https:\/\/i0.wp.com\/blogdoeloiltoncajuhy.com.br\/site\/wp-content\/uploads\/2019\/12\/PMSB_NatalLuz-2019-03.jpg?resize=480%2C320\" alt=\"\" class=\"wp-image-39923\" width=\"480\" height=\"320\" srcset=\"https:\/\/i0.wp.com\/blogdoeloiltoncajuhy.com.br\/site\/wp-content\/uploads\/2019\/12\/PMSB_NatalLuz-2019-03.jpg?w=960&amp;ssl=1 960w, https:\/\/i0.wp.com\/blogdoeloiltoncajuhy.com.br\/site\/wp-content\/uploads\/2019\/12\/PMSB_NatalLuz-2019-03.jpg?resize=300%2C200&amp;ssl=1 300w, https:\/\/i0.wp.com\/blogdoeloiltoncajuhy.com.br\/site\/wp-content\/uploads\/2019\/12\/PMSB_NatalLuz-2019-03.jpg?resize=768%2C511&amp;ssl=1 768w, https:\/\/i0.wp.com\/blogdoeloiltoncajuhy.com.br\/site\/wp-content\/uploads\/2019\/12\/PMSB_NatalLuz-2019-03.jpg?resize=250%2C166&amp;ssl=1 250w\" sizes=\"(max-width: 480px) 100vw, 480px\" \/><\/figure><\/div>\n","protected":false},"excerpt":{"rendered":"<p>ASCOM &#8211; Prefeitura de Senhor do Bonfim-BA \u201cTudo muito lindo. Me fez relembrar quando minha m\u00e3e me trazia para viver o natal\u201c, comentou a dona de casa Sandra Tamarinho Rodrigues, que estava acompanhada pelo marido e filhos durante a apresenta\u00e7\u00e3o da Filarm\u00f4nica dos Ferrovi\u00e1rios Bonfinenses. Cidade decorada, diversas apresenta\u00e7\u00f5es e o bom velhinho Papai Noel [&hellip;]<\/p>\n","protected":false},"author":2,"featured_media":39923,"comment_status":"open","ping_status":"open","sticky":false,"template":"","format":"standard","meta":{"_acf_changed":false,"_monsterinsights_skip_tracking":false,"_monsterinsights_sitenote_active":false,"_monsterinsights_sitenote_note":"","_monsterinsights_sitenote_category":0,"_jetpack_memberships_contains_paid_content":false,"footnotes":"","jetpack_publicize_message":"","jetpack_publicize_feature_enabled":true,"jetpack_social_post_already_shared":true,"jetpack_social_options":{"image_generator_settings":{"template":"highway","default_image_id":0,"font":"","enabled":false},"version":2}},"categories":[1,4],"tags":[],"class_list":["post-39920","post","type-post","status-publish","format-standard","has-post-thumbnail","hentry","category-noticias","category-local"],"acf":[],"jetpack_publicize_connections":[],"jetpack_featured_media_url":"https:\/\/i0.wp.com\/blogdoeloiltoncajuhy.com.br\/site\/wp-content\/uploads\/2019\/12\/PMSB_NatalLuz-2019-03.jpg?fit=960%2C639&ssl=1","jetpack_sharing_enabled":true,"publishpress_future_workflow_manual_trigger":{"enabledWorkflows":[]},"_links":{"self":[{"href":"https:\/\/blogdoeloiltoncajuhy.com.br\/site\/wp-json\/wp\/v2\/posts\/39920","targetHints":{"allow":["GET"]}}],"collection":[{"href":"https:\/\/blogdoeloiltoncajuhy.com.br\/site\/wp-json\/wp\/v2\/posts"}],"about":[{"href":"https:\/\/blogdoeloiltoncajuhy.com.br\/site\/wp-json\/wp\/v2\/types\/post"}],"author":[{"embeddable":true,"href":"https:\/\/blogdoeloiltoncajuhy.com.br\/site\/wp-json\/wp\/v2\/users\/2"}],"replies":[{"embeddable":true,"href":"https:\/\/blogdoeloiltoncajuhy.com.br\/site\/wp-json\/wp\/v2\/comments?post=39920"}],"version-history":[{"count":1,"href":"https:\/\/blogdoeloiltoncajuhy.com.br\/site\/wp-json\/wp\/v2\/posts\/39920\/revisions"}],"predecessor-version":[{"id":39924,"href":"https:\/\/blogdoeloiltoncajuhy.com.br\/site\/wp-json\/wp\/v2\/posts\/39920\/revisions\/39924"}],"wp:featuredmedia":[{"embeddable":true,"href":"https:\/\/blogdoeloiltoncajuhy.com.br\/site\/wp-json\/wp\/v2\/media\/39923"}],"wp:attachment":[{"href":"https:\/\/blogdoeloiltoncajuhy.com.br\/site\/wp-json\/wp\/v2\/media?parent=39920"}],"wp:term":[{"taxonomy":"category","embeddable":true,"href":"https:\/\/blogdoeloiltoncajuhy.com.br\/site\/wp-json\/wp\/v2\/categories?post=39920"},{"taxonomy":"post_tag","embeddable":true,"href":"https:\/\/blogdoeloiltoncajuhy.com.br\/site\/wp-json\/wp\/v2\/tags?post=39920"}],"curies":[{"name":"wp","href":"https:\/\/api.w.org\/{rel}","templated":true}]}}