{"id":39918,"date":"2019-12-27T09:50:50","date_gmt":"2019-12-27T12:50:50","guid":{"rendered":"http:\/\/blogdoeloiltoncajuhy.com.br\/site\/?p=39918"},"modified":"2019-12-27T09:50:55","modified_gmt":"2019-12-27T12:50:55","slug":"policlinicas-regionais-de-saude-atingem-marca-de-1-milhao-de-atendimentos","status":"publish","type":"post","link":"https:\/\/blogdoeloiltoncajuhy.com.br\/site\/policlinicas-regionais-de-saude-atingem-marca-de-1-milhao-de-atendimentos\/","title":{"rendered":"Policl\u00ednicas regionais de sa\u00fade atingem marca de 1 milh\u00e3o de atendimentos"},"content":{"rendered":"\n<p><strong>Secom-BA<\/strong><\/p>\n\n\n\n<div class=\"wp-block-image\"><figure class=\"aligncenter size-large\"><img data-recalc-dims=\"1\" fetchpriority=\"high\" decoding=\"async\" width=\"800\" height=\"533\" src=\"https:\/\/i0.wp.com\/blogdoeloiltoncajuhy.com.br\/site\/wp-content\/uploads\/2019\/11\/Policl%C3%ADnicaInaugura%C3%A7%C3%A3o-03.jpg?resize=800%2C533\" alt=\"\" class=\"wp-image-38698\" srcset=\"https:\/\/i0.wp.com\/blogdoeloiltoncajuhy.com.br\/site\/wp-content\/uploads\/2019\/11\/Policl%C3%ADnicaInaugura%C3%A7%C3%A3o-03.jpg?resize=1024%2C682&amp;ssl=1 1024w, https:\/\/i0.wp.com\/blogdoeloiltoncajuhy.com.br\/site\/wp-content\/uploads\/2019\/11\/Policl%C3%ADnicaInaugura%C3%A7%C3%A3o-03.jpg?resize=300%2C200&amp;ssl=1 300w, https:\/\/i0.wp.com\/blogdoeloiltoncajuhy.com.br\/site\/wp-content\/uploads\/2019\/11\/Policl%C3%ADnicaInaugura%C3%A7%C3%A3o-03.jpg?resize=768%2C512&amp;ssl=1 768w, https:\/\/i0.wp.com\/blogdoeloiltoncajuhy.com.br\/site\/wp-content\/uploads\/2019\/11\/Policl%C3%ADnicaInaugura%C3%A7%C3%A3o-03.jpg?resize=250%2C167&amp;ssl=1 250w, https:\/\/i0.wp.com\/blogdoeloiltoncajuhy.com.br\/site\/wp-content\/uploads\/2019\/11\/Policl%C3%ADnicaInaugura%C3%A7%C3%A3o-03.jpg?w=1280&amp;ssl=1 1280w\" sizes=\"(max-width: 800px) 100vw, 800px\" \/><\/figure><\/div>\n\n\n\n<p>As 15 Policl\u00ednicas Regionais de Sa\u00fade em funcionamento na Bahia atingiram a marca de 1 milh\u00e3o de atendimentos. S\u00e3o consultas m\u00e9dicas com especialistas e diversos exames como resson\u00e2ncia magn\u00e9tica e tomografia. As unidades est\u00e3o dispon\u00edveis para os 7,8 milh\u00f5es de cidad\u00e3os de 285 munic\u00edpios das regi\u00f5es de Guanambi, Jequi\u00e9, Irec\u00ea, Alagoinhas, Feira de Santana, Valen\u00e7a, Santo Ant\u00f4nio de Jesus, Teixeira de Freitas, Paulo Afonso, Juazeiro, Vit\u00f3ria da Conquista, Jacobina, Itabuna, <strong>Senhor do Bonfim<\/strong> e Sim\u00f5es Filho, onde est\u00e3o instaladas as unidades.<\/p>\n\n\n\n<p>Um dos pacientes que foram atendidos em uma policl\u00ednica foi o servidor p\u00fablico Marcos Nunes. Morador de Jita\u00fana, ele teve exames e consultas agendadas para a unidade instalada em Jequi\u00e9. <em>\u201cAntes da policl\u00ednica era muito dif\u00edcil passar por um especialista. Agora o atendimento \u00e9 r\u00e1pido e com qualidade. Fui muito bem acolhido nas vezes que estive l\u00e1\u201d<\/em>, conta ele.<\/p>\n\n\n\n<p>Nas unidades, que foram constru\u00eddas com recursos estaduais, os pacientes t\u00eam acesso a uma variedade de especialidades m\u00e9dicas, a exemplo de angiologia, cardiologia, endocrinologia, gastrenterologia, neurologia, ortopedia, oftalmologia, otorrinolaringologia, ginecologia\/obstetr\u00edcia, mastologia e urologia. Tamb\u00e9m ser\u00e3o oferecidos diversos exames, como resson\u00e2ncia magn\u00e9tica, tomografia, mamografia, ultrassonografia com doppler, ecocardiografia, ergometria, mapa, holter, eletroencefalograma, eletromiografia, raio-X, eletrocardiograma, endoscopia, colonoscopia, entre outros.<\/p>\n\n\n\n<p>A gest\u00e3o das policl\u00ednicas \u00e9 realizada em parceria entre Governo do Estado e os munic\u00edpios que integram os cons\u00f3rcios. Os munic\u00edpios cobrem 60% dos custos de opera\u00e7\u00e3o, sendo que o valor \u00e9 dividido proporcionalmente ao n\u00famero de habitantes de cada um deles, e o Estado fica respons\u00e1vel pelos 40% restantes.<\/p>\n\n\n\n<div class=\"wp-block-image\"><figure class=\"aligncenter size-large\"><img data-recalc-dims=\"1\" decoding=\"async\" width=\"550\" height=\"309\" src=\"https:\/\/i0.wp.com\/blogdoeloiltoncajuhy.com.br\/site\/wp-content\/uploads\/2017\/11\/Divulga%C3%A7%C3%A3o-policlinica3.jpeg?resize=550%2C309\" alt=\"\" class=\"wp-image-21160\" srcset=\"https:\/\/i0.wp.com\/blogdoeloiltoncajuhy.com.br\/site\/wp-content\/uploads\/2017\/11\/Divulga%C3%A7%C3%A3o-policlinica3.jpeg?w=550&amp;ssl=1 550w, https:\/\/i0.wp.com\/blogdoeloiltoncajuhy.com.br\/site\/wp-content\/uploads\/2017\/11\/Divulga%C3%A7%C3%A3o-policlinica3.jpeg?resize=300%2C169&amp;ssl=1 300w, https:\/\/i0.wp.com\/blogdoeloiltoncajuhy.com.br\/site\/wp-content\/uploads\/2017\/11\/Divulga%C3%A7%C3%A3o-policlinica3.jpeg?resize=250%2C140&amp;ssl=1 250w\" sizes=\"(max-width: 550px) 100vw, 550px\" \/><\/figure><\/div>\n\n\n\n<p>De acordo com o secret\u00e1rio estadual da Sa\u00fade, F\u00e1bio Vilas-Boas, essa marca alcan\u00e7ada mostra a consolida\u00e7\u00e3o deste modelo de equipamento. <em>\u201cO conceito dos cons\u00f3rcios regionais tem mudado a maneira de enxergar o sistema de sa\u00fade estadual. \u00c9 um modelo que tem se tornado cada vez mais uma refer\u00eancia de sucesso em todo o Brasil. \u00c9 refer\u00eancia porque muda o paradigma entre os munic\u00edpios, diminui os atritos e cria uma nova vis\u00e3o do sistema de sa\u00fade, em que todos se sentem parte do processo\u201d<\/em>, afirma.<\/p>\n\n\n\n<p class=\"has-medium-font-size\"><strong>Novas unidades<\/strong><\/p>\n\n\n\n<p>Al\u00e9m das 15 policl\u00ednicas que j\u00e1 est\u00e3o em funcionamento, outras quatro unidades est\u00e3o em constru\u00e7\u00e3o nos munic\u00edpios de Salvador (duas unidades), Barreiras e S\u00e3o Francisco do Conde. Tamb\u00e9m est\u00e3o previstas para ter a constru\u00e7\u00e3o iniciada no pr\u00f3ximo ano outras cinco policl\u00ednicas nos munic\u00edpios de Itaberaba, Brumado, Eun\u00e1polis, Serrinha e Ribeira do Pombal.<\/p>\n","protected":false},"excerpt":{"rendered":"<p>Secom-BA As 15 Policl\u00ednicas Regionais de Sa\u00fade em funcionamento na Bahia atingiram a marca de 1 milh\u00e3o de atendimentos. S\u00e3o consultas m\u00e9dicas com especialistas e diversos exames como resson\u00e2ncia magn\u00e9tica e tomografia. As unidades est\u00e3o dispon\u00edveis para os 7,8 milh\u00f5es de cidad\u00e3os de 285 munic\u00edpios das regi\u00f5es de Guanambi, Jequi\u00e9, Irec\u00ea, Alagoinhas, Feira de Santana, [&hellip;]<\/p>\n","protected":false},"author":2,"featured_media":0,"comment_status":"open","ping_status":"open","sticky":false,"template":"","format":"standard","meta":{"_acf_changed":false,"_monsterinsights_skip_tracking":false,"_monsterinsights_sitenote_active":false,"_monsterinsights_sitenote_note":"","_monsterinsights_sitenote_category":0,"_jetpack_memberships_contains_paid_content":false,"footnotes":"","jetpack_publicize_message":"","jetpack_publicize_feature_enabled":true,"jetpack_social_post_already_shared":true,"jetpack_social_options":{"image_generator_settings":{"template":"highway","default_image_id":0,"font":"","enabled":false},"version":2}},"categories":[1,3,7],"tags":[],"class_list":["post-39918","post","type-post","status-publish","format-standard","hentry","category-noticias","category-politica","category-saude"],"acf":[],"jetpack_publicize_connections":[],"jetpack_featured_media_url":"","jetpack_sharing_enabled":true,"publishpress_future_workflow_manual_trigger":{"enabledWorkflows":[]},"_links":{"self":[{"href":"https:\/\/blogdoeloiltoncajuhy.com.br\/site\/wp-json\/wp\/v2\/posts\/39918","targetHints":{"allow":["GET"]}}],"collection":[{"href":"https:\/\/blogdoeloiltoncajuhy.com.br\/site\/wp-json\/wp\/v2\/posts"}],"about":[{"href":"https:\/\/blogdoeloiltoncajuhy.com.br\/site\/wp-json\/wp\/v2\/types\/post"}],"author":[{"embeddable":true,"href":"https:\/\/blogdoeloiltoncajuhy.com.br\/site\/wp-json\/wp\/v2\/users\/2"}],"replies":[{"embeddable":true,"href":"https:\/\/blogdoeloiltoncajuhy.com.br\/site\/wp-json\/wp\/v2\/comments?post=39918"}],"version-history":[{"count":1,"href":"https:\/\/blogdoeloiltoncajuhy.com.br\/site\/wp-json\/wp\/v2\/posts\/39918\/revisions"}],"predecessor-version":[{"id":39919,"href":"https:\/\/blogdoeloiltoncajuhy.com.br\/site\/wp-json\/wp\/v2\/posts\/39918\/revisions\/39919"}],"wp:attachment":[{"href":"https:\/\/blogdoeloiltoncajuhy.com.br\/site\/wp-json\/wp\/v2\/media?parent=39918"}],"wp:term":[{"taxonomy":"category","embeddable":true,"href":"https:\/\/blogdoeloiltoncajuhy.com.br\/site\/wp-json\/wp\/v2\/categories?post=39918"},{"taxonomy":"post_tag","embeddable":true,"href":"https:\/\/blogdoeloiltoncajuhy.com.br\/site\/wp-json\/wp\/v2\/tags?post=39918"}],"curies":[{"name":"wp","href":"https:\/\/api.w.org\/{rel}","templated":true}]}}