{"id":39904,"date":"2019-12-26T20:05:37","date_gmt":"2019-12-26T23:05:37","guid":{"rendered":"http:\/\/blogdoeloiltoncajuhy.com.br\/site\/?p=39904"},"modified":"2019-12-26T20:30:17","modified_gmt":"2019-12-26T23:30:17","slug":"luto-morre-nelson-franca-da-panificadora-globo-de-senhor-do-bonfim","status":"publish","type":"post","link":"https:\/\/blogdoeloiltoncajuhy.com.br\/site\/luto-morre-nelson-franca-da-panificadora-globo-de-senhor-do-bonfim\/","title":{"rendered":"Luto: Morre Nelson Fran\u00e7a da Panificadora Globo de Senhor do Bonfim"},"content":{"rendered":"\n<p><strong>BLOG DO ELOILTON CAJUHY<\/strong><br>Atualizado em 26.12.19, \u00e0s 20h15.<\/p>\n\n\n\n<div class=\"wp-block-image\"><figure class=\"aligncenter size-large is-resized\"><img data-recalc-dims=\"1\" fetchpriority=\"high\" decoding=\"async\" src=\"https:\/\/i0.wp.com\/blogdoeloiltoncajuhy.com.br\/site\/wp-content\/uploads\/2019\/12\/NelsonPanificadoraGlobo.jpg?resize=527%2C397\" alt=\"\" class=\"wp-image-39905\" width=\"527\" height=\"397\" srcset=\"https:\/\/i0.wp.com\/blogdoeloiltoncajuhy.com.br\/site\/wp-content\/uploads\/2019\/12\/NelsonPanificadoraGlobo.jpg?w=765&amp;ssl=1 765w, https:\/\/i0.wp.com\/blogdoeloiltoncajuhy.com.br\/site\/wp-content\/uploads\/2019\/12\/NelsonPanificadoraGlobo.jpg?resize=300%2C226&amp;ssl=1 300w, https:\/\/i0.wp.com\/blogdoeloiltoncajuhy.com.br\/site\/wp-content\/uploads\/2019\/12\/NelsonPanificadoraGlobo.jpg?resize=250%2C188&amp;ssl=1 250w\" sizes=\"(max-width: 527px) 100vw, 527px\" \/><\/figure><\/div>\n\n\n\n<p>Faleceu no in\u00edcio da noite desta quinta-feira (26), em Senhor do Bonfim, <strong>Nelson Rodrigues Fran\u00e7a<\/strong>, de 70 anos, propriet\u00e1rio da Panificadora Globo da Rua Rui Barbosa.<\/p>\n\n\n\n<p>Nascido no Povoado de Passagem Velha, interior do munic\u00edpio, Nelson construiu muitas amizades e tinha muito carisma junto a clientes e popula\u00e7\u00e3o em geral. Era frequentador ass\u00edduo das missas de quinta-feira de manh\u00e3, na catedral diocesana.<\/p>\n\n\n\n<p>Nelson estava doente a algum e hoje seu quadro se agravou vindo a falecer. Seu corpo est\u00e1 sendo velado no Memorial Vila Nova e o sepultamento ser\u00e1 realizado nesta sexta-feira (27), \u00e0s 15h, no Cemit\u00e9rio de Passagem Velha.<\/p>\n","protected":false},"excerpt":{"rendered":"<p>BLOG DO ELOILTON CAJUHYAtualizado em 26.12.19, \u00e0s 20h15. Faleceu no in\u00edcio da noite desta quinta-feira (26), em Senhor do Bonfim, Nelson Rodrigues Fran\u00e7a, de 70 anos, propriet\u00e1rio da Panificadora Globo da Rua Rui Barbosa. Nascido no Povoado de Passagem Velha, interior do munic\u00edpio, Nelson construiu muitas amizades e tinha muito carisma junto a clientes e [&hellip;]<\/p>\n","protected":false},"author":2,"featured_media":39905,"comment_status":"open","ping_status":"open","sticky":false,"template":"","format":"standard","meta":{"_acf_changed":false,"_monsterinsights_skip_tracking":false,"_monsterinsights_sitenote_active":false,"_monsterinsights_sitenote_note":"","_monsterinsights_sitenote_category":0,"_jetpack_memberships_contains_paid_content":false,"footnotes":"","jetpack_publicize_message":"","jetpack_publicize_feature_enabled":true,"jetpack_social_post_already_shared":true,"jetpack_social_options":{"image_generator_settings":{"template":"highway","default_image_id":0,"font":"","enabled":false},"version":2}},"categories":[1,4],"tags":[],"class_list":["post-39904","post","type-post","status-publish","format-standard","has-post-thumbnail","hentry","category-noticias","category-local"],"acf":[],"jetpack_publicize_connections":[],"jetpack_featured_media_url":"https:\/\/i0.wp.com\/blogdoeloiltoncajuhy.com.br\/site\/wp-content\/uploads\/2019\/12\/NelsonPanificadoraGlobo.jpg?fit=765%2C576&ssl=1","jetpack_sharing_enabled":true,"publishpress_future_workflow_manual_trigger":{"enabledWorkflows":[]},"_links":{"self":[{"href":"https:\/\/blogdoeloiltoncajuhy.com.br\/site\/wp-json\/wp\/v2\/posts\/39904","targetHints":{"allow":["GET"]}}],"collection":[{"href":"https:\/\/blogdoeloiltoncajuhy.com.br\/site\/wp-json\/wp\/v2\/posts"}],"about":[{"href":"https:\/\/blogdoeloiltoncajuhy.com.br\/site\/wp-json\/wp\/v2\/types\/post"}],"author":[{"embeddable":true,"href":"https:\/\/blogdoeloiltoncajuhy.com.br\/site\/wp-json\/wp\/v2\/users\/2"}],"replies":[{"embeddable":true,"href":"https:\/\/blogdoeloiltoncajuhy.com.br\/site\/wp-json\/wp\/v2\/comments?post=39904"}],"version-history":[{"count":3,"href":"https:\/\/blogdoeloiltoncajuhy.com.br\/site\/wp-json\/wp\/v2\/posts\/39904\/revisions"}],"predecessor-version":[{"id":39908,"href":"https:\/\/blogdoeloiltoncajuhy.com.br\/site\/wp-json\/wp\/v2\/posts\/39904\/revisions\/39908"}],"wp:featuredmedia":[{"embeddable":true,"href":"https:\/\/blogdoeloiltoncajuhy.com.br\/site\/wp-json\/wp\/v2\/media\/39905"}],"wp:attachment":[{"href":"https:\/\/blogdoeloiltoncajuhy.com.br\/site\/wp-json\/wp\/v2\/media?parent=39904"}],"wp:term":[{"taxonomy":"category","embeddable":true,"href":"https:\/\/blogdoeloiltoncajuhy.com.br\/site\/wp-json\/wp\/v2\/categories?post=39904"},{"taxonomy":"post_tag","embeddable":true,"href":"https:\/\/blogdoeloiltoncajuhy.com.br\/site\/wp-json\/wp\/v2\/tags?post=39904"}],"curies":[{"name":"wp","href":"https:\/\/api.w.org\/{rel}","templated":true}]}}