{"id":39887,"date":"2019-12-26T16:02:06","date_gmt":"2019-12-26T19:02:06","guid":{"rendered":"http:\/\/blogdoeloiltoncajuhy.com.br\/site\/?p=39887"},"modified":"2019-12-26T16:02:13","modified_gmt":"2019-12-26T19:02:13","slug":"projeto-preve-mudancas-nas-regras-dos-juizados-especiais-civeis-e-criminais","status":"publish","type":"post","link":"https:\/\/blogdoeloiltoncajuhy.com.br\/site\/projeto-preve-mudancas-nas-regras-dos-juizados-especiais-civeis-e-criminais\/","title":{"rendered":"Projeto prev\u00ea mudan\u00e7as nas regras dos Juizados Especiais C\u00edveis e Criminais"},"content":{"rendered":"\n<h5 class=\"has-text-align-center wp-block-heading\"><em>O objetivo \u00e9 garantir o recebimento de valores por quem ganha causas<\/em><\/h5>\n\n\n\n<p><strong>Raquel Teixeira \/ R\u00e1dio Senado<\/strong><\/p>\n\n\n\n<div class=\"wp-block-image\"><figure class=\"aligncenter size-large\"><img data-recalc-dims=\"1\" fetchpriority=\"high\" decoding=\"async\" width=\"675\" height=\"450\" src=\"https:\/\/i0.wp.com\/blogdoeloiltoncajuhy.com.br\/site\/wp-content\/uploads\/2019\/12\/SenadorFlavioArns.jpeg?resize=675%2C450\" alt=\"\" class=\"wp-image-39888\" srcset=\"https:\/\/i0.wp.com\/blogdoeloiltoncajuhy.com.br\/site\/wp-content\/uploads\/2019\/12\/SenadorFlavioArns.jpeg?w=675&amp;ssl=1 675w, https:\/\/i0.wp.com\/blogdoeloiltoncajuhy.com.br\/site\/wp-content\/uploads\/2019\/12\/SenadorFlavioArns.jpeg?resize=300%2C200&amp;ssl=1 300w, https:\/\/i0.wp.com\/blogdoeloiltoncajuhy.com.br\/site\/wp-content\/uploads\/2019\/12\/SenadorFlavioArns.jpeg?resize=250%2C167&amp;ssl=1 250w\" sizes=\"(max-width: 675px) 100vw, 675px\" \/><figcaption>Foto: Marcos Oliveira\/Ag\u00eancia Senado<\/figcaption><\/figure><\/div>\n\n\n\n<p>Desde 1995, os juizados especiais c\u00edveis e criminais s\u00e3o respons\u00e1veis pela concilia\u00e7\u00e3o, processo, julgamento e execu\u00e7\u00e3o de causas que alcancem no m\u00e1ximo 40 sal\u00e1rios m\u00ednimos, agilizando assim a resolu\u00e7\u00e3o de casos mais simples e ajudando a desafogar as justi\u00e7a brasileira. O senador Fl\u00e1vio Arns, da Rede Sustentabilidade do Paran\u00e1, considera a institui\u00e7\u00e3o um grande avan\u00e7o na legisla\u00e7\u00e3o.<\/p>\n\n\n\n<p><em>&#8220;A cria\u00e7\u00e3o dos juizados especiais c\u00edveis e criminais para o julgamento de causas de pequeno valor foi um avan\u00e7o muito importante e interessante na legisla\u00e7\u00e3o brasileira&#8221;<\/em>, disse o senador.<\/p>\n\n\n\n<p>Mas Arns acredita que \u00e9 poss\u00edvel melhorar as regras que tratam da execu\u00e7\u00e3o das senten\u00e7as nos juizados. Hoje, os processos s\u00e3o extintos quando o devedor n\u00e3o \u00e9 localizado ou quando n\u00e3o h\u00e1 bens dispon\u00edveis para penhora e pagamento do d\u00e9bito. A ideia do projeto \u00e9 dar mais seguran\u00e7a aos ganhadores das causas com a suspens\u00e3o do tr\u00e2mite por, no m\u00e1ximo, 5 anos.<\/p>\n\n\n\n<p><em>&#8220;Ao inv\u00e9s de ser extinto, que a execu\u00e7\u00e3o continue acontecendo num prazo de cinco anos, para se encontrar o devedor ou os bens dispon\u00edveis, o que dar\u00e1 mais seguran\u00e7a ao credor e mais seguran\u00e7a jur\u00eddica para a popula\u00e7\u00e3o&#8221;<\/em>, afirma Arns.<\/p>\n\n\n\n<p>O Projeto de Lei 5698 de 2019 aguarda designa\u00e7\u00e3o de relator na Comiss\u00e3o de Constitui\u00e7\u00e3o e Justi\u00e7a.<\/p>\n","protected":false},"excerpt":{"rendered":"<p>O objetivo \u00e9 garantir o recebimento de valores por quem ganha causas Raquel Teixeira \/ R\u00e1dio Senado Desde 1995, os juizados especiais c\u00edveis e criminais s\u00e3o respons\u00e1veis pela concilia\u00e7\u00e3o, processo, julgamento e execu\u00e7\u00e3o de causas que alcancem no m\u00e1ximo 40 sal\u00e1rios m\u00ednimos, agilizando assim a resolu\u00e7\u00e3o de casos mais simples e ajudando a desafogar as [&hellip;]<\/p>\n","protected":false},"author":2,"featured_media":39888,"comment_status":"open","ping_status":"open","sticky":false,"template":"","format":"standard","meta":{"_acf_changed":false,"_monsterinsights_skip_tracking":false,"_monsterinsights_sitenote_active":false,"_monsterinsights_sitenote_note":"","_monsterinsights_sitenote_category":0,"_jetpack_memberships_contains_paid_content":false,"footnotes":"","jetpack_publicize_message":"","jetpack_publicize_feature_enabled":true,"jetpack_social_post_already_shared":true,"jetpack_social_options":{"image_generator_settings":{"template":"highway","default_image_id":0,"font":"","enabled":false},"version":2}},"categories":[1,3],"tags":[],"class_list":["post-39887","post","type-post","status-publish","format-standard","has-post-thumbnail","hentry","category-noticias","category-politica"],"acf":[],"jetpack_publicize_connections":[],"jetpack_featured_media_url":"https:\/\/i0.wp.com\/blogdoeloiltoncajuhy.com.br\/site\/wp-content\/uploads\/2019\/12\/SenadorFlavioArns.jpeg?fit=675%2C450&ssl=1","jetpack_sharing_enabled":true,"publishpress_future_workflow_manual_trigger":{"enabledWorkflows":[]},"_links":{"self":[{"href":"https:\/\/blogdoeloiltoncajuhy.com.br\/site\/wp-json\/wp\/v2\/posts\/39887","targetHints":{"allow":["GET"]}}],"collection":[{"href":"https:\/\/blogdoeloiltoncajuhy.com.br\/site\/wp-json\/wp\/v2\/posts"}],"about":[{"href":"https:\/\/blogdoeloiltoncajuhy.com.br\/site\/wp-json\/wp\/v2\/types\/post"}],"author":[{"embeddable":true,"href":"https:\/\/blogdoeloiltoncajuhy.com.br\/site\/wp-json\/wp\/v2\/users\/2"}],"replies":[{"embeddable":true,"href":"https:\/\/blogdoeloiltoncajuhy.com.br\/site\/wp-json\/wp\/v2\/comments?post=39887"}],"version-history":[{"count":1,"href":"https:\/\/blogdoeloiltoncajuhy.com.br\/site\/wp-json\/wp\/v2\/posts\/39887\/revisions"}],"predecessor-version":[{"id":39889,"href":"https:\/\/blogdoeloiltoncajuhy.com.br\/site\/wp-json\/wp\/v2\/posts\/39887\/revisions\/39889"}],"wp:featuredmedia":[{"embeddable":true,"href":"https:\/\/blogdoeloiltoncajuhy.com.br\/site\/wp-json\/wp\/v2\/media\/39888"}],"wp:attachment":[{"href":"https:\/\/blogdoeloiltoncajuhy.com.br\/site\/wp-json\/wp\/v2\/media?parent=39887"}],"wp:term":[{"taxonomy":"category","embeddable":true,"href":"https:\/\/blogdoeloiltoncajuhy.com.br\/site\/wp-json\/wp\/v2\/categories?post=39887"},{"taxonomy":"post_tag","embeddable":true,"href":"https:\/\/blogdoeloiltoncajuhy.com.br\/site\/wp-json\/wp\/v2\/tags?post=39887"}],"curies":[{"name":"wp","href":"https:\/\/api.w.org\/{rel}","templated":true}]}}