{"id":39882,"date":"2019-12-26T11:23:55","date_gmt":"2019-12-26T14:23:55","guid":{"rendered":"http:\/\/blogdoeloiltoncajuhy.com.br\/site\/?p=39882"},"modified":"2019-12-26T11:24:01","modified_gmt":"2019-12-26T14:24:01","slug":"camara-municipal-de-sr-do-bonfim-aprova-mais-um-projeto-do-vereador-cleiton-vieira","status":"publish","type":"post","link":"https:\/\/blogdoeloiltoncajuhy.com.br\/site\/camara-municipal-de-sr-do-bonfim-aprova-mais-um-projeto-do-vereador-cleiton-vieira\/","title":{"rendered":"C\u00e2mara Municipal de Sr. do Bonfim aprova mais um Projeto do vereador Cleiton Vieira"},"content":{"rendered":"\n<p><strong>ASCOM \u2013 Cleiton Vieira<\/strong><\/p>\n\n\n\n<div class=\"wp-block-image\"><figure class=\"alignright size-large is-resized\"><img data-recalc-dims=\"1\" fetchpriority=\"high\" decoding=\"async\" src=\"https:\/\/i0.wp.com\/blogdoeloiltoncajuhy.com.br\/site\/wp-content\/uploads\/2019\/06\/VerCleitonVitiligo02.jpg?resize=236%2C384\" alt=\"\" class=\"wp-image-34909\" width=\"236\" height=\"384\" srcset=\"https:\/\/i0.wp.com\/blogdoeloiltoncajuhy.com.br\/site\/wp-content\/uploads\/2019\/06\/VerCleitonVitiligo02.jpg?w=472&amp;ssl=1 472w, https:\/\/i0.wp.com\/blogdoeloiltoncajuhy.com.br\/site\/wp-content\/uploads\/2019\/06\/VerCleitonVitiligo02.jpg?resize=185%2C300&amp;ssl=1 185w, https:\/\/i0.wp.com\/blogdoeloiltoncajuhy.com.br\/site\/wp-content\/uploads\/2019\/06\/VerCleitonVitiligo02.jpg?resize=154%2C250&amp;ssl=1 154w\" sizes=\"(max-width: 236px) 100vw, 236px\" \/><\/figure><\/div>\n\n\n\n<p>Foi aprovado na \u00faltima sess\u00e3o ordin\u00e1ria de 2019, mais um projeto de lei de autoria do vereador Cleiton Vieira. O projeto prop\u00f5e que o poder executivo, dentro de suas compet\u00eancias legais, realize, nas primeiras semanas do ano letivo, por meio de seus estabelecimentos de ensino, semin\u00e1rios sobre <em><strong>\u201cO perigo das drogas e a viol\u00eancia no bojo familiar\u201d<\/strong><\/em>.<\/p>\n\n\n\n<p>De acordo com o autor do projeto, o objetivo \u00e9 transmitir aos alunos da rede municipal de ensino conhecimentos acerca dos perigos e das consequ\u00eancias do uso de entorpecentes, bem como da import\u00e2ncia da constru\u00e7\u00e3o de um ambiente de solidariedade e respeito m\u00fatuo entre os membros integrantes da unidade familiar e, tamb\u00e9m, da relev\u00e2ncia das den\u00fancias \u00e0s autoridades p\u00fablicas de qualquer forma de viol\u00eancia dom\u00e9stica.<\/p>\n\n\n\n<p><em>\u201cEducar para prevenir e coibir a viol\u00eancia dom\u00e9stica, bem como, a preven\u00e7\u00e3o ao uso de drogas. Portanto, se faz necess\u00e1rio uma educa\u00e7\u00e3o preventiva e a conscientiza\u00e7\u00e3o de todos: alunos, pais professores, enfim, toda a comunidade sobre os efeitos e consequ\u00eancias mal\u00e9ficas causadas por essas subst\u00e2ncias \u00e0 vida humana em todos os seus aspectos f\u00edsico, ps\u00edquico e social. \u00c9 com esse intuito, que apresentei o projeto\u201d<\/em>, destacou, Cleiton Vieira.<\/p>\n","protected":false},"excerpt":{"rendered":"<p>ASCOM \u2013 Cleiton Vieira Foi aprovado na \u00faltima sess\u00e3o ordin\u00e1ria de 2019, mais um projeto de lei de autoria do vereador Cleiton Vieira. O projeto prop\u00f5e que o poder executivo, dentro de suas compet\u00eancias legais, realize, nas primeiras semanas do ano letivo, por meio de seus estabelecimentos de ensino, semin\u00e1rios sobre \u201cO perigo das drogas [&hellip;]<\/p>\n","protected":false},"author":2,"featured_media":0,"comment_status":"open","ping_status":"open","sticky":false,"template":"","format":"standard","meta":{"_acf_changed":false,"_monsterinsights_skip_tracking":false,"_monsterinsights_sitenote_active":false,"_monsterinsights_sitenote_note":"","_monsterinsights_sitenote_category":0,"_jetpack_memberships_contains_paid_content":false,"footnotes":"","jetpack_publicize_message":"","jetpack_publicize_feature_enabled":true,"jetpack_social_post_already_shared":true,"jetpack_social_options":{"image_generator_settings":{"template":"highway","default_image_id":0,"font":"","enabled":false},"version":2}},"categories":[1,3,4],"tags":[],"class_list":["post-39882","post","type-post","status-publish","format-standard","hentry","category-noticias","category-politica","category-local"],"acf":[],"jetpack_publicize_connections":[],"jetpack_featured_media_url":"","jetpack_sharing_enabled":true,"publishpress_future_workflow_manual_trigger":{"enabledWorkflows":[]},"_links":{"self":[{"href":"https:\/\/blogdoeloiltoncajuhy.com.br\/site\/wp-json\/wp\/v2\/posts\/39882","targetHints":{"allow":["GET"]}}],"collection":[{"href":"https:\/\/blogdoeloiltoncajuhy.com.br\/site\/wp-json\/wp\/v2\/posts"}],"about":[{"href":"https:\/\/blogdoeloiltoncajuhy.com.br\/site\/wp-json\/wp\/v2\/types\/post"}],"author":[{"embeddable":true,"href":"https:\/\/blogdoeloiltoncajuhy.com.br\/site\/wp-json\/wp\/v2\/users\/2"}],"replies":[{"embeddable":true,"href":"https:\/\/blogdoeloiltoncajuhy.com.br\/site\/wp-json\/wp\/v2\/comments?post=39882"}],"version-history":[{"count":1,"href":"https:\/\/blogdoeloiltoncajuhy.com.br\/site\/wp-json\/wp\/v2\/posts\/39882\/revisions"}],"predecessor-version":[{"id":39883,"href":"https:\/\/blogdoeloiltoncajuhy.com.br\/site\/wp-json\/wp\/v2\/posts\/39882\/revisions\/39883"}],"wp:attachment":[{"href":"https:\/\/blogdoeloiltoncajuhy.com.br\/site\/wp-json\/wp\/v2\/media?parent=39882"}],"wp:term":[{"taxonomy":"category","embeddable":true,"href":"https:\/\/blogdoeloiltoncajuhy.com.br\/site\/wp-json\/wp\/v2\/categories?post=39882"},{"taxonomy":"post_tag","embeddable":true,"href":"https:\/\/blogdoeloiltoncajuhy.com.br\/site\/wp-json\/wp\/v2\/tags?post=39882"}],"curies":[{"name":"wp","href":"https:\/\/api.w.org\/{rel}","templated":true}]}}