{"id":39859,"date":"2019-12-24T11:15:07","date_gmt":"2019-12-24T14:15:07","guid":{"rendered":"http:\/\/blogdoeloiltoncajuhy.com.br\/site\/?p=39859"},"modified":"2019-12-24T11:15:14","modified_gmt":"2019-12-24T14:15:14","slug":"supercopa-do-brasil-1a-decisao-de-2020-ja-tem-data-e-local","status":"publish","type":"post","link":"https:\/\/blogdoeloiltoncajuhy.com.br\/site\/supercopa-do-brasil-1a-decisao-de-2020-ja-tem-data-e-local\/","title":{"rendered":"Supercopa do Brasil: 1\u00aa decis\u00e3o de 2020 j\u00e1 tem data e local"},"content":{"rendered":"\n<h5 class=\"has-text-align-center wp-block-heading\"><em>Est\u00e1dio Man\u00e9 Garrincha vai receber a partida entre o campe\u00e3o brasileiro e o campe\u00e3o da Copa do Brasil<\/em><\/h5>\n\n\n\n<p><strong>Terra<\/strong><\/p>\n\n\n\n<div class=\"wp-block-image\"><figure class=\"aligncenter size-large\"><img data-recalc-dims=\"1\" fetchpriority=\"high\" decoding=\"async\" width=\"800\" height=\"452\" src=\"https:\/\/i0.wp.com\/blogdoeloiltoncajuhy.com.br\/site\/wp-content\/uploads\/2019\/12\/Supercopa-2019.jpg?resize=800%2C452\" alt=\"\" class=\"wp-image-39860\" srcset=\"https:\/\/i0.wp.com\/blogdoeloiltoncajuhy.com.br\/site\/wp-content\/uploads\/2019\/12\/Supercopa-2019.jpg?w=940&amp;ssl=1 940w, https:\/\/i0.wp.com\/blogdoeloiltoncajuhy.com.br\/site\/wp-content\/uploads\/2019\/12\/Supercopa-2019.jpg?resize=300%2C169&amp;ssl=1 300w, https:\/\/i0.wp.com\/blogdoeloiltoncajuhy.com.br\/site\/wp-content\/uploads\/2019\/12\/Supercopa-2019.jpg?resize=768%2C434&amp;ssl=1 768w, https:\/\/i0.wp.com\/blogdoeloiltoncajuhy.com.br\/site\/wp-content\/uploads\/2019\/12\/Supercopa-2019.jpg?resize=250%2C141&amp;ssl=1 250w\" sizes=\"(max-width: 800px) 100vw, 800px\" \/><figcaption><strong>Athletico <\/strong>e<strong> Flamengo<\/strong> decidem a <strong>Supercopa do Brasil<\/strong><br> Foto: Divulga\u00e7\u00e3o\/Athetico-PR e Wilton Junior\/Estad\u00e3o\/Estad\u00e3o Conte\u00fado<\/figcaption><\/figure><\/div>\n\n\n\n<p>Novidade do calend\u00e1rio do futebol brasileiro para 2020, a Supercopa do Brasil j\u00e1 tem sede e data para acontecer. Nesta segunda-feira, a CBF confirmou que o est\u00e1dio Man\u00e9 Garrincha, em Bras\u00edlia, receber\u00e1 o duelo entre Flamengo, campe\u00e3o do Campeonato Brasileiro, e Athletico-PR, vencedor da Copa do Brasil, no dia 16 de fevereiro, domingo, \u00e0s 11 horas.<\/p>\n\n\n\n<p>Al\u00e9m de disputarem o primeiro t\u00edtulo nacional da pr\u00f3xima temporada, os dois clubes dividir\u00e3o uma premia\u00e7\u00e3o total de R$ 7 milh\u00f5es, sendo R$ 5 milh\u00f5es para o campe\u00e3o e R$ 2 milh\u00f5es para o vice.<\/p>\n\n\n\n<p>A competi\u00e7\u00e3o \u00e9 disputada em jogo \u00fanico e, em caso de empate no tempo normal, ser\u00e1 decidida nos p\u00eanaltis. Inicialmente marcada para 19 de janeiro, a Supercopa do Brasil teve a data remarcada em raz\u00e3o da participa\u00e7\u00e3o do Flamengo no Mundial de Clubes da Fifa, encerrado no \u00faltimo s\u00e1bado.<\/p>\n\n\n\n<p>A escolha pelo hor\u00e1rio tamb\u00e9m levou em conta outro objetivo: proporcionar aos torcedores que ir\u00e3o \u00e0 partida uma experi\u00eancia de entretenimento completa em Bras\u00edlia. Haver\u00e1 uma agenda de eventos na cidade integrados ao jogo, com atividades e shows que se prolongar\u00e3o pelo fim de semana.<\/p>\n\n\n\n<p>&#8220;Iniciaremos por Bras\u00edlia e nossa ideia \u00e9 espalhar essa experi\u00eancia para uma grande cidade brasileira a cada ano. Vamos abrir a temporada com um importante t\u00edtulo em disputa e proporcionar uma experi\u00eancia diferenciada para os torcedores que forem ao jogo&#8221;, disse o presidente da CBF, Rog\u00e9rio Caboclo.<\/p>\n\n\n\n<p class=\"has-medium-font-size\"><strong>Hist\u00f3ria da Supercopa<\/strong><\/p>\n\n\n\n<p>A competi\u00e7\u00e3o j\u00e1 teve duas edi\u00e7\u00f5es disputadas, mas h\u00e1 quase 30 anos. Em 1990, o Gr\u00eamio, campe\u00e3o da Copa do Brasil de 1989, bateu o Vasco, vencedor do Brasileir\u00e3o, com uma vit\u00f3ria por 2 a 0, em Porto Alegre, e um empate sem gols, no Rio de Janeiro. No ano seguinte, em jogo \u00fanico no est\u00e1dio do Morumbi, em S\u00e3o Paulo, o Corinthians, campe\u00e3o brasileiro de 1990, derrotou o Flamengo, ganhador da Copa do Brasil, por 1 a 0.<\/p>\n","protected":false},"excerpt":{"rendered":"<p>Est\u00e1dio Man\u00e9 Garrincha vai receber a partida entre o campe\u00e3o brasileiro e o campe\u00e3o da Copa do Brasil Terra Novidade do calend\u00e1rio do futebol brasileiro para 2020, a Supercopa do Brasil j\u00e1 tem sede e data para acontecer. Nesta segunda-feira, a CBF confirmou que o est\u00e1dio Man\u00e9 Garrincha, em Bras\u00edlia, receber\u00e1 o duelo entre Flamengo, [&hellip;]<\/p>\n","protected":false},"author":2,"featured_media":39860,"comment_status":"open","ping_status":"open","sticky":false,"template":"","format":"standard","meta":{"_acf_changed":false,"_monsterinsights_skip_tracking":false,"_monsterinsights_sitenote_active":false,"_monsterinsights_sitenote_note":"","_monsterinsights_sitenote_category":0,"_jetpack_memberships_contains_paid_content":false,"footnotes":"","jetpack_publicize_message":"","jetpack_publicize_feature_enabled":true,"jetpack_social_post_already_shared":true,"jetpack_social_options":{"image_generator_settings":{"template":"highway","default_image_id":0,"font":"","enabled":false},"version":2}},"categories":[6,1],"tags":[],"class_list":["post-39859","post","type-post","status-publish","format-standard","has-post-thumbnail","hentry","category-esportes","category-noticias"],"acf":[],"jetpack_publicize_connections":[],"jetpack_featured_media_url":"https:\/\/i0.wp.com\/blogdoeloiltoncajuhy.com.br\/site\/wp-content\/uploads\/2019\/12\/Supercopa-2019.jpg?fit=940%2C531&ssl=1","jetpack_sharing_enabled":true,"publishpress_future_workflow_manual_trigger":{"enabledWorkflows":[]},"_links":{"self":[{"href":"https:\/\/blogdoeloiltoncajuhy.com.br\/site\/wp-json\/wp\/v2\/posts\/39859","targetHints":{"allow":["GET"]}}],"collection":[{"href":"https:\/\/blogdoeloiltoncajuhy.com.br\/site\/wp-json\/wp\/v2\/posts"}],"about":[{"href":"https:\/\/blogdoeloiltoncajuhy.com.br\/site\/wp-json\/wp\/v2\/types\/post"}],"author":[{"embeddable":true,"href":"https:\/\/blogdoeloiltoncajuhy.com.br\/site\/wp-json\/wp\/v2\/users\/2"}],"replies":[{"embeddable":true,"href":"https:\/\/blogdoeloiltoncajuhy.com.br\/site\/wp-json\/wp\/v2\/comments?post=39859"}],"version-history":[{"count":1,"href":"https:\/\/blogdoeloiltoncajuhy.com.br\/site\/wp-json\/wp\/v2\/posts\/39859\/revisions"}],"predecessor-version":[{"id":39861,"href":"https:\/\/blogdoeloiltoncajuhy.com.br\/site\/wp-json\/wp\/v2\/posts\/39859\/revisions\/39861"}],"wp:featuredmedia":[{"embeddable":true,"href":"https:\/\/blogdoeloiltoncajuhy.com.br\/site\/wp-json\/wp\/v2\/media\/39860"}],"wp:attachment":[{"href":"https:\/\/blogdoeloiltoncajuhy.com.br\/site\/wp-json\/wp\/v2\/media?parent=39859"}],"wp:term":[{"taxonomy":"category","embeddable":true,"href":"https:\/\/blogdoeloiltoncajuhy.com.br\/site\/wp-json\/wp\/v2\/categories?post=39859"},{"taxonomy":"post_tag","embeddable":true,"href":"https:\/\/blogdoeloiltoncajuhy.com.br\/site\/wp-json\/wp\/v2\/tags?post=39859"}],"curies":[{"name":"wp","href":"https:\/\/api.w.org\/{rel}","templated":true}]}}