{"id":39850,"date":"2019-12-24T09:45:14","date_gmt":"2019-12-24T12:45:14","guid":{"rendered":"http:\/\/blogdoeloiltoncajuhy.com.br\/site\/?p=39850"},"modified":"2019-12-24T09:45:20","modified_gmt":"2019-12-24T12:45:20","slug":"natal-lembrancas-da-infancia-ajudam-familias-a-manter-tradicoes","status":"publish","type":"post","link":"https:\/\/blogdoeloiltoncajuhy.com.br\/site\/natal-lembrancas-da-infancia-ajudam-familias-a-manter-tradicoes\/","title":{"rendered":"Natal: lembran\u00e7as da inf\u00e2ncia ajudam fam\u00edlias a manter tradi\u00e7\u00f5es"},"content":{"rendered":"\n<h5 class=\"has-text-align-center wp-block-heading\"><em>Lembran\u00e7as da inf\u00e2ncia nas tradicionais festas de fim de ano s\u00e3o importantes para o indiv\u00edduo; tradi\u00e7\u00f5es natalinas devem ser passadas entre gera\u00e7\u00f5es<\/em><\/h5>\n\n\n\n<p><strong>Can\u00e7\u00e3o Nova<\/strong><\/p>\n\n\n\n<div class=\"wp-block-image\"><figure class=\"aligncenter size-large\"><img data-recalc-dims=\"1\" fetchpriority=\"high\" decoding=\"async\" width=\"678\" height=\"452\" src=\"https:\/\/i0.wp.com\/blogdoeloiltoncajuhy.com.br\/site\/wp-content\/uploads\/2019\/12\/Natal-01.jpg?resize=678%2C452\" alt=\"\" class=\"wp-image-39851\" srcset=\"https:\/\/i0.wp.com\/blogdoeloiltoncajuhy.com.br\/site\/wp-content\/uploads\/2019\/12\/Natal-01.jpg?w=678&amp;ssl=1 678w, https:\/\/i0.wp.com\/blogdoeloiltoncajuhy.com.br\/site\/wp-content\/uploads\/2019\/12\/Natal-01.jpg?resize=300%2C200&amp;ssl=1 300w, https:\/\/i0.wp.com\/blogdoeloiltoncajuhy.com.br\/site\/wp-content\/uploads\/2019\/12\/Natal-01.jpg?resize=250%2C167&amp;ssl=1 250w\" sizes=\"(max-width: 678px) 100vw, 678px\" \/><figcaption>Foto: Klagyivik &#8211; Fotolia<\/figcaption><\/figure><\/div>\n\n\n\n<p>As tradicionais festas de fim de ano costumam ser um momento de confraterniza\u00e7\u00e3o em fam\u00edlia, momentos vividos que deixam muitas lembran\u00e7as, principalmente da inf\u00e2ncia. Muitas pessoas, hoje adultas, se lembram com carinho e saudade das noites de Natal, repletas de uni\u00e3o, tradi\u00e7\u00f5es, afeto, e fazem quest\u00e3o de passar para os filhos e netos o que viveram, revivendo esses momentos em fam\u00edlia.<\/p>\n\n\n\n<p>Para a psic\u00f3loga Thatiane Azevedo, no sentido humano, as festas de fim de ano proporcionam uma troca importante:<\/p>\n\n\n\n<p><em>\u201cTroca de presentes, de sorrisos, e uma uni\u00e3o maior entre as pessoas. Momento em que o indiv\u00edduo consegue pensar no outro, fazer o bem para o outro, conseguir se colocar no lugar do outro, e junto com isso vem a empatia\u201d<\/em>.<\/p>\n\n\n\n<p>Thatiane ressalta que o fato de haver uma partilha ajuda a unir ainda mais a fam\u00edlia, e que as lembran\u00e7as da noite de Natal e das tradi\u00e7\u00f5es familiares, o indiv\u00edduo vai levar por toda a vida:<\/p>\n\n\n\n<p><em>\u201cCada fam\u00edlia tem suas tradi\u00e7\u00f5es, mas sempre \u00e9 um momento que gera em todos os membros sentimentos bons, horm\u00f4nios inclusive. Para que o indiv\u00edduo se desenvolva bem, ele precisa deste ambiente equilibrado, em que se sente acolhido, confort\u00e1vel. O contato com a fam\u00edlia \u00e9 muito importante nesse sentido. Quando as fam\u00edlias se re\u00fanem e cultivam tradi\u00e7\u00f5es, geram mem\u00f3rias neste indiv\u00edduo, de doa\u00e7\u00e3o de sorrisos, abra\u00e7os, presentes. E \u00e9 importante passar isso de gera\u00e7\u00e3o em gera\u00e7\u00e3o\u201d<\/em>.<\/p>\n","protected":false},"excerpt":{"rendered":"<p>Lembran\u00e7as da inf\u00e2ncia nas tradicionais festas de fim de ano s\u00e3o importantes para o indiv\u00edduo; tradi\u00e7\u00f5es natalinas devem ser passadas entre gera\u00e7\u00f5es Can\u00e7\u00e3o Nova As tradicionais festas de fim de ano costumam ser um momento de confraterniza\u00e7\u00e3o em fam\u00edlia, momentos vividos que deixam muitas lembran\u00e7as, principalmente da inf\u00e2ncia. Muitas pessoas, hoje adultas, se lembram com [&hellip;]<\/p>\n","protected":false},"author":2,"featured_media":39851,"comment_status":"open","ping_status":"open","sticky":false,"template":"","format":"standard","meta":{"_acf_changed":false,"_monsterinsights_skip_tracking":false,"_monsterinsights_sitenote_active":false,"_monsterinsights_sitenote_note":"","_monsterinsights_sitenote_category":0,"_jetpack_memberships_contains_paid_content":false,"footnotes":"","jetpack_publicize_message":"","jetpack_publicize_feature_enabled":true,"jetpack_social_post_already_shared":true,"jetpack_social_options":{"image_generator_settings":{"template":"highway","default_image_id":0,"font":"","enabled":false},"version":2}},"categories":[5,1],"tags":[],"class_list":["post-39850","post","type-post","status-publish","format-standard","has-post-thumbnail","hentry","category-cotidiano","category-noticias"],"acf":[],"jetpack_publicize_connections":[],"jetpack_featured_media_url":"https:\/\/i0.wp.com\/blogdoeloiltoncajuhy.com.br\/site\/wp-content\/uploads\/2019\/12\/Natal-01.jpg?fit=678%2C452&ssl=1","jetpack_sharing_enabled":true,"publishpress_future_workflow_manual_trigger":{"enabledWorkflows":[]},"_links":{"self":[{"href":"https:\/\/blogdoeloiltoncajuhy.com.br\/site\/wp-json\/wp\/v2\/posts\/39850","targetHints":{"allow":["GET"]}}],"collection":[{"href":"https:\/\/blogdoeloiltoncajuhy.com.br\/site\/wp-json\/wp\/v2\/posts"}],"about":[{"href":"https:\/\/blogdoeloiltoncajuhy.com.br\/site\/wp-json\/wp\/v2\/types\/post"}],"author":[{"embeddable":true,"href":"https:\/\/blogdoeloiltoncajuhy.com.br\/site\/wp-json\/wp\/v2\/users\/2"}],"replies":[{"embeddable":true,"href":"https:\/\/blogdoeloiltoncajuhy.com.br\/site\/wp-json\/wp\/v2\/comments?post=39850"}],"version-history":[{"count":1,"href":"https:\/\/blogdoeloiltoncajuhy.com.br\/site\/wp-json\/wp\/v2\/posts\/39850\/revisions"}],"predecessor-version":[{"id":39852,"href":"https:\/\/blogdoeloiltoncajuhy.com.br\/site\/wp-json\/wp\/v2\/posts\/39850\/revisions\/39852"}],"wp:featuredmedia":[{"embeddable":true,"href":"https:\/\/blogdoeloiltoncajuhy.com.br\/site\/wp-json\/wp\/v2\/media\/39851"}],"wp:attachment":[{"href":"https:\/\/blogdoeloiltoncajuhy.com.br\/site\/wp-json\/wp\/v2\/media?parent=39850"}],"wp:term":[{"taxonomy":"category","embeddable":true,"href":"https:\/\/blogdoeloiltoncajuhy.com.br\/site\/wp-json\/wp\/v2\/categories?post=39850"},{"taxonomy":"post_tag","embeddable":true,"href":"https:\/\/blogdoeloiltoncajuhy.com.br\/site\/wp-json\/wp\/v2\/tags?post=39850"}],"curies":[{"name":"wp","href":"https:\/\/api.w.org\/{rel}","templated":true}]}}