{"id":39841,"date":"2019-12-23T21:43:01","date_gmt":"2019-12-24T00:43:01","guid":{"rendered":"http:\/\/blogdoeloiltoncajuhy.com.br\/site\/?p=39841"},"modified":"2019-12-23T21:43:07","modified_gmt":"2019-12-24T00:43:07","slug":"apos-grande-sucesso-prefeitura-de-jaguarari-realiza-segunda-edicao-da-feirinha-livre-noturna","status":"publish","type":"post","link":"https:\/\/blogdoeloiltoncajuhy.com.br\/site\/apos-grande-sucesso-prefeitura-de-jaguarari-realiza-segunda-edicao-da-feirinha-livre-noturna\/","title":{"rendered":"Ap\u00f3s grande sucesso, prefeitura de Jaguarari realiza segunda edi\u00e7\u00e3o da Feirinha Livre Noturna"},"content":{"rendered":"\n<p><strong>ASCOM &#8211; Prefeitura de Jaguarari-BA<\/strong><\/p>\n\n\n\n<div class=\"wp-block-image\"><figure class=\"aligncenter size-large\"><img data-recalc-dims=\"1\" fetchpriority=\"high\" decoding=\"async\" width=\"800\" height=\"450\" src=\"https:\/\/i0.wp.com\/blogdoeloiltoncajuhy.com.br\/site\/wp-content\/uploads\/2019\/12\/PMJ_FeirinhaNoturnaDez-2019.jpg?resize=800%2C450\" alt=\"\" class=\"wp-image-39842\" srcset=\"https:\/\/i0.wp.com\/blogdoeloiltoncajuhy.com.br\/site\/wp-content\/uploads\/2019\/12\/PMJ_FeirinhaNoturnaDez-2019.jpg?w=1024&amp;ssl=1 1024w, https:\/\/i0.wp.com\/blogdoeloiltoncajuhy.com.br\/site\/wp-content\/uploads\/2019\/12\/PMJ_FeirinhaNoturnaDez-2019.jpg?resize=300%2C169&amp;ssl=1 300w, https:\/\/i0.wp.com\/blogdoeloiltoncajuhy.com.br\/site\/wp-content\/uploads\/2019\/12\/PMJ_FeirinhaNoturnaDez-2019.jpg?resize=768%2C432&amp;ssl=1 768w, https:\/\/i0.wp.com\/blogdoeloiltoncajuhy.com.br\/site\/wp-content\/uploads\/2019\/12\/PMJ_FeirinhaNoturnaDez-2019.jpg?resize=250%2C141&amp;ssl=1 250w\" sizes=\"(max-width: 800px) 100vw, 800px\" \/><\/figure><\/div>\n\n\n\n<p>Ap\u00f3s o sucesso da primeira edi\u00e7\u00e3o, a prefeitura de Jaguarari, atrav\u00e9s da Secretaria de Agricultura, realizou na ultima sexta-feira, 20, a segunda Feirinha Livre Noturna.<\/p>\n\n\n\n<p>A realiza\u00e7\u00e3o da feira busca proporcionar a pessoas que n\u00e3o tem a oportunidade de ir \u00e0 feira livre convencional porque trabalham, inclusive aos s\u00e1bados, maior comodidade, seguran\u00e7a e diversidade de produtos. Al\u00e9m disso, a administra\u00e7\u00e3o municipal tem como objetivo principal fortalecer a economia, valorizando a agricultura familiar, o artesanato e a culin\u00e1ria local.<\/p>\n\n\n\n<p><em>\u201cDepois da primeira edi\u00e7\u00e3o da feirinha livre noturna, a secretaria de Agricultura ouviu a popula\u00e7\u00e3o e foram realizados ajustes para torn\u00e1-la ainda melhor\u201d<\/em>, diz o prefeito Everton Rocha.<\/p>\n\n\n\n<p>Como aconteceu na primeira edi\u00e7\u00e3o da feira, o consumidor que visitou as barracas teve \u00e0 sua disposi\u00e7\u00e3o produtos da agricultura familiar, como frutas, verduras, legumes e hortali\u00e7as, artesanato em couro, vidro, tecido, pinturas em telas, etc. A feira contou tamb\u00e9m com barracas onde foram comercializados alimentos, como doces, salgados, entre outros.<\/p>\n","protected":false},"excerpt":{"rendered":"<p>ASCOM &#8211; Prefeitura de Jaguarari-BA Ap\u00f3s o sucesso da primeira edi\u00e7\u00e3o, a prefeitura de Jaguarari, atrav\u00e9s da Secretaria de Agricultura, realizou na ultima sexta-feira, 20, a segunda Feirinha Livre Noturna. A realiza\u00e7\u00e3o da feira busca proporcionar a pessoas que n\u00e3o tem a oportunidade de ir \u00e0 feira livre convencional porque trabalham, inclusive aos s\u00e1bados, maior [&hellip;]<\/p>\n","protected":false},"author":2,"featured_media":39842,"comment_status":"open","ping_status":"open","sticky":false,"template":"","format":"standard","meta":{"_acf_changed":false,"_monsterinsights_skip_tracking":false,"_monsterinsights_sitenote_active":false,"_monsterinsights_sitenote_note":"","_monsterinsights_sitenote_category":0,"_jetpack_memberships_contains_paid_content":false,"footnotes":"","jetpack_publicize_message":"","jetpack_publicize_feature_enabled":true,"jetpack_social_post_already_shared":true,"jetpack_social_options":{"image_generator_settings":{"template":"highway","default_image_id":0,"font":"","enabled":false},"version":2}},"categories":[1,11],"tags":[],"class_list":["post-39841","post","type-post","status-publish","format-standard","has-post-thumbnail","hentry","category-noticias","category-regional"],"acf":[],"jetpack_publicize_connections":[],"jetpack_featured_media_url":"https:\/\/i0.wp.com\/blogdoeloiltoncajuhy.com.br\/site\/wp-content\/uploads\/2019\/12\/PMJ_FeirinhaNoturnaDez-2019.jpg?fit=1024%2C576&ssl=1","jetpack_sharing_enabled":true,"publishpress_future_workflow_manual_trigger":{"enabledWorkflows":[]},"_links":{"self":[{"href":"https:\/\/blogdoeloiltoncajuhy.com.br\/site\/wp-json\/wp\/v2\/posts\/39841","targetHints":{"allow":["GET"]}}],"collection":[{"href":"https:\/\/blogdoeloiltoncajuhy.com.br\/site\/wp-json\/wp\/v2\/posts"}],"about":[{"href":"https:\/\/blogdoeloiltoncajuhy.com.br\/site\/wp-json\/wp\/v2\/types\/post"}],"author":[{"embeddable":true,"href":"https:\/\/blogdoeloiltoncajuhy.com.br\/site\/wp-json\/wp\/v2\/users\/2"}],"replies":[{"embeddable":true,"href":"https:\/\/blogdoeloiltoncajuhy.com.br\/site\/wp-json\/wp\/v2\/comments?post=39841"}],"version-history":[{"count":1,"href":"https:\/\/blogdoeloiltoncajuhy.com.br\/site\/wp-json\/wp\/v2\/posts\/39841\/revisions"}],"predecessor-version":[{"id":39843,"href":"https:\/\/blogdoeloiltoncajuhy.com.br\/site\/wp-json\/wp\/v2\/posts\/39841\/revisions\/39843"}],"wp:featuredmedia":[{"embeddable":true,"href":"https:\/\/blogdoeloiltoncajuhy.com.br\/site\/wp-json\/wp\/v2\/media\/39842"}],"wp:attachment":[{"href":"https:\/\/blogdoeloiltoncajuhy.com.br\/site\/wp-json\/wp\/v2\/media?parent=39841"}],"wp:term":[{"taxonomy":"category","embeddable":true,"href":"https:\/\/blogdoeloiltoncajuhy.com.br\/site\/wp-json\/wp\/v2\/categories?post=39841"},{"taxonomy":"post_tag","embeddable":true,"href":"https:\/\/blogdoeloiltoncajuhy.com.br\/site\/wp-json\/wp\/v2\/tags?post=39841"}],"curies":[{"name":"wp","href":"https:\/\/api.w.org\/{rel}","templated":true}]}}