{"id":39818,"date":"2019-12-22T18:36:01","date_gmt":"2019-12-22T21:36:01","guid":{"rendered":"http:\/\/blogdoeloiltoncajuhy.com.br\/site\/?p=39818"},"modified":"2019-12-22T18:36:03","modified_gmt":"2019-12-22T21:36:03","slug":"primeiro-casamento-coletivo-promovido-pela-prefeitura-de-jaguarari-realiza-sonho-de-33-casais","status":"publish","type":"post","link":"https:\/\/blogdoeloiltoncajuhy.com.br\/site\/primeiro-casamento-coletivo-promovido-pela-prefeitura-de-jaguarari-realiza-sonho-de-33-casais\/","title":{"rendered":"Primeiro Casamento Coletivo promovido pela prefeitura de Jaguarari realiza sonho de 33 casais"},"content":{"rendered":"\n<p><strong>ASCOM &#8211; Prefeitura de Jaguarari-BA<\/strong><\/p>\n\n\n\n<div class=\"wp-block-image\"><figure class=\"aligncenter size-large\"><img fetchpriority=\"high\" decoding=\"async\" width=\"1280\" height=\"853\" src=\"https:\/\/i0.wp.com\/blogdoeloiltoncajuhy.com.br\/site\/wp-content\/uploads\/2019\/12\/PMJ_CasamentoColetivo-20191222.jpg?fit=590%2C393\" alt=\"\" class=\"wp-image-39819\" srcset=\"https:\/\/i0.wp.com\/blogdoeloiltoncajuhy.com.br\/site\/wp-content\/uploads\/2019\/12\/PMJ_CasamentoColetivo-20191222.jpg?w=1280&amp;ssl=1 1280w, https:\/\/i0.wp.com\/blogdoeloiltoncajuhy.com.br\/site\/wp-content\/uploads\/2019\/12\/PMJ_CasamentoColetivo-20191222.jpg?resize=300%2C200&amp;ssl=1 300w, https:\/\/i0.wp.com\/blogdoeloiltoncajuhy.com.br\/site\/wp-content\/uploads\/2019\/12\/PMJ_CasamentoColetivo-20191222.jpg?resize=1024%2C682&amp;ssl=1 1024w, https:\/\/i0.wp.com\/blogdoeloiltoncajuhy.com.br\/site\/wp-content\/uploads\/2019\/12\/PMJ_CasamentoColetivo-20191222.jpg?resize=768%2C512&amp;ssl=1 768w, https:\/\/i0.wp.com\/blogdoeloiltoncajuhy.com.br\/site\/wp-content\/uploads\/2019\/12\/PMJ_CasamentoColetivo-20191222.jpg?resize=250%2C167&amp;ssl=1 250w\" sizes=\"(max-width: 800px) 100vw, 800px\" \/><\/figure><\/div>\n\n\n\n<p>Na noite desta sexta-feira (20) foi celebrado o dia mais esperado para 33 casais.  A prefeitura de Jaguarari, por meio da Secretaria de Desenvolvimento Social, promoveu o 1\u00ba Casamento Coletivo, proporcionando a esses casais a oportunidade de oficializar seus la\u00e7os matrimoniais perante a lei.<\/p>\n\n\n\n<p>O prefeito Everton Rocha, acompanhado pela primeira dama do munic\u00edpio Edinelia Rocha, abriu o evento parabenizando os casais. <em>&#8220;Muitos de voc\u00eas est\u00e3o aqui hoje selando no papel o compromisso que fizeram um com o outro. E o que Deus uniu nunca se separe. Parab\u00e9ns aos casais&#8221;<\/em>, finalizou o gestor.<\/p>\n\n\n\n<p>Com uma ornamenta\u00e7\u00e3o linda montada na Pra\u00e7a de Conviv\u00eancia, os noivos emocionados entravam por um portal e passavam por um tapete vermelho diante de familiares e amigos a caminho da celebra\u00e7\u00e3o do matrim\u00f4nio. Al\u00e9m disso, os noivos tiveram direito a cabeleireiro, transporte, bolo e champanhe para comemorar o momento. <\/p>\n\n\n\n<div class=\"wp-block-image\"><figure class=\"aligncenter size-large\"><img decoding=\"async\" width=\"1280\" height=\"853\" src=\"https:\/\/i1.wp.com\/blogdoeloiltoncajuhy.com.br\/site\/wp-content\/uploads\/2019\/12\/PMJ_CasamentoColetivo-20191223.jpg?fit=590%2C393\" alt=\"\" class=\"wp-image-39820\" srcset=\"https:\/\/i0.wp.com\/blogdoeloiltoncajuhy.com.br\/site\/wp-content\/uploads\/2019\/12\/PMJ_CasamentoColetivo-20191223.jpg?w=1280&amp;ssl=1 1280w, https:\/\/i0.wp.com\/blogdoeloiltoncajuhy.com.br\/site\/wp-content\/uploads\/2019\/12\/PMJ_CasamentoColetivo-20191223.jpg?resize=300%2C200&amp;ssl=1 300w, https:\/\/i0.wp.com\/blogdoeloiltoncajuhy.com.br\/site\/wp-content\/uploads\/2019\/12\/PMJ_CasamentoColetivo-20191223.jpg?resize=1024%2C682&amp;ssl=1 1024w, https:\/\/i0.wp.com\/blogdoeloiltoncajuhy.com.br\/site\/wp-content\/uploads\/2019\/12\/PMJ_CasamentoColetivo-20191223.jpg?resize=768%2C512&amp;ssl=1 768w, https:\/\/i0.wp.com\/blogdoeloiltoncajuhy.com.br\/site\/wp-content\/uploads\/2019\/12\/PMJ_CasamentoColetivo-20191223.jpg?resize=250%2C167&amp;ssl=1 250w\" sizes=\"(max-width: 800px) 100vw, 800px\" \/><\/figure><\/div>\n\n\n\n<p>O juiz de paz direcionou sua reflex\u00e3o \u00e0 import\u00e2ncia da fam\u00edlia na constru\u00e7\u00e3o de uma sociedade fundamentada nos princ\u00edpios do amor.<\/p>\n\n\n\n<p>O secret\u00e1rio de Desenvolvimento Social, Ricardo Augusto, agradeceu toda a equipe da organiza\u00e7\u00e3o e os casais que confiaram \u00e0 prefeitura a realiza\u00e7\u00e3o deste dia. <em>\u201cPrimeiramente, gostaria de agradecer minha equipe que trabalhou para que o Casamento Coletivo acontecesse. Aos casais que aqui est\u00e3o e ao prefeito que sem o seu apoio, n\u00e3o seria poss\u00edvel esse evento. Que Deus aben\u00e7oe a uni\u00e3o de voc\u00eas\u201d<\/em>, enfatizou.<\/p>\n\n\n\n<p>Ao final da cerim\u00f4nia, os casais puderam celebrar sua uni\u00e3o com amigos e familiares na festa preparada pela administra\u00e7\u00e3o municipal, com direito a champanhe e muita m\u00fasica.<\/p>\n\n\n\n<div class=\"wp-block-image\"><figure class=\"aligncenter size-large\"><img decoding=\"async\" width=\"1280\" height=\"853\" src=\"https:\/\/i0.wp.com\/blogdoeloiltoncajuhy.com.br\/site\/wp-content\/uploads\/2019\/12\/PMJ_CasamentoColetivo-20191224.jpg?fit=590%2C393\" alt=\"\" class=\"wp-image-39821\" srcset=\"https:\/\/i0.wp.com\/blogdoeloiltoncajuhy.com.br\/site\/wp-content\/uploads\/2019\/12\/PMJ_CasamentoColetivo-20191224.jpg?w=1280&amp;ssl=1 1280w, https:\/\/i0.wp.com\/blogdoeloiltoncajuhy.com.br\/site\/wp-content\/uploads\/2019\/12\/PMJ_CasamentoColetivo-20191224.jpg?resize=300%2C200&amp;ssl=1 300w, https:\/\/i0.wp.com\/blogdoeloiltoncajuhy.com.br\/site\/wp-content\/uploads\/2019\/12\/PMJ_CasamentoColetivo-20191224.jpg?resize=1024%2C682&amp;ssl=1 1024w, https:\/\/i0.wp.com\/blogdoeloiltoncajuhy.com.br\/site\/wp-content\/uploads\/2019\/12\/PMJ_CasamentoColetivo-20191224.jpg?resize=768%2C512&amp;ssl=1 768w, https:\/\/i0.wp.com\/blogdoeloiltoncajuhy.com.br\/site\/wp-content\/uploads\/2019\/12\/PMJ_CasamentoColetivo-20191224.jpg?resize=250%2C167&amp;ssl=1 250w\" sizes=\"(max-width: 800px) 100vw, 800px\" \/><\/figure><\/div>\n","protected":false},"excerpt":{"rendered":"<p>ASCOM &#8211; Prefeitura de Jaguarari-BA Na noite desta sexta-feira (20) foi celebrado o dia mais esperado para 33 casais. A prefeitura de Jaguarari, por meio da Secretaria de Desenvolvimento Social, promoveu o 1\u00ba Casamento Coletivo, proporcionando a esses casais a oportunidade de oficializar seus la\u00e7os matrimoniais perante a lei. O prefeito Everton Rocha, acompanhado pela [&hellip;]<\/p>\n","protected":false},"author":2,"featured_media":39821,"comment_status":"open","ping_status":"open","sticky":false,"template":"","format":"standard","meta":{"_acf_changed":false,"_monsterinsights_skip_tracking":false,"_monsterinsights_sitenote_active":false,"_monsterinsights_sitenote_note":"","_monsterinsights_sitenote_category":0,"_jetpack_memberships_contains_paid_content":false,"footnotes":"","jetpack_publicize_message":"","jetpack_publicize_feature_enabled":true,"jetpack_social_post_already_shared":true,"jetpack_social_options":{"image_generator_settings":{"template":"highway","default_image_id":0,"font":"","enabled":false},"version":2}},"categories":[1,3,11],"tags":[],"class_list":["post-39818","post","type-post","status-publish","format-standard","has-post-thumbnail","hentry","category-noticias","category-politica","category-regional"],"acf":[],"jetpack_publicize_connections":[],"jetpack_featured_media_url":"https:\/\/i0.wp.com\/blogdoeloiltoncajuhy.com.br\/site\/wp-content\/uploads\/2019\/12\/PMJ_CasamentoColetivo-20191224.jpg?fit=1280%2C853&ssl=1","jetpack_sharing_enabled":true,"publishpress_future_workflow_manual_trigger":{"enabledWorkflows":[]},"_links":{"self":[{"href":"https:\/\/blogdoeloiltoncajuhy.com.br\/site\/wp-json\/wp\/v2\/posts\/39818","targetHints":{"allow":["GET"]}}],"collection":[{"href":"https:\/\/blogdoeloiltoncajuhy.com.br\/site\/wp-json\/wp\/v2\/posts"}],"about":[{"href":"https:\/\/blogdoeloiltoncajuhy.com.br\/site\/wp-json\/wp\/v2\/types\/post"}],"author":[{"embeddable":true,"href":"https:\/\/blogdoeloiltoncajuhy.com.br\/site\/wp-json\/wp\/v2\/users\/2"}],"replies":[{"embeddable":true,"href":"https:\/\/blogdoeloiltoncajuhy.com.br\/site\/wp-json\/wp\/v2\/comments?post=39818"}],"version-history":[{"count":1,"href":"https:\/\/blogdoeloiltoncajuhy.com.br\/site\/wp-json\/wp\/v2\/posts\/39818\/revisions"}],"predecessor-version":[{"id":39822,"href":"https:\/\/blogdoeloiltoncajuhy.com.br\/site\/wp-json\/wp\/v2\/posts\/39818\/revisions\/39822"}],"wp:featuredmedia":[{"embeddable":true,"href":"https:\/\/blogdoeloiltoncajuhy.com.br\/site\/wp-json\/wp\/v2\/media\/39821"}],"wp:attachment":[{"href":"https:\/\/blogdoeloiltoncajuhy.com.br\/site\/wp-json\/wp\/v2\/media?parent=39818"}],"wp:term":[{"taxonomy":"category","embeddable":true,"href":"https:\/\/blogdoeloiltoncajuhy.com.br\/site\/wp-json\/wp\/v2\/categories?post=39818"},{"taxonomy":"post_tag","embeddable":true,"href":"https:\/\/blogdoeloiltoncajuhy.com.br\/site\/wp-json\/wp\/v2\/tags?post=39818"}],"curies":[{"name":"wp","href":"https:\/\/api.w.org\/{rel}","templated":true}]}}