{"id":39814,"date":"2019-12-22T17:49:33","date_gmt":"2019-12-22T20:49:33","guid":{"rendered":"http:\/\/blogdoeloiltoncajuhy.com.br\/site\/?p=39814"},"modified":"2019-12-22T17:49:39","modified_gmt":"2019-12-22T20:49:39","slug":"bira-baixista-do-programa-do-jo-soares-morre-em-hospital-em-sp","status":"publish","type":"post","link":"https:\/\/blogdoeloiltoncajuhy.com.br\/site\/bira-baixista-do-programa-do-jo-soares-morre-em-hospital-em-sp\/","title":{"rendered":"Bira, baixista do programa do J\u00f4 Soares, morre em hospital em SP"},"content":{"rendered":"\n<h5 class=\"has-text-align-center wp-block-heading\"><em>De acordo com familiares, m\u00fasico faleceu \u00e0s 7h deste domingo (22). Ele estava internado no Hospital Sancta Maggiore, na Zona Leste da cidade<\/em><\/h5>\n\n\n\n<p><strong>Por G1 SP<\/strong><\/p>\n\n\n\n<div class=\"wp-block-image\"><figure class=\"aligncenter size-large\"><img data-recalc-dims=\"1\" fetchpriority=\"high\" decoding=\"async\" width=\"640\" height=\"360\" src=\"https:\/\/i0.wp.com\/blogdoeloiltoncajuhy.com.br\/site\/wp-content\/uploads\/2019\/12\/BiraBaixista.jpg?resize=640%2C360\" alt=\"\" class=\"wp-image-39815\" srcset=\"https:\/\/i0.wp.com\/blogdoeloiltoncajuhy.com.br\/site\/wp-content\/uploads\/2019\/12\/BiraBaixista.jpg?w=640&amp;ssl=1 640w, https:\/\/i0.wp.com\/blogdoeloiltoncajuhy.com.br\/site\/wp-content\/uploads\/2019\/12\/BiraBaixista.jpg?resize=300%2C169&amp;ssl=1 300w, https:\/\/i0.wp.com\/blogdoeloiltoncajuhy.com.br\/site\/wp-content\/uploads\/2019\/12\/BiraBaixista.jpg?resize=250%2C141&amp;ssl=1 250w\" sizes=\"(max-width: 640px) 100vw, 640px\" \/><figcaption>Foto: Arquivo\/Divulga\u00e7\u00e3o<\/figcaption><\/figure><\/div>\n\n\n\n<p>O m\u00fasico Bira, baixista do Programa do J\u00f4 Soares, morreu na manh\u00e3 deste domingo (22), aos 85 anos, em S\u00e3o Paulo. A informa\u00e7\u00e3o foi confirmada por familiares.<\/p>\n\n\n\n<p>Ele estava internado desde a \u00faltima sexta-feira (20) no Hospital Sancta Maggiore, na Mooca, Zona Leste da cidade, ap\u00f3s sofrer um AVC.<\/p>\n\n\n\n<p>Natural de Salvador, Ubirajara Penacho dos Reis ficou conhecido como &#8220;Bira do J\u00f4&#8221;.<\/p>\n\n\n\n<p>O baiano era um dos integrantes do Sexteto, banda formada por Tomati (guitarra el\u00e9trica), Osmar Barutti (piano), Chiquinho Oliveira (trompete), Derico (saxofone) e Miltinho (bateria).<\/p>\n\n\n\n<p>O grupo acompanhou o apresentador J\u00f4 Soares nos programas J\u00f4 Soares Onze e Meia, no SBT, e Programa do J\u00f4, da TV Globo. Bira ganhou ganhou popularidade no talkshow por sua risada forte e alta.<\/p>\n\n\n\n<div class=\"wp-block-image\"><figure class=\"aligncenter size-large is-resized\"><img data-recalc-dims=\"1\" decoding=\"async\" src=\"https:\/\/i0.wp.com\/blogdoeloiltoncajuhy.com.br\/site\/wp-content\/uploads\/2019\/12\/BiraBaixistaJo.jpg?resize=525%2C349\" alt=\"\" class=\"wp-image-39816\" width=\"525\" height=\"349\" srcset=\"https:\/\/i0.wp.com\/blogdoeloiltoncajuhy.com.br\/site\/wp-content\/uploads\/2019\/12\/BiraBaixistaJo.jpg?w=448&amp;ssl=1 448w, https:\/\/i0.wp.com\/blogdoeloiltoncajuhy.com.br\/site\/wp-content\/uploads\/2019\/12\/BiraBaixistaJo.jpg?resize=300%2C200&amp;ssl=1 300w, https:\/\/i0.wp.com\/blogdoeloiltoncajuhy.com.br\/site\/wp-content\/uploads\/2019\/12\/BiraBaixistaJo.jpg?resize=250%2C166&amp;ssl=1 250w\" sizes=\"(max-width: 525px) 100vw, 525px\" \/><figcaption>J\u00f4 Soares e Bira, ao fundo: parceria de quase 30 anos Foto: Reprodu\u00e7\u00e3o \/ TV Globo<\/figcaption><\/figure><\/div>\n\n\n\n<p><strong>Jornal Extra<\/strong> &#8211; O corpo do m\u00fasico est\u00e1 sendo velado na Funer\u00e1ria Morumbi, em S\u00e3o Paulo. O vel\u00f3rio acontece at\u00e9 as 22h e ser\u00e1 aberto ao p\u00fablico. De l\u00e1, o corpo do baixista segue para o Cremat\u00f3rio de Vila Alpina.<\/p>\n\n\n\n<p>J\u00f4 Soares lamentou a morte do amigo Bira em entrevista ao O GLOBO neste domingo. <em>&#8220;Ele era uma resist\u00eancia, mesmo j\u00e1 debilitado. Tinha uma imensa alegria e a transmitia com aquela gargalhada marcante dele&#8221;<\/em>, disse.<\/p>\n","protected":false},"excerpt":{"rendered":"<p>De acordo com familiares, m\u00fasico faleceu \u00e0s 7h deste domingo (22). Ele estava internado no Hospital Sancta Maggiore, na Zona Leste da cidade Por G1 SP O m\u00fasico Bira, baixista do Programa do J\u00f4 Soares, morreu na manh\u00e3 deste domingo (22), aos 85 anos, em S\u00e3o Paulo. A informa\u00e7\u00e3o foi confirmada por familiares. Ele estava [&hellip;]<\/p>\n","protected":false},"author":2,"featured_media":39816,"comment_status":"open","ping_status":"open","sticky":false,"template":"","format":"standard","meta":{"_acf_changed":false,"_monsterinsights_skip_tracking":false,"_monsterinsights_sitenote_active":false,"_monsterinsights_sitenote_note":"","_monsterinsights_sitenote_category":0,"_jetpack_memberships_contains_paid_content":false,"footnotes":"","jetpack_publicize_message":"","jetpack_publicize_feature_enabled":true,"jetpack_social_post_already_shared":true,"jetpack_social_options":{"image_generator_settings":{"template":"highway","default_image_id":0,"font":"","enabled":false},"version":2}},"categories":[8,1],"tags":[],"class_list":["post-39814","post","type-post","status-publish","format-standard","has-post-thumbnail","hentry","category-cultura","category-noticias"],"acf":[],"jetpack_publicize_connections":[],"jetpack_featured_media_url":"https:\/\/i0.wp.com\/blogdoeloiltoncajuhy.com.br\/site\/wp-content\/uploads\/2019\/12\/BiraBaixistaJo.jpg?fit=448%2C298&ssl=1","jetpack_sharing_enabled":true,"publishpress_future_workflow_manual_trigger":{"enabledWorkflows":[]},"_links":{"self":[{"href":"https:\/\/blogdoeloiltoncajuhy.com.br\/site\/wp-json\/wp\/v2\/posts\/39814","targetHints":{"allow":["GET"]}}],"collection":[{"href":"https:\/\/blogdoeloiltoncajuhy.com.br\/site\/wp-json\/wp\/v2\/posts"}],"about":[{"href":"https:\/\/blogdoeloiltoncajuhy.com.br\/site\/wp-json\/wp\/v2\/types\/post"}],"author":[{"embeddable":true,"href":"https:\/\/blogdoeloiltoncajuhy.com.br\/site\/wp-json\/wp\/v2\/users\/2"}],"replies":[{"embeddable":true,"href":"https:\/\/blogdoeloiltoncajuhy.com.br\/site\/wp-json\/wp\/v2\/comments?post=39814"}],"version-history":[{"count":1,"href":"https:\/\/blogdoeloiltoncajuhy.com.br\/site\/wp-json\/wp\/v2\/posts\/39814\/revisions"}],"predecessor-version":[{"id":39817,"href":"https:\/\/blogdoeloiltoncajuhy.com.br\/site\/wp-json\/wp\/v2\/posts\/39814\/revisions\/39817"}],"wp:featuredmedia":[{"embeddable":true,"href":"https:\/\/blogdoeloiltoncajuhy.com.br\/site\/wp-json\/wp\/v2\/media\/39816"}],"wp:attachment":[{"href":"https:\/\/blogdoeloiltoncajuhy.com.br\/site\/wp-json\/wp\/v2\/media?parent=39814"}],"wp:term":[{"taxonomy":"category","embeddable":true,"href":"https:\/\/blogdoeloiltoncajuhy.com.br\/site\/wp-json\/wp\/v2\/categories?post=39814"},{"taxonomy":"post_tag","embeddable":true,"href":"https:\/\/blogdoeloiltoncajuhy.com.br\/site\/wp-json\/wp\/v2\/tags?post=39814"}],"curies":[{"name":"wp","href":"https:\/\/api.w.org\/{rel}","templated":true}]}}