{"id":39807,"date":"2019-12-22T10:35:03","date_gmt":"2019-12-22T13:35:03","guid":{"rendered":"http:\/\/blogdoeloiltoncajuhy.com.br\/site\/?p=39807"},"modified":"2019-12-22T10:35:09","modified_gmt":"2019-12-22T13:35:09","slug":"carlos-brasileiro-participa-de-lancamento-de-cemiterio-particular-em-senhor-do-bonfim","status":"publish","type":"post","link":"https:\/\/blogdoeloiltoncajuhy.com.br\/site\/carlos-brasileiro-participa-de-lancamento-de-cemiterio-particular-em-senhor-do-bonfim\/","title":{"rendered":"Carlos Brasileiro participa de lan\u00e7amento de cemit\u00e9rio particular em Senhor do Bonfim"},"content":{"rendered":"\n<p><strong>ASCOM &#8211; Prefeitura de Senhor do Bonfim-BA<\/strong><\/p>\n\n\n\n<div class=\"wp-block-image\"><figure class=\"aligncenter size-large\"><img fetchpriority=\"high\" decoding=\"async\" width=\"1280\" height=\"853\" src=\"https:\/\/i0.wp.com\/blogdoeloiltoncajuhy.com.br\/site\/wp-content\/uploads\/2019\/12\/Lan\u00e7amentoCemiterio-01.jpg?fit=590%2C393\" alt=\"\" class=\"wp-image-39808\" srcset=\"https:\/\/i0.wp.com\/blogdoeloiltoncajuhy.com.br\/site\/wp-content\/uploads\/2019\/12\/Lan%C3%A7amentoCemiterio-01.jpg?w=1280&amp;ssl=1 1280w, https:\/\/i0.wp.com\/blogdoeloiltoncajuhy.com.br\/site\/wp-content\/uploads\/2019\/12\/Lan%C3%A7amentoCemiterio-01.jpg?resize=300%2C200&amp;ssl=1 300w, https:\/\/i0.wp.com\/blogdoeloiltoncajuhy.com.br\/site\/wp-content\/uploads\/2019\/12\/Lan%C3%A7amentoCemiterio-01.jpg?resize=1024%2C682&amp;ssl=1 1024w, https:\/\/i0.wp.com\/blogdoeloiltoncajuhy.com.br\/site\/wp-content\/uploads\/2019\/12\/Lan%C3%A7amentoCemiterio-01.jpg?resize=768%2C512&amp;ssl=1 768w, https:\/\/i0.wp.com\/blogdoeloiltoncajuhy.com.br\/site\/wp-content\/uploads\/2019\/12\/Lan%C3%A7amentoCemiterio-01.jpg?resize=250%2C167&amp;ssl=1 250w\" sizes=\"(max-width: 800px) 100vw, 800px\" \/><\/figure><\/div>\n\n\n\n<p>O prefeito Carlos Brasileiro prestigiou na manh\u00e3 desta sexta-feira, 20 de dezembro, o lan\u00e7amento do Cemit\u00e9rio Parque Jardim da Esperan\u00e7a. O empreendimento chega como um novo conceito de cemit\u00e9rio e tem \u00e0 frente os empres\u00e1rios Guthenberg Amaral e Luana Boaventura.<\/p>\n\n\n\n<p>O cemit\u00e9rio fica no Km 3 da rodovia estadual que liga Senhor do Bonfim ao distrito do Quic\u00e9. A \u00e1rea tem 56 mil metros quadrados e capacidade de abrigar mais de 13 mil jazigos tipo jardim (cada um com 3 gavetas) e uma estrutura que contar\u00e1 com templo ecum\u00eanico, 2 espa\u00e7os para vel\u00f3rios com sala de repouso e banheiro privativo, estacionamento para 52 ve\u00edculos, lanchonete, floricultura, administra\u00e7\u00e3o, guarita e vigil\u00e2ncia 24h.<\/p>\n\n\n\n<p>A previs\u00e3o de funcionamento \u00e9 para abril de 2020. <em>&#8220;Nossos cemit\u00e9rios hoje t\u00eam poucas vagas. Vai ajudar muito o poder p\u00fablico. \u00c9 um espa\u00e7o moderno com ampla \u00e1rea verde e elementos de paisagismo. Quem tem condi\u00e7\u00f5es financeiras melhores, agora vai ter esta op\u00e7\u00e3o. Agrade\u00e7o a voc\u00eas (investidores) pela iniciativa e desejo muito sucesso\u201d<\/em>, parabenizou Brasileiro.<\/p>\n\n\n\n<p>Ainda segundo o prefeito, o empreendimento ter\u00e1 seu lado social oferecendo cotas de espa\u00e7os para fam\u00edlias carentes atendidas e encaminhadas pela Secretaria Municipal de Assist\u00eancia Social.<\/p>\n\n\n\n<div class=\"wp-block-image\"><figure class=\"aligncenter size-large\"><img decoding=\"async\" width=\"1163\" height=\"654\" src=\"https:\/\/i0.wp.com\/blogdoeloiltoncajuhy.com.br\/site\/wp-content\/uploads\/2019\/12\/Lan\u00e7amentoCemiterio-02.jpg?fit=590%2C332\" alt=\"\" class=\"wp-image-39809\" srcset=\"https:\/\/i0.wp.com\/blogdoeloiltoncajuhy.com.br\/site\/wp-content\/uploads\/2019\/12\/Lan%C3%A7amentoCemiterio-02.jpg?w=1163&amp;ssl=1 1163w, https:\/\/i0.wp.com\/blogdoeloiltoncajuhy.com.br\/site\/wp-content\/uploads\/2019\/12\/Lan%C3%A7amentoCemiterio-02.jpg?resize=300%2C169&amp;ssl=1 300w, https:\/\/i0.wp.com\/blogdoeloiltoncajuhy.com.br\/site\/wp-content\/uploads\/2019\/12\/Lan%C3%A7amentoCemiterio-02.jpg?resize=1024%2C576&amp;ssl=1 1024w, https:\/\/i0.wp.com\/blogdoeloiltoncajuhy.com.br\/site\/wp-content\/uploads\/2019\/12\/Lan%C3%A7amentoCemiterio-02.jpg?resize=768%2C432&amp;ssl=1 768w, https:\/\/i0.wp.com\/blogdoeloiltoncajuhy.com.br\/site\/wp-content\/uploads\/2019\/12\/Lan%C3%A7amentoCemiterio-02.jpg?resize=250%2C141&amp;ssl=1 250w\" sizes=\"(max-width: 800px) 100vw, 800px\" \/><\/figure><\/div>\n\n\n\n<p>O evento foi aben\u00e7oado pelo pastor  Josimario Jo\u00e3o da Silva da Igreja Batista Nova Si\u00e3o. Ao final da solenidade, uma c\u00e1psula de metal, contendo a fotografia dos presentes na cerim\u00f4nia, fotos dos principais pontos e \u00faltimos empreendimentos da cidade, al\u00e9m de c\u00e9dulas e moedas de real, foi enterrada. A previs\u00e3o \u00e9 abrir a c\u00e1psula depois de 20 anos.<\/p>\n\n\n\n<p>O momento tamb\u00e9m contou com a presen\u00e7a do vice-prefeito Jos\u00e9 Ant\u00f4nio, do deputado Bob\u00f4, secret\u00e1rios municipais, vereadores, empres\u00e1rios, representantes da policial militar e demais convidados.<\/p>\n","protected":false},"excerpt":{"rendered":"<p>ASCOM &#8211; Prefeitura de Senhor do Bonfim-BA O prefeito Carlos Brasileiro prestigiou na manh\u00e3 desta sexta-feira, 20 de dezembro, o lan\u00e7amento do Cemit\u00e9rio Parque Jardim da Esperan\u00e7a. O empreendimento chega como um novo conceito de cemit\u00e9rio e tem \u00e0 frente os empres\u00e1rios Guthenberg Amaral e Luana Boaventura. O cemit\u00e9rio fica no Km 3 da rodovia [&hellip;]<\/p>\n","protected":false},"author":2,"featured_media":39809,"comment_status":"open","ping_status":"open","sticky":false,"template":"","format":"standard","meta":{"_acf_changed":false,"_monsterinsights_skip_tracking":false,"_monsterinsights_sitenote_active":false,"_monsterinsights_sitenote_note":"","_monsterinsights_sitenote_category":0,"_jetpack_memberships_contains_paid_content":false,"footnotes":"","jetpack_publicize_message":"","jetpack_publicize_feature_enabled":true,"jetpack_social_post_already_shared":true,"jetpack_social_options":{"image_generator_settings":{"template":"highway","default_image_id":0,"font":"","enabled":false},"version":2}},"categories":[5,1,4],"tags":[],"class_list":["post-39807","post","type-post","status-publish","format-standard","has-post-thumbnail","hentry","category-cotidiano","category-noticias","category-local"],"acf":[],"jetpack_publicize_connections":[],"jetpack_featured_media_url":"https:\/\/i0.wp.com\/blogdoeloiltoncajuhy.com.br\/site\/wp-content\/uploads\/2019\/12\/Lan%C3%A7amentoCemiterio-02.jpg?fit=1163%2C654&ssl=1","jetpack_sharing_enabled":true,"publishpress_future_workflow_manual_trigger":{"enabledWorkflows":[]},"_links":{"self":[{"href":"https:\/\/blogdoeloiltoncajuhy.com.br\/site\/wp-json\/wp\/v2\/posts\/39807","targetHints":{"allow":["GET"]}}],"collection":[{"href":"https:\/\/blogdoeloiltoncajuhy.com.br\/site\/wp-json\/wp\/v2\/posts"}],"about":[{"href":"https:\/\/blogdoeloiltoncajuhy.com.br\/site\/wp-json\/wp\/v2\/types\/post"}],"author":[{"embeddable":true,"href":"https:\/\/blogdoeloiltoncajuhy.com.br\/site\/wp-json\/wp\/v2\/users\/2"}],"replies":[{"embeddable":true,"href":"https:\/\/blogdoeloiltoncajuhy.com.br\/site\/wp-json\/wp\/v2\/comments?post=39807"}],"version-history":[{"count":1,"href":"https:\/\/blogdoeloiltoncajuhy.com.br\/site\/wp-json\/wp\/v2\/posts\/39807\/revisions"}],"predecessor-version":[{"id":39810,"href":"https:\/\/blogdoeloiltoncajuhy.com.br\/site\/wp-json\/wp\/v2\/posts\/39807\/revisions\/39810"}],"wp:featuredmedia":[{"embeddable":true,"href":"https:\/\/blogdoeloiltoncajuhy.com.br\/site\/wp-json\/wp\/v2\/media\/39809"}],"wp:attachment":[{"href":"https:\/\/blogdoeloiltoncajuhy.com.br\/site\/wp-json\/wp\/v2\/media?parent=39807"}],"wp:term":[{"taxonomy":"category","embeddable":true,"href":"https:\/\/blogdoeloiltoncajuhy.com.br\/site\/wp-json\/wp\/v2\/categories?post=39807"},{"taxonomy":"post_tag","embeddable":true,"href":"https:\/\/blogdoeloiltoncajuhy.com.br\/site\/wp-json\/wp\/v2\/tags?post=39807"}],"curies":[{"name":"wp","href":"https:\/\/api.w.org\/{rel}","templated":true}]}}