{"id":39805,"date":"2019-12-22T10:16:29","date_gmt":"2019-12-22T13:16:29","guid":{"rendered":"http:\/\/blogdoeloiltoncajuhy.com.br\/site\/?p=39805"},"modified":"2019-12-22T10:16:35","modified_gmt":"2019-12-22T13:16:35","slug":"emprego-concursos-publicos-abrem-inscricoes-para-mais-de-3-mil-vagas","status":"publish","type":"post","link":"https:\/\/blogdoeloiltoncajuhy.com.br\/site\/emprego-concursos-publicos-abrem-inscricoes-para-mais-de-3-mil-vagas\/","title":{"rendered":"Emprego: Concursos p\u00fablicos abrem inscri\u00e7\u00f5es para mais de 3 mil vagas"},"content":{"rendered":"\n<h5 class=\"has-text-align-center wp-block-heading\"><em>Oportunidades s\u00e3o para profissionais de todos os n\u00edveis de escolaridade. Na prefeitura de Goian\u00e1 (MG), sal\u00e1rios chegam a R$ 11.870<\/em><\/h5>\n\n\n\n<p><strong>Por G1<\/strong><\/p>\n\n\n\n<div class=\"wp-block-image\"><figure class=\"aligncenter size-large\"><img data-recalc-dims=\"1\" fetchpriority=\"high\" decoding=\"async\" width=\"800\" height=\"523\" src=\"https:\/\/i0.wp.com\/blogdoeloiltoncajuhy.com.br\/site\/wp-content\/uploads\/2019\/06\/concursos_jun2019.jpeg?resize=800%2C523\" alt=\"\" class=\"wp-image-34896\" srcset=\"https:\/\/i0.wp.com\/blogdoeloiltoncajuhy.com.br\/site\/wp-content\/uploads\/2019\/06\/concursos_jun2019.jpeg?w=984&amp;ssl=1 984w, https:\/\/i0.wp.com\/blogdoeloiltoncajuhy.com.br\/site\/wp-content\/uploads\/2019\/06\/concursos_jun2019.jpeg?resize=300%2C196&amp;ssl=1 300w, https:\/\/i0.wp.com\/blogdoeloiltoncajuhy.com.br\/site\/wp-content\/uploads\/2019\/06\/concursos_jun2019.jpeg?resize=768%2C502&amp;ssl=1 768w, https:\/\/i0.wp.com\/blogdoeloiltoncajuhy.com.br\/site\/wp-content\/uploads\/2019\/06\/concursos_jun2019.jpeg?resize=250%2C163&amp;ssl=1 250w\" sizes=\"(max-width: 800px) 100vw, 800px\" \/><figcaption>Concursos: entre as sele\u00e7\u00f5es abertas, sal\u00e1rios chegam a R$ 33 mil no Minist\u00e9rio P\u00fablico do Trabalho (MPT) \u2014 Foto: Divulga\u00e7\u00e3o<\/figcaption><\/figure><\/div>\n\n\n\n<p>Ao menos 8 concursos p\u00fablicos abrem inscri\u00e7\u00f5es nesta segunda-feira para preencher mais de 3 mil vagas em diversas regi\u00f5es do pa\u00eds.<\/p>\n\n\n\n<p>As oportunidades s\u00e3o para profissionais de todos os n\u00edveis de escolaridade. Al\u00e9m de vagas para preenchimento imediato, alguns dos concursos tamb\u00e9m abriram sele\u00e7\u00e3o para forma\u00e7\u00e3o de cadastro de reserva \u2013 ou seja, os candidatos aprovados ser\u00e3o chamados conforme a abertura de vagas durante a validade do concurso.<\/p>\n\n\n\n<p><a rel=\"noreferrer noopener\" href=\"http:\/\/especiais.g1.globo.com\/economia\/concursos-e-emprego\/lista-de-concursos-publicos-e-vagas-de-emprego\/?_ga=2.27796284.1268405155.1576489931-1234833733.1562593988\" target=\"_blank\"><strong><em>CONFIRA AQUI A LISTA COMPLETA DE CONCURSOS COM INSCRI\u00c7\u00d5ES ABERTAS<\/em><\/strong><\/a><\/p>\n\n\n\n<p>Na prefeitura de Goian\u00e1 (MG), os sal\u00e1rios chegam a R$ 11.870,00 para a vaga de m\u00e9dico.<\/p>\n\n\n\n<p>O concurso da Secretaria de Estado de Educa\u00e7\u00e3o e Desporto do Amazonas \u00e9 o que oferece a maior quantidade de postos de trabalho. Ao todo s\u00e3o 2.868 vagas para contrata\u00e7\u00e3o de professores, com sal\u00e1rios de at\u00e9 R$ 4.349,50.<\/p>\n\n\n\n<p><strong>Veja abaixo detalhes dos concursos que abrem inscri\u00e7\u00f5es nesta segunda:<\/strong><\/p>\n\n\n\n<h2 class=\"wp-block-heading\">Prefeitura de Goian\u00e1 (MG)<\/h2>\n\n\n\n<ul class=\"wp-block-list\"><li>Inscri\u00e7\u00f5es at\u00e9: 21\/01\/2020<\/li><li>Vagas: 10<\/li><li>Sal\u00e1rio m\u00e1ximo: R$ 11.870,00<\/li><li>Escolaridade: m\u00e9dio e superior<\/li><\/ul>\n\n\n\n<p><a href=\"https:\/\/www.auctorconsultoria.com.br\/informacoes\/11\/\" target=\"_blank\" rel=\"noreferrer noopener\">Veja o edital<\/a><\/p>\n\n\n\n<h2 class=\"wp-block-heading\">Prefeitura de Itiquira (MT)<\/h2>\n\n\n\n<ul class=\"wp-block-list\"><li>Inscri\u00e7\u00f5es at\u00e9: 07\/01\/2020<\/li><li>Vagas: 137<\/li><li>Sal\u00e1rio m\u00e1ximo: R$ 10.333,00<\/li><li>Escolaridade: fundamental, m\u00e9dio e superior<\/li><\/ul>\n\n\n\n<p><a href=\"http:\/\/www.itiquira.mt.gov.br\/2019\/12\/processo-seletivo-simplificado-0032019\/\" target=\"_blank\" rel=\"noreferrer noopener\">Veja o edital<\/a><\/p>\n\n\n\n<h2 class=\"wp-block-heading\">Prefeitura de Montividiu do Norte (GO)<\/h2>\n\n\n\n<ul class=\"wp-block-list\"><li>Inscri\u00e7\u00f5es at\u00e9: 16\/01\/2020<\/li><li>Vagas: 57<\/li><li>Sal\u00e1rio m\u00e1ximo: R$ 6.000,00<\/li><li>Escolaridade: fundamental, m\u00e9dio e superior<\/li><\/ul>\n\n\n\n<p><a href=\"http:\/\/www.ganzaroliassessoria.com.br\/site\/concurso_detalhes.aspx?conid=55\" target=\"_blank\" rel=\"noreferrer noopener\">Veja o edital<\/a><\/p>\n\n\n\n<h2 class=\"wp-block-heading\">Prefeitura de Santa Carmem (MT)<\/h2>\n\n\n\n<ul class=\"wp-block-list\"><li>Inscri\u00e7\u00f5es at\u00e9: 13\/01\/2020<\/li><li>Vagas: 8<\/li><li>Sal\u00e1rio m\u00e1ximo: R$ 2.857,18<\/li><li>Escolaridade: m\u00e9dio e superior<\/li><\/ul>\n\n\n\n<p><a href=\"https:\/\/www.diariooficial.com.br\/diarios\/concurso\/view\/editais\/12302\/Edital%20-%20Santa%20Carmem.pdf\" target=\"_blank\" rel=\"noreferrer noopener\">Veja o edital<\/a><\/p>\n\n\n\n<h2 class=\"wp-block-heading\">Prefeitura de S\u00e3o Sim\u00e3o (GO)<\/h2>\n\n\n\n<ul class=\"wp-block-list\"><li>Inscri\u00e7\u00f5es at\u00e9: 26\/01\/2020<\/li><li>Vagas: 9<\/li><li>Sal\u00e1rio m\u00e1ximo: R$ 1.210,04<\/li><li>Escolaridade: m\u00e9dio<\/li><\/ul>\n\n\n\n<p><a href=\"https:\/\/www.consesp.com.br\/site\/index.php?pg=concursos\/info&amp;codigo=3320\" target=\"_blank\" rel=\"noreferrer noopener\">Veja o edital<\/a><\/p>\n\n\n\n<h2 class=\"wp-block-heading\">Secretaria de Estado de Educa\u00e7\u00e3o e Desporto do Amazonas<\/h2>\n\n\n\n<ul class=\"wp-block-list\"><li>Inscri\u00e7\u00f5es at\u00e9: 06\/01\/2020<\/li><li>Vagas: 2.868<\/li><li>Sal\u00e1rio m\u00e1ximo: R$ 4.349,50<\/li><li>Escolaridade: superior<\/li><\/ul>\n\n\n\n<p><a href=\"http:\/\/www.concursoscopec.com.br\/154-pss-seduc19\/concurso\/exibir.html\" target=\"_blank\" rel=\"noreferrer noopener\">Veja o edital<\/a><\/p>\n\n\n\n<h2 class=\"wp-block-heading\">Prefeitura de Romel\u00e2ndia (SC)<\/h2>\n\n\n\n<ul class=\"wp-block-list\"><li>Inscri\u00e7\u00f5es at\u00e9: 21\/01\/2020<\/li><li>Vagas: 7<\/li><li>Sal\u00e1rio m\u00e1ximo: R$ 2.770,39<\/li><li>Escolaridade: fundamental, m\u00e9dio e superior<\/li><\/ul>\n\n\n\n<p><a href=\"http:\/\/www.gsassessoriaconcursos.com.br\/informacoes\/11\/\" target=\"_blank\" rel=\"noreferrer noopener\">Veja o edital<\/a><\/p>\n\n\n\n<h2 class=\"wp-block-heading\">Prefeitura de S\u00e3o Jos\u00e9 dos Quatro Marcos (MT)<\/h2>\n\n\n\n<ul class=\"wp-block-list\"><li>Inscri\u00e7\u00f5es at\u00e9: 12\/01\/2020<\/li><li>Vagas: 16<\/li><li>Sal\u00e1rio m\u00e1ximo: R$ 2.206,04<\/li><li>Escolaridade: superior<\/li><\/ul>\n\n\n\n<p><a href=\"https:\/\/selecon.com.br\/concursos\/edital-001-sjqmarcos\/#geral-infosj4m002\" target=\"_blank\" rel=\"noreferrer noopener\">Veja o edital<\/a><\/p>\n","protected":false},"excerpt":{"rendered":"<p>Oportunidades s\u00e3o para profissionais de todos os n\u00edveis de escolaridade. Na prefeitura de Goian\u00e1 (MG), sal\u00e1rios chegam a R$ 11.870 Por G1 Ao menos 8 concursos p\u00fablicos abrem inscri\u00e7\u00f5es nesta segunda-feira para preencher mais de 3 mil vagas em diversas regi\u00f5es do pa\u00eds. As oportunidades s\u00e3o para profissionais de todos os n\u00edveis de escolaridade. Al\u00e9m [&hellip;]<\/p>\n","protected":false},"author":2,"featured_media":0,"comment_status":"open","ping_status":"open","sticky":false,"template":"","format":"standard","meta":{"_acf_changed":false,"_monsterinsights_skip_tracking":false,"_monsterinsights_sitenote_active":false,"_monsterinsights_sitenote_note":"","_monsterinsights_sitenote_category":0,"_jetpack_memberships_contains_paid_content":false,"footnotes":"","jetpack_publicize_message":"","jetpack_publicize_feature_enabled":true,"jetpack_social_post_already_shared":true,"jetpack_social_options":{"image_generator_settings":{"template":"highway","default_image_id":0,"font":"","enabled":false},"version":2}},"categories":[5,1],"tags":[],"class_list":["post-39805","post","type-post","status-publish","format-standard","hentry","category-cotidiano","category-noticias"],"acf":[],"jetpack_publicize_connections":[],"jetpack_featured_media_url":"","jetpack_sharing_enabled":true,"publishpress_future_workflow_manual_trigger":{"enabledWorkflows":[]},"_links":{"self":[{"href":"https:\/\/blogdoeloiltoncajuhy.com.br\/site\/wp-json\/wp\/v2\/posts\/39805","targetHints":{"allow":["GET"]}}],"collection":[{"href":"https:\/\/blogdoeloiltoncajuhy.com.br\/site\/wp-json\/wp\/v2\/posts"}],"about":[{"href":"https:\/\/blogdoeloiltoncajuhy.com.br\/site\/wp-json\/wp\/v2\/types\/post"}],"author":[{"embeddable":true,"href":"https:\/\/blogdoeloiltoncajuhy.com.br\/site\/wp-json\/wp\/v2\/users\/2"}],"replies":[{"embeddable":true,"href":"https:\/\/blogdoeloiltoncajuhy.com.br\/site\/wp-json\/wp\/v2\/comments?post=39805"}],"version-history":[{"count":1,"href":"https:\/\/blogdoeloiltoncajuhy.com.br\/site\/wp-json\/wp\/v2\/posts\/39805\/revisions"}],"predecessor-version":[{"id":39806,"href":"https:\/\/blogdoeloiltoncajuhy.com.br\/site\/wp-json\/wp\/v2\/posts\/39805\/revisions\/39806"}],"wp:attachment":[{"href":"https:\/\/blogdoeloiltoncajuhy.com.br\/site\/wp-json\/wp\/v2\/media?parent=39805"}],"wp:term":[{"taxonomy":"category","embeddable":true,"href":"https:\/\/blogdoeloiltoncajuhy.com.br\/site\/wp-json\/wp\/v2\/categories?post=39805"},{"taxonomy":"post_tag","embeddable":true,"href":"https:\/\/blogdoeloiltoncajuhy.com.br\/site\/wp-json\/wp\/v2\/tags?post=39805"}],"curies":[{"name":"wp","href":"https:\/\/api.w.org\/{rel}","templated":true}]}}