{"id":39802,"date":"2019-12-21T10:52:43","date_gmt":"2019-12-21T13:52:43","guid":{"rendered":"http:\/\/blogdoeloiltoncajuhy.com.br\/site\/?p=39802"},"modified":"2019-12-21T10:52:49","modified_gmt":"2019-12-21T13:52:49","slug":"stf-derruba-medida-provisoria-de-bolsonaro-e-mantem-dpvat-2020","status":"publish","type":"post","link":"https:\/\/blogdoeloiltoncajuhy.com.br\/site\/stf-derruba-medida-provisoria-de-bolsonaro-e-mantem-dpvat-2020\/","title":{"rendered":"STF derruba Medida Provis\u00f3ria de Bolsonaro e mant\u00e9m DPVAT 2020"},"content":{"rendered":"\n<p><strong>Priscilla Kinast &#8211; Seu Cr\u00e9dito Digital<\/strong><\/p>\n\n\n\n<div class=\"wp-block-image\"><figure class=\"aligncenter size-large\"><img fetchpriority=\"high\" decoding=\"async\" width=\"1280\" height=\"721\" src=\"https:\/\/i1.wp.com\/blogdoeloiltoncajuhy.com.br\/site\/wp-content\/uploads\/2019\/12\/DPVAT-2019_Dez.jpg?fit=590%2C332\" alt=\"\" class=\"wp-image-39803\" srcset=\"https:\/\/i0.wp.com\/blogdoeloiltoncajuhy.com.br\/site\/wp-content\/uploads\/2019\/12\/DPVAT-2019_Dez.jpg?w=1280&amp;ssl=1 1280w, https:\/\/i0.wp.com\/blogdoeloiltoncajuhy.com.br\/site\/wp-content\/uploads\/2019\/12\/DPVAT-2019_Dez.jpg?resize=300%2C169&amp;ssl=1 300w, https:\/\/i0.wp.com\/blogdoeloiltoncajuhy.com.br\/site\/wp-content\/uploads\/2019\/12\/DPVAT-2019_Dez.jpg?resize=1024%2C577&amp;ssl=1 1024w, https:\/\/i0.wp.com\/blogdoeloiltoncajuhy.com.br\/site\/wp-content\/uploads\/2019\/12\/DPVAT-2019_Dez.jpg?resize=768%2C433&amp;ssl=1 768w, https:\/\/i0.wp.com\/blogdoeloiltoncajuhy.com.br\/site\/wp-content\/uploads\/2019\/12\/DPVAT-2019_Dez.jpg?resize=250%2C141&amp;ssl=1 250w\" sizes=\"(max-width: 800px) 100vw, 800px\" \/><\/figure><\/div>\n\n\n\n<p>O Superior Tribunal Federal (STF) decidiu nesta sexta-feira (20) que o imposto que ampara os motoristas, pedestres e todo mundo que utiliza o tr\u00e2nsito, o DPVAT (Danos Pessoais por Ve\u00edculos Automotores Terrestres), ser\u00e1 mantido em 2020.<\/p>\n\n\n\n<p class=\"has-medium-font-size\"><strong>Preciso pagar o DPVAT 2020?<\/strong><\/p>\n\n\n\n<p>Antes de mais nada, saiba que a decis\u00e3o do STF de suspender a MP de Bolsonaro foi efetuada em plen\u00e1rio virtual. Isso quer dizer que o tema ainda deve ser debatido no plen\u00e1rio presencial. Entretanto, ainda n\u00e3o h\u00e1 uma data para isso acontecer. Mas o que podemos assegurar \u00e9 que, com o mantimento do seguro DPVAT, \u00e9 necess\u00e1rio fazer o seu pagamento em 2020.<\/p>\n\n\n\n<p>No entanto, a Seguradora L\u00edder, administradora do DPVAT, ainda n\u00e3o divulgou os valores que os motoristas ter\u00e3o que pagar. Isso ser\u00e1 decidido em reuni\u00e3o, prevista para ocorrer ainda neste ano, com a Superintend\u00eancia de Seguros Privados (Susep), autarquia federal vinculada ao Minist\u00e9rio da Economia e o Conselho Nacional de Seguros Privados (CNSP).<\/p>\n\n\n\n<p>O pagamento do DPVAT 2020 dever\u00e1 ocorrer na data de vencimento da cota \u00fanica de IPVA, ou na primeira parcela de cada estado. Os boletos ser\u00e3o gerados pelo site da Seguradora L\u00edder.<\/p>\n","protected":false},"excerpt":{"rendered":"<p>Priscilla Kinast &#8211; Seu Cr\u00e9dito Digital O Superior Tribunal Federal (STF) decidiu nesta sexta-feira (20) que o imposto que ampara os motoristas, pedestres e todo mundo que utiliza o tr\u00e2nsito, o DPVAT (Danos Pessoais por Ve\u00edculos Automotores Terrestres), ser\u00e1 mantido em 2020. Preciso pagar o DPVAT 2020? Antes de mais nada, saiba que a decis\u00e3o [&hellip;]<\/p>\n","protected":false},"author":2,"featured_media":39803,"comment_status":"open","ping_status":"open","sticky":false,"template":"","format":"standard","meta":{"_acf_changed":false,"_monsterinsights_skip_tracking":false,"_monsterinsights_sitenote_active":false,"_monsterinsights_sitenote_note":"","_monsterinsights_sitenote_category":0,"_jetpack_memberships_contains_paid_content":false,"footnotes":"","jetpack_publicize_message":"","jetpack_publicize_feature_enabled":true,"jetpack_social_post_already_shared":true,"jetpack_social_options":{"image_generator_settings":{"template":"highway","default_image_id":0,"font":"","enabled":false},"version":2}},"categories":[5,1],"tags":[],"class_list":["post-39802","post","type-post","status-publish","format-standard","has-post-thumbnail","hentry","category-cotidiano","category-noticias"],"acf":[],"jetpack_publicize_connections":[],"jetpack_featured_media_url":"https:\/\/i0.wp.com\/blogdoeloiltoncajuhy.com.br\/site\/wp-content\/uploads\/2019\/12\/DPVAT-2019_Dez.jpg?fit=1280%2C721&ssl=1","jetpack_sharing_enabled":true,"publishpress_future_workflow_manual_trigger":{"enabledWorkflows":[]},"_links":{"self":[{"href":"https:\/\/blogdoeloiltoncajuhy.com.br\/site\/wp-json\/wp\/v2\/posts\/39802","targetHints":{"allow":["GET"]}}],"collection":[{"href":"https:\/\/blogdoeloiltoncajuhy.com.br\/site\/wp-json\/wp\/v2\/posts"}],"about":[{"href":"https:\/\/blogdoeloiltoncajuhy.com.br\/site\/wp-json\/wp\/v2\/types\/post"}],"author":[{"embeddable":true,"href":"https:\/\/blogdoeloiltoncajuhy.com.br\/site\/wp-json\/wp\/v2\/users\/2"}],"replies":[{"embeddable":true,"href":"https:\/\/blogdoeloiltoncajuhy.com.br\/site\/wp-json\/wp\/v2\/comments?post=39802"}],"version-history":[{"count":1,"href":"https:\/\/blogdoeloiltoncajuhy.com.br\/site\/wp-json\/wp\/v2\/posts\/39802\/revisions"}],"predecessor-version":[{"id":39804,"href":"https:\/\/blogdoeloiltoncajuhy.com.br\/site\/wp-json\/wp\/v2\/posts\/39802\/revisions\/39804"}],"wp:featuredmedia":[{"embeddable":true,"href":"https:\/\/blogdoeloiltoncajuhy.com.br\/site\/wp-json\/wp\/v2\/media\/39803"}],"wp:attachment":[{"href":"https:\/\/blogdoeloiltoncajuhy.com.br\/site\/wp-json\/wp\/v2\/media?parent=39802"}],"wp:term":[{"taxonomy":"category","embeddable":true,"href":"https:\/\/blogdoeloiltoncajuhy.com.br\/site\/wp-json\/wp\/v2\/categories?post=39802"},{"taxonomy":"post_tag","embeddable":true,"href":"https:\/\/blogdoeloiltoncajuhy.com.br\/site\/wp-json\/wp\/v2\/tags?post=39802"}],"curies":[{"name":"wp","href":"https:\/\/api.w.org\/{rel}","templated":true}]}}