{"id":39799,"date":"2019-12-21T10:37:40","date_gmt":"2019-12-21T13:37:40","guid":{"rendered":"http:\/\/blogdoeloiltoncajuhy.com.br\/site\/?p=39799"},"modified":"2019-12-21T10:37:46","modified_gmt":"2019-12-21T13:37:46","slug":"camarote-desaba-e-deixa-feridos-em-evento-com-shows-de-jorge-mateus-e-dennis-dj-em-franca-sp","status":"publish","type":"post","link":"https:\/\/blogdoeloiltoncajuhy.com.br\/site\/camarote-desaba-e-deixa-feridos-em-evento-com-shows-de-jorge-mateus-e-dennis-dj-em-franca-sp\/","title":{"rendered":"Camarote desaba e deixa feridos em evento com shows de Jorge &#038; Mateus e Dennis DJ em Franca (SP)"},"content":{"rendered":"\n<h5 class=\"has-text-align-center wp-block-heading\"><em>De acordo com o Corpo de Bombeiros, estrutura cedeu na madrugada deste s\u00e1bado (21). H\u00e1 informa\u00e7\u00f5es de 22 pessoas feridas<\/em><\/h5>\n\n\n\n<p><strong>Por G1 Ribeir\u00e3o Preto e Franca<\/strong><\/p>\n\n\n\n<div class=\"wp-block-image\"><figure class=\"aligncenter size-large\"><img data-recalc-dims=\"1\" fetchpriority=\"high\" decoding=\"async\" width=\"739\" height=\"415\" src=\"https:\/\/i0.wp.com\/blogdoeloiltoncajuhy.com.br\/site\/wp-content\/uploads\/2019\/12\/JorgeMatheus-2019_Dez.jpg?resize=739%2C415\" alt=\"\" class=\"wp-image-39800\" srcset=\"https:\/\/i0.wp.com\/blogdoeloiltoncajuhy.com.br\/site\/wp-content\/uploads\/2019\/12\/JorgeMatheus-2019_Dez.jpg?w=739&amp;ssl=1 739w, https:\/\/i0.wp.com\/blogdoeloiltoncajuhy.com.br\/site\/wp-content\/uploads\/2019\/12\/JorgeMatheus-2019_Dez.jpg?resize=300%2C168&amp;ssl=1 300w, https:\/\/i0.wp.com\/blogdoeloiltoncajuhy.com.br\/site\/wp-content\/uploads\/2019\/12\/JorgeMatheus-2019_Dez.jpg?resize=250%2C140&amp;ssl=1 250w\" sizes=\"(max-width: 739px) 100vw, 739px\" \/><\/figure><\/div>\n\n\n\n<p>Parte de um camarote desabou e deixou feridos durante um evento com shows da dupla Jorge &amp; Mateus e de Dennis DJ em Franca (SP). O acidente ocorreu por volta das 3h deste s\u00e1bado (21).<\/p>\n\n\n\n<p>De acordo com as primeiras informa\u00e7\u00f5es apuradas pela EPTV, afiliada da TV Globo, 22 pessoas ficaram feridas com a queda da estrutura, que despencou de uma altura de aproximadamente 1,70m. Havia chovido antes do acidente.<\/p>\n\n\n\n<p>O Corpo de Bombeiros foi chamado e o socorro durou cerca de uma hora. Equipes do Servi\u00e7o de Atendimento M\u00f3vel de Urg\u00eancia (Samu) e de hospitais da cidade foram enviadas ao local para ajudar no resgate. N\u00e3o h\u00e1 informa\u00e7\u00f5es de feridos graves.<\/p>\n\n\n\n<p>A estrutura do evento foi montada em uma \u00e1rea na Avenida Wilson S\u00e1bio de Mello, no Distrito Industrial. Segundo as primeiras informa\u00e7\u00f5es dos bombeiros, parte de um camarote cedeu e o restante desabou. As pessoas que estavam no espa\u00e7o ficaram presas no fosso aberto.<\/p>\n\n\n\n<p>A per\u00edcia foi para o local para apurar as causas do acidente. A Prefeitura interditou o espa\u00e7o na manh\u00e3 deste s\u00e1bado.<\/p>\n","protected":false},"excerpt":{"rendered":"<p>De acordo com o Corpo de Bombeiros, estrutura cedeu na madrugada deste s\u00e1bado (21). H\u00e1 informa\u00e7\u00f5es de 22 pessoas feridas Por G1 Ribeir\u00e3o Preto e Franca Parte de um camarote desabou e deixou feridos durante um evento com shows da dupla Jorge &amp; Mateus e de Dennis DJ em Franca (SP). O acidente ocorreu por [&hellip;]<\/p>\n","protected":false},"author":2,"featured_media":39800,"comment_status":"open","ping_status":"open","sticky":false,"template":"","format":"standard","meta":{"_acf_changed":false,"_monsterinsights_skip_tracking":false,"_monsterinsights_sitenote_active":false,"_monsterinsights_sitenote_note":"","_monsterinsights_sitenote_category":0,"_jetpack_memberships_contains_paid_content":false,"footnotes":"","jetpack_publicize_message":"","jetpack_publicize_feature_enabled":true,"jetpack_social_post_already_shared":true,"jetpack_social_options":{"image_generator_settings":{"template":"highway","default_image_id":0,"font":"","enabled":false},"version":2}},"categories":[5,1],"tags":[],"class_list":["post-39799","post","type-post","status-publish","format-standard","has-post-thumbnail","hentry","category-cotidiano","category-noticias"],"acf":[],"jetpack_publicize_connections":[],"jetpack_featured_media_url":"https:\/\/i0.wp.com\/blogdoeloiltoncajuhy.com.br\/site\/wp-content\/uploads\/2019\/12\/JorgeMatheus-2019_Dez.jpg?fit=739%2C415&ssl=1","jetpack_sharing_enabled":true,"publishpress_future_workflow_manual_trigger":{"enabledWorkflows":[]},"_links":{"self":[{"href":"https:\/\/blogdoeloiltoncajuhy.com.br\/site\/wp-json\/wp\/v2\/posts\/39799","targetHints":{"allow":["GET"]}}],"collection":[{"href":"https:\/\/blogdoeloiltoncajuhy.com.br\/site\/wp-json\/wp\/v2\/posts"}],"about":[{"href":"https:\/\/blogdoeloiltoncajuhy.com.br\/site\/wp-json\/wp\/v2\/types\/post"}],"author":[{"embeddable":true,"href":"https:\/\/blogdoeloiltoncajuhy.com.br\/site\/wp-json\/wp\/v2\/users\/2"}],"replies":[{"embeddable":true,"href":"https:\/\/blogdoeloiltoncajuhy.com.br\/site\/wp-json\/wp\/v2\/comments?post=39799"}],"version-history":[{"count":1,"href":"https:\/\/blogdoeloiltoncajuhy.com.br\/site\/wp-json\/wp\/v2\/posts\/39799\/revisions"}],"predecessor-version":[{"id":39801,"href":"https:\/\/blogdoeloiltoncajuhy.com.br\/site\/wp-json\/wp\/v2\/posts\/39799\/revisions\/39801"}],"wp:featuredmedia":[{"embeddable":true,"href":"https:\/\/blogdoeloiltoncajuhy.com.br\/site\/wp-json\/wp\/v2\/media\/39800"}],"wp:attachment":[{"href":"https:\/\/blogdoeloiltoncajuhy.com.br\/site\/wp-json\/wp\/v2\/media?parent=39799"}],"wp:term":[{"taxonomy":"category","embeddable":true,"href":"https:\/\/blogdoeloiltoncajuhy.com.br\/site\/wp-json\/wp\/v2\/categories?post=39799"},{"taxonomy":"post_tag","embeddable":true,"href":"https:\/\/blogdoeloiltoncajuhy.com.br\/site\/wp-json\/wp\/v2\/tags?post=39799"}],"curies":[{"name":"wp","href":"https:\/\/api.w.org\/{rel}","templated":true}]}}