{"id":39796,"date":"2019-12-21T10:04:04","date_gmt":"2019-12-21T13:04:04","guid":{"rendered":"http:\/\/blogdoeloiltoncajuhy.com.br\/site\/?p=39796"},"modified":"2019-12-21T10:04:10","modified_gmt":"2019-12-21T13:04:10","slug":"prefeitura-de-jaguarari-esclarece-bloqueio-do-recurso-do-fundeb","status":"publish","type":"post","link":"https:\/\/blogdoeloiltoncajuhy.com.br\/site\/prefeitura-de-jaguarari-esclarece-bloqueio-do-recurso-do-fundeb\/","title":{"rendered":"Prefeitura de Jaguarari esclarece bloqueio do recurso do FUNDEB"},"content":{"rendered":"\n<p><strong>ASCOM &#8211; Prefeitura de Jaguarari-BA<\/strong><\/p>\n\n\n\n<div class=\"wp-block-image\"><figure class=\"aligncenter size-large is-resized\"><img fetchpriority=\"high\" decoding=\"async\" src=\"https:\/\/i1.wp.com\/blogdoeloiltoncajuhy.com.br\/site\/wp-content\/uploads\/2019\/12\/PMJ_BloqueioFundeb.jpg?fit=590%2C443\" alt=\"\" class=\"wp-image-39797\" width=\"443\" height=\"332\" srcset=\"https:\/\/i0.wp.com\/blogdoeloiltoncajuhy.com.br\/site\/wp-content\/uploads\/2019\/12\/PMJ_BloqueioFundeb.jpg?w=1600&amp;ssl=1 1600w, https:\/\/i0.wp.com\/blogdoeloiltoncajuhy.com.br\/site\/wp-content\/uploads\/2019\/12\/PMJ_BloqueioFundeb.jpg?resize=300%2C225&amp;ssl=1 300w, https:\/\/i0.wp.com\/blogdoeloiltoncajuhy.com.br\/site\/wp-content\/uploads\/2019\/12\/PMJ_BloqueioFundeb.jpg?resize=1024%2C768&amp;ssl=1 1024w, https:\/\/i0.wp.com\/blogdoeloiltoncajuhy.com.br\/site\/wp-content\/uploads\/2019\/12\/PMJ_BloqueioFundeb.jpg?resize=768%2C576&amp;ssl=1 768w, https:\/\/i0.wp.com\/blogdoeloiltoncajuhy.com.br\/site\/wp-content\/uploads\/2019\/12\/PMJ_BloqueioFundeb.jpg?resize=1536%2C1152&amp;ssl=1 1536w, https:\/\/i0.wp.com\/blogdoeloiltoncajuhy.com.br\/site\/wp-content\/uploads\/2019\/12\/PMJ_BloqueioFundeb.jpg?resize=250%2C188&amp;ssl=1 250w\" sizes=\"(max-width: 443px) 100vw, 443px\" \/><\/figure><\/div>\n\n\n\n<p>Durante entrevista concedida a radio local nesta sexta-feira (20), o prefeito de Jaguarari falou sobre o bloqueio das verbas oriundas do precat\u00f3rio do FUNDEB. Em sua fala, o gestor informou que entende a luta do professor pelo que eles acham ser um direito deles. <\/p>\n\n\n\n<p>No encontro realizado durante a assembleia dos professores, ficou claro que o envio do projeto de lei para a c\u00e2mara seria o primeiro passo. Na lei, foi colocado o artigo 4\u00ba que trata exatamente da homologa\u00e7\u00e3o judicial para libera\u00e7\u00e3o dos recursos. A lei s\u00f3 teria validade ap\u00f3s a libera\u00e7\u00e3o no \u00e2mbito federal. Ou seja, o pagamento dos 60% desse recurso aos professores estaria condicionado \u00e0 libera\u00e7\u00e3o judicial. A lei foi feita em comum acordo com os professores, sindicato e vereadores que se fizeram presentes. <\/p>\n\n\n\n<p>A modifica\u00e7\u00e3o feita na lei pela C\u00e2mara Municipal, retirando o artigo 4\u00ba, fez com que o Minist\u00e9rio P\u00fablico solicitasse, atrav\u00e9s de uma a\u00e7\u00e3o civil p\u00fablica, junto a justi\u00e7a federal, o bloqueio do recurso e, na noite desta quinta-feira (19), foi determinado pelo Juiz Federal Rafael Ianner Silva o bloqueio total do dinheiro do precat\u00f3rio do FUNDEB, apesar da lei n\u00e3o estar sancionada pelo prefeito Everton Rocha. A prefeitura de Jaguarari vai fazer todos os esclarecimentos necess\u00e1rios na certeza de que, a par dos fatos, a justi\u00e7a federal fa\u00e7a desbloqueio dos recursos.<\/p>\n","protected":false},"excerpt":{"rendered":"<p>ASCOM &#8211; Prefeitura de Jaguarari-BA Durante entrevista concedida a radio local nesta sexta-feira (20), o prefeito de Jaguarari falou sobre o bloqueio das verbas oriundas do precat\u00f3rio do FUNDEB. Em sua fala, o gestor informou que entende a luta do professor pelo que eles acham ser um direito deles. No encontro realizado durante a assembleia [&hellip;]<\/p>\n","protected":false},"author":2,"featured_media":39797,"comment_status":"open","ping_status":"open","sticky":false,"template":"","format":"standard","meta":{"_acf_changed":false,"_monsterinsights_skip_tracking":false,"_monsterinsights_sitenote_active":false,"_monsterinsights_sitenote_note":"","_monsterinsights_sitenote_category":0,"_jetpack_memberships_contains_paid_content":false,"footnotes":"","jetpack_publicize_message":"","jetpack_publicize_feature_enabled":true,"jetpack_social_post_already_shared":true,"jetpack_social_options":{"image_generator_settings":{"template":"highway","default_image_id":0,"font":"","enabled":false},"version":2}},"categories":[1,3,11],"tags":[],"class_list":["post-39796","post","type-post","status-publish","format-standard","has-post-thumbnail","hentry","category-noticias","category-politica","category-regional"],"acf":[],"jetpack_publicize_connections":[],"jetpack_featured_media_url":"https:\/\/i0.wp.com\/blogdoeloiltoncajuhy.com.br\/site\/wp-content\/uploads\/2019\/12\/PMJ_BloqueioFundeb.jpg?fit=1600%2C1200&ssl=1","jetpack_sharing_enabled":true,"publishpress_future_workflow_manual_trigger":{"enabledWorkflows":[]},"_links":{"self":[{"href":"https:\/\/blogdoeloiltoncajuhy.com.br\/site\/wp-json\/wp\/v2\/posts\/39796","targetHints":{"allow":["GET"]}}],"collection":[{"href":"https:\/\/blogdoeloiltoncajuhy.com.br\/site\/wp-json\/wp\/v2\/posts"}],"about":[{"href":"https:\/\/blogdoeloiltoncajuhy.com.br\/site\/wp-json\/wp\/v2\/types\/post"}],"author":[{"embeddable":true,"href":"https:\/\/blogdoeloiltoncajuhy.com.br\/site\/wp-json\/wp\/v2\/users\/2"}],"replies":[{"embeddable":true,"href":"https:\/\/blogdoeloiltoncajuhy.com.br\/site\/wp-json\/wp\/v2\/comments?post=39796"}],"version-history":[{"count":1,"href":"https:\/\/blogdoeloiltoncajuhy.com.br\/site\/wp-json\/wp\/v2\/posts\/39796\/revisions"}],"predecessor-version":[{"id":39798,"href":"https:\/\/blogdoeloiltoncajuhy.com.br\/site\/wp-json\/wp\/v2\/posts\/39796\/revisions\/39798"}],"wp:featuredmedia":[{"embeddable":true,"href":"https:\/\/blogdoeloiltoncajuhy.com.br\/site\/wp-json\/wp\/v2\/media\/39797"}],"wp:attachment":[{"href":"https:\/\/blogdoeloiltoncajuhy.com.br\/site\/wp-json\/wp\/v2\/media?parent=39796"}],"wp:term":[{"taxonomy":"category","embeddable":true,"href":"https:\/\/blogdoeloiltoncajuhy.com.br\/site\/wp-json\/wp\/v2\/categories?post=39796"},{"taxonomy":"post_tag","embeddable":true,"href":"https:\/\/blogdoeloiltoncajuhy.com.br\/site\/wp-json\/wp\/v2\/tags?post=39796"}],"curies":[{"name":"wp","href":"https:\/\/api.w.org\/{rel}","templated":true}]}}