{"id":39793,"date":"2019-12-21T09:29:14","date_gmt":"2019-12-21T12:29:14","guid":{"rendered":"http:\/\/blogdoeloiltoncajuhy.com.br\/site\/?p=39793"},"modified":"2019-12-21T09:29:21","modified_gmt":"2019-12-21T12:29:21","slug":"natal-luz-em-senhor-do-bonfim-comeca-neste-domingo-22","status":"publish","type":"post","link":"https:\/\/blogdoeloiltoncajuhy.com.br\/site\/natal-luz-em-senhor-do-bonfim-comeca-neste-domingo-22\/","title":{"rendered":"&#8220;Natal Luz\u201d em Senhor do Bonfim come\u00e7a neste domingo (22)"},"content":{"rendered":"\n<p><strong>ASCOM &#8211; Prefeitura de Senhor do Bonfim-BA<\/strong><\/p>\n\n\n\n<div class=\"wp-block-image\"><figure class=\"aligncenter size-large\"><img fetchpriority=\"high\" decoding=\"async\" width=\"1200\" height=\"675\" src=\"https:\/\/i1.wp.com\/blogdoeloiltoncajuhy.com.br\/site\/wp-content\/uploads\/2019\/12\/PMSB_NatalLuz-2019.jpg?fit=590%2C332\" alt=\"\" class=\"wp-image-39794\" srcset=\"https:\/\/i0.wp.com\/blogdoeloiltoncajuhy.com.br\/site\/wp-content\/uploads\/2019\/12\/PMSB_NatalLuz-2019.jpg?w=1200&amp;ssl=1 1200w, https:\/\/i0.wp.com\/blogdoeloiltoncajuhy.com.br\/site\/wp-content\/uploads\/2019\/12\/PMSB_NatalLuz-2019.jpg?resize=300%2C169&amp;ssl=1 300w, https:\/\/i0.wp.com\/blogdoeloiltoncajuhy.com.br\/site\/wp-content\/uploads\/2019\/12\/PMSB_NatalLuz-2019.jpg?resize=1024%2C576&amp;ssl=1 1024w, https:\/\/i0.wp.com\/blogdoeloiltoncajuhy.com.br\/site\/wp-content\/uploads\/2019\/12\/PMSB_NatalLuz-2019.jpg?resize=768%2C432&amp;ssl=1 768w, https:\/\/i0.wp.com\/blogdoeloiltoncajuhy.com.br\/site\/wp-content\/uploads\/2019\/12\/PMSB_NatalLuz-2019.jpg?resize=250%2C141&amp;ssl=1 250w\" sizes=\"(max-width: 800px) 100vw, 800px\" \/><figcaption>Pres\u00e9pio montado no Cal\u00e7ad\u00e3o da Joviniano Duarte (Foto: Ascom Prefeitura de Senhor do Bonfim)<\/figcaption><\/figure><\/div>\n\n\n\n<p>O lan\u00e7amento do evento aconteceu com a chegada do Papai Noel no \u00faltimo dia 13 de dezembro e tem seu ponto alto entre os dias 22, 23 e 24 de dezembro.<\/p>\n\n\n\n<p>O <strong><em>\u201cNatal Luz\u201d<\/em><\/strong> contar\u00e1 com apresenta\u00e7\u00f5es e atividades sempre a partir das 20 horas, na Pra\u00e7a Nova do Congresso. No domingo, segunda e ter\u00e7a feira, o p\u00fablico poder\u00e1 prestigiar atra\u00e7\u00f5es culturais, shows musicais e corais.<\/p>\n\n\n\n<p>Uma novidade deste ano \u00e9 o grande desfile natalino que percorrer\u00e1 o centro comercial da cidade no dia 23 (a partir das 20 horas). As festividades acontecem em tr\u00eas circuitos: Pra\u00e7a Dr\u00ba Jos\u00e9 Gon\u00e7alves, Cal\u00e7ad\u00e3o e Pra\u00e7a Nova do Congresso.<\/p>\n\n\n\n<p>A decora\u00e7\u00e3o que espalha luzes e cores foi toda projetada e instalada por equipes de profissionais da prefeitura. <em>\u201cO melhor Natal da regi\u00e3o \u00e9 um natal fam\u00edlia, um \u2018natal de luz\u2019!\u201d<\/em>, frisou a secret\u00e1ria de Cultura, Nalvinha Aguiar.<\/p>\n\n\n\n<p>O tradicional pres\u00e9pio com a recria\u00e7\u00e3o do nascimento de Jesus e a visita dos tr\u00eas Reis Magos est\u00e1 montado no Cal\u00e7ad\u00e3o da Juviniano Duarte.<\/p>\n\n\n\n<p><em>\u201cAqui \u00e9 maravilhoso demais. A cada ano a gente v\u00ea coisas mais lindas\u201d<\/em>, comentou Laerte Jesus, bonfinense que mora em Aracaju e veio passar as festividades na cidade.<\/p>\n\n\n\n<p><em>\u201cQue possamos aproveitar este momento para transmitir alegria, esperan\u00e7a e harmonia\u201d<\/em>, disse o prefeito Carlos Brasileiro.<\/p>\n","protected":false},"excerpt":{"rendered":"<p>ASCOM &#8211; Prefeitura de Senhor do Bonfim-BA O lan\u00e7amento do evento aconteceu com a chegada do Papai Noel no \u00faltimo dia 13 de dezembro e tem seu ponto alto entre os dias 22, 23 e 24 de dezembro. O \u201cNatal Luz\u201d contar\u00e1 com apresenta\u00e7\u00f5es e atividades sempre a partir das 20 horas, na Pra\u00e7a Nova [&hellip;]<\/p>\n","protected":false},"author":2,"featured_media":39794,"comment_status":"open","ping_status":"open","sticky":false,"template":"","format":"standard","meta":{"_acf_changed":false,"_monsterinsights_skip_tracking":false,"_monsterinsights_sitenote_active":false,"_monsterinsights_sitenote_note":"","_monsterinsights_sitenote_category":0,"_jetpack_memberships_contains_paid_content":false,"footnotes":"","jetpack_publicize_message":"","jetpack_publicize_feature_enabled":true,"jetpack_social_post_already_shared":true,"jetpack_social_options":{"image_generator_settings":{"template":"highway","default_image_id":0,"font":"","enabled":false},"version":2}},"categories":[1,4],"tags":[],"class_list":["post-39793","post","type-post","status-publish","format-standard","has-post-thumbnail","hentry","category-noticias","category-local"],"acf":[],"jetpack_publicize_connections":[],"jetpack_featured_media_url":"https:\/\/i0.wp.com\/blogdoeloiltoncajuhy.com.br\/site\/wp-content\/uploads\/2019\/12\/PMSB_NatalLuz-2019.jpg?fit=1200%2C675&ssl=1","jetpack_sharing_enabled":true,"publishpress_future_workflow_manual_trigger":{"enabledWorkflows":[]},"_links":{"self":[{"href":"https:\/\/blogdoeloiltoncajuhy.com.br\/site\/wp-json\/wp\/v2\/posts\/39793","targetHints":{"allow":["GET"]}}],"collection":[{"href":"https:\/\/blogdoeloiltoncajuhy.com.br\/site\/wp-json\/wp\/v2\/posts"}],"about":[{"href":"https:\/\/blogdoeloiltoncajuhy.com.br\/site\/wp-json\/wp\/v2\/types\/post"}],"author":[{"embeddable":true,"href":"https:\/\/blogdoeloiltoncajuhy.com.br\/site\/wp-json\/wp\/v2\/users\/2"}],"replies":[{"embeddable":true,"href":"https:\/\/blogdoeloiltoncajuhy.com.br\/site\/wp-json\/wp\/v2\/comments?post=39793"}],"version-history":[{"count":1,"href":"https:\/\/blogdoeloiltoncajuhy.com.br\/site\/wp-json\/wp\/v2\/posts\/39793\/revisions"}],"predecessor-version":[{"id":39795,"href":"https:\/\/blogdoeloiltoncajuhy.com.br\/site\/wp-json\/wp\/v2\/posts\/39793\/revisions\/39795"}],"wp:featuredmedia":[{"embeddable":true,"href":"https:\/\/blogdoeloiltoncajuhy.com.br\/site\/wp-json\/wp\/v2\/media\/39794"}],"wp:attachment":[{"href":"https:\/\/blogdoeloiltoncajuhy.com.br\/site\/wp-json\/wp\/v2\/media?parent=39793"}],"wp:term":[{"taxonomy":"category","embeddable":true,"href":"https:\/\/blogdoeloiltoncajuhy.com.br\/site\/wp-json\/wp\/v2\/categories?post=39793"},{"taxonomy":"post_tag","embeddable":true,"href":"https:\/\/blogdoeloiltoncajuhy.com.br\/site\/wp-json\/wp\/v2\/tags?post=39793"}],"curies":[{"name":"wp","href":"https:\/\/api.w.org\/{rel}","templated":true}]}}