{"id":39788,"date":"2019-12-20T21:24:40","date_gmt":"2019-12-21T00:24:40","guid":{"rendered":"http:\/\/blogdoeloiltoncajuhy.com.br\/site\/?p=39788"},"modified":"2019-12-20T21:24:46","modified_gmt":"2019-12-21T00:24:46","slug":"prefeitura-de-jaguarari-publica-decreto-para-o-recesso-de-final-de-ano","status":"publish","type":"post","link":"https:\/\/blogdoeloiltoncajuhy.com.br\/site\/prefeitura-de-jaguarari-publica-decreto-para-o-recesso-de-final-de-ano\/","title":{"rendered":"Prefeitura de Jaguarari publica decreto para o recesso de final de ano"},"content":{"rendered":"\n<p><strong>ASCOM &#8211; Prefeitura de Jaguarari-BA<\/strong><\/p>\n\n\n\n<div class=\"wp-block-image\"><figure class=\"aligncenter size-large is-resized\"><img fetchpriority=\"high\" decoding=\"async\" src=\"https:\/\/i1.wp.com\/blogdoeloiltoncajuhy.com.br\/site\/wp-content\/uploads\/2019\/12\/PMJ_Recesso_20019-2020.jpg?fit=590%2C590\" alt=\"\" class=\"wp-image-39789\" width=\"443\" height=\"443\" srcset=\"https:\/\/i0.wp.com\/blogdoeloiltoncajuhy.com.br\/site\/wp-content\/uploads\/2019\/12\/PMJ_Recesso_20019-2020.jpg?w=1280&amp;ssl=1 1280w, https:\/\/i0.wp.com\/blogdoeloiltoncajuhy.com.br\/site\/wp-content\/uploads\/2019\/12\/PMJ_Recesso_20019-2020.jpg?resize=300%2C300&amp;ssl=1 300w, https:\/\/i0.wp.com\/blogdoeloiltoncajuhy.com.br\/site\/wp-content\/uploads\/2019\/12\/PMJ_Recesso_20019-2020.jpg?resize=1024%2C1024&amp;ssl=1 1024w, https:\/\/i0.wp.com\/blogdoeloiltoncajuhy.com.br\/site\/wp-content\/uploads\/2019\/12\/PMJ_Recesso_20019-2020.jpg?resize=150%2C150&amp;ssl=1 150w, https:\/\/i0.wp.com\/blogdoeloiltoncajuhy.com.br\/site\/wp-content\/uploads\/2019\/12\/PMJ_Recesso_20019-2020.jpg?resize=768%2C768&amp;ssl=1 768w, https:\/\/i0.wp.com\/blogdoeloiltoncajuhy.com.br\/site\/wp-content\/uploads\/2019\/12\/PMJ_Recesso_20019-2020.jpg?resize=250%2C250&amp;ssl=1 250w, https:\/\/i0.wp.com\/blogdoeloiltoncajuhy.com.br\/site\/wp-content\/uploads\/2019\/12\/PMJ_Recesso_20019-2020.jpg?resize=48%2C48&amp;ssl=1 48w\" sizes=\"(max-width: 443px) 100vw, 443px\" \/><\/figure><\/div>\n\n\n\n<p>Foi publicado nesta sexta-feira (20), o decreto N\u00ba 247\/2019 que disp\u00f5e sobre o recesso funcional das reparti\u00e7\u00f5es publicas no munic\u00edpio de Jaguarari. A partir da pr\u00f3xima segunda-feira (23), os servidores p\u00fablicos municipais, exceto os que comp\u00f5em os servi\u00e7os essenciais, estar\u00e3o em recesso administrativo de fim de ano, com retorno previsto para o dia 03 de janeiro.<\/p>\n\n\n\n<p>Pela publica\u00e7\u00e3o, fica determinado o fechamento das reparti\u00e7\u00f5es p\u00fablicas no per\u00edodo compreendido entre 23\/12 (segunda-feira) a 03\/01 (sexta-feira), retornando \u00e0s suas atividades normais no dia 06 de janeiro.<\/p>\n\n\n\n<p>Excluem-se do ponto facultativo servi\u00e7os essenciais como atendimento m\u00e9dico no Hospital Municipal e sala de estabiliza\u00e7\u00e3o no distrito de Pilar, servi\u00e7os de obras emergenciais, coleta de lixo e guarda municipal. Al\u00e9m disso, ficam mantidas, tamb\u00e9m, as licita\u00e7\u00f5es p\u00fablicas agendadas para o per\u00edodo de recesso.<\/p>\n","protected":false},"excerpt":{"rendered":"<p>ASCOM &#8211; Prefeitura de Jaguarari-BA Foi publicado nesta sexta-feira (20), o decreto N\u00ba 247\/2019 que disp\u00f5e sobre o recesso funcional das reparti\u00e7\u00f5es publicas no munic\u00edpio de Jaguarari. A partir da pr\u00f3xima segunda-feira (23), os servidores p\u00fablicos municipais, exceto os que comp\u00f5em os servi\u00e7os essenciais, estar\u00e3o em recesso administrativo de fim de ano, com retorno previsto [&hellip;]<\/p>\n","protected":false},"author":2,"featured_media":39789,"comment_status":"open","ping_status":"open","sticky":false,"template":"","format":"standard","meta":{"_acf_changed":false,"_monsterinsights_skip_tracking":false,"_monsterinsights_sitenote_active":false,"_monsterinsights_sitenote_note":"","_monsterinsights_sitenote_category":0,"_jetpack_memberships_contains_paid_content":false,"footnotes":"","jetpack_publicize_message":"","jetpack_publicize_feature_enabled":true,"jetpack_social_post_already_shared":true,"jetpack_social_options":{"image_generator_settings":{"template":"highway","default_image_id":0,"font":"","enabled":false},"version":2}},"categories":[1,3,11],"tags":[],"class_list":["post-39788","post","type-post","status-publish","format-standard","has-post-thumbnail","hentry","category-noticias","category-politica","category-regional"],"acf":[],"jetpack_publicize_connections":[],"jetpack_featured_media_url":"https:\/\/i0.wp.com\/blogdoeloiltoncajuhy.com.br\/site\/wp-content\/uploads\/2019\/12\/PMJ_Recesso_20019-2020.jpg?fit=1280%2C1280&ssl=1","jetpack_sharing_enabled":true,"publishpress_future_workflow_manual_trigger":{"enabledWorkflows":[]},"_links":{"self":[{"href":"https:\/\/blogdoeloiltoncajuhy.com.br\/site\/wp-json\/wp\/v2\/posts\/39788","targetHints":{"allow":["GET"]}}],"collection":[{"href":"https:\/\/blogdoeloiltoncajuhy.com.br\/site\/wp-json\/wp\/v2\/posts"}],"about":[{"href":"https:\/\/blogdoeloiltoncajuhy.com.br\/site\/wp-json\/wp\/v2\/types\/post"}],"author":[{"embeddable":true,"href":"https:\/\/blogdoeloiltoncajuhy.com.br\/site\/wp-json\/wp\/v2\/users\/2"}],"replies":[{"embeddable":true,"href":"https:\/\/blogdoeloiltoncajuhy.com.br\/site\/wp-json\/wp\/v2\/comments?post=39788"}],"version-history":[{"count":1,"href":"https:\/\/blogdoeloiltoncajuhy.com.br\/site\/wp-json\/wp\/v2\/posts\/39788\/revisions"}],"predecessor-version":[{"id":39790,"href":"https:\/\/blogdoeloiltoncajuhy.com.br\/site\/wp-json\/wp\/v2\/posts\/39788\/revisions\/39790"}],"wp:featuredmedia":[{"embeddable":true,"href":"https:\/\/blogdoeloiltoncajuhy.com.br\/site\/wp-json\/wp\/v2\/media\/39789"}],"wp:attachment":[{"href":"https:\/\/blogdoeloiltoncajuhy.com.br\/site\/wp-json\/wp\/v2\/media?parent=39788"}],"wp:term":[{"taxonomy":"category","embeddable":true,"href":"https:\/\/blogdoeloiltoncajuhy.com.br\/site\/wp-json\/wp\/v2\/categories?post=39788"},{"taxonomy":"post_tag","embeddable":true,"href":"https:\/\/blogdoeloiltoncajuhy.com.br\/site\/wp-json\/wp\/v2\/tags?post=39788"}],"curies":[{"name":"wp","href":"https:\/\/api.w.org\/{rel}","templated":true}]}}