{"id":39786,"date":"2019-12-20T20:53:16","date_gmt":"2019-12-20T23:53:16","guid":{"rendered":"http:\/\/blogdoeloiltoncajuhy.com.br\/site\/?p=39786"},"modified":"2019-12-20T20:53:21","modified_gmt":"2019-12-20T23:53:21","slug":"governador-autoriza-antecipacao-do-repasse-do-icms-para-os-municipios","status":"publish","type":"post","link":"https:\/\/blogdoeloiltoncajuhy.com.br\/site\/governador-autoriza-antecipacao-do-repasse-do-icms-para-os-municipios\/","title":{"rendered":"Governador autoriza antecipa\u00e7\u00e3o do repasse do ICMS para os munic\u00edpios"},"content":{"rendered":"\n<p><strong>Secom-BA<\/strong><\/p>\n\n\n\n<div class=\"wp-block-image\"><figure class=\"aligncenter size-large is-resized\"><img data-recalc-dims=\"1\" fetchpriority=\"high\" decoding=\"async\" src=\"https:\/\/i0.wp.com\/blogdoeloiltoncajuhy.com.br\/site\/wp-content\/uploads\/2018\/09\/icms.png?resize=435%2C288\" alt=\"\" class=\"wp-image-27696\" width=\"435\" height=\"288\" srcset=\"https:\/\/i0.wp.com\/blogdoeloiltoncajuhy.com.br\/site\/wp-content\/uploads\/2018\/09\/icms.png?w=500&amp;ssl=1 500w, https:\/\/i0.wp.com\/blogdoeloiltoncajuhy.com.br\/site\/wp-content\/uploads\/2018\/09\/icms.png?resize=300%2C199&amp;ssl=1 300w, https:\/\/i0.wp.com\/blogdoeloiltoncajuhy.com.br\/site\/wp-content\/uploads\/2018\/09\/icms.png?resize=250%2C166&amp;ssl=1 250w\" sizes=\"(max-width: 435px) 100vw, 435px\" \/><\/figure><\/div>\n\n\n\n<p>O governador Rui Costa autorizou a antecipa\u00e7\u00e3o, para este final de 2019, da parcela do ICMS que, de acordo com o cronograma regular, seria repassada aos munic\u00edpios somente em janeiro de 2020. O adiantamento atende a um pedido da Uni\u00e3o dos Munic\u00edpios da Bahia (UPB), com o objetivo de ajudar no fechamento das contas das prefeituras baianas, em especial as de pequenos e m\u00e9dios munic\u00edpios. <\/p>\n\n\n\n<p>Para viabilizar a antecipa\u00e7\u00e3o, a Secretaria da Fazenda do Estado (Sefaz-BA) j\u00e1 entrou em entendimento com o Banco do Brasil (BB), pactuando novo cronograma para garantir que ocorra ainda este ano o repasse da arrecada\u00e7\u00e3o do imposto a ser realizada at\u00e9 o dia 29. <\/p>\n\n\n\n<p>De acordo com o cronograma pactuado com o BB, a parcela que couber aos munic\u00edpios na arrecada\u00e7\u00e3o do per\u00edodo entre os dias 16 e 20 de dezembro ser\u00e1 repassada no pr\u00f3ximo dia 24. J\u00e1 a parcela correspondente ao per\u00edodo entre os dias 21 e 29 estar\u00e1 nas contas dos munic\u00edpios no dia 30 de dezembro. Ficar\u00e1 para o dia 7 de janeiro apenas o valor a ser distribu\u00eddo por conta da arrecada\u00e7\u00e3o relativa aos dias 30 e 31.<\/p>\n","protected":false},"excerpt":{"rendered":"<p>Secom-BA O governador Rui Costa autorizou a antecipa\u00e7\u00e3o, para este final de 2019, da parcela do ICMS que, de acordo com o cronograma regular, seria repassada aos munic\u00edpios somente em janeiro de 2020. O adiantamento atende a um pedido da Uni\u00e3o dos Munic\u00edpios da Bahia (UPB), com o objetivo de ajudar no fechamento das contas [&hellip;]<\/p>\n","protected":false},"author":2,"featured_media":0,"comment_status":"open","ping_status":"open","sticky":false,"template":"","format":"standard","meta":{"_acf_changed":false,"_monsterinsights_skip_tracking":false,"_monsterinsights_sitenote_active":false,"_monsterinsights_sitenote_note":"","_monsterinsights_sitenote_category":0,"_jetpack_memberships_contains_paid_content":false,"footnotes":"","jetpack_publicize_message":"","jetpack_publicize_feature_enabled":true,"jetpack_social_post_already_shared":true,"jetpack_social_options":{"image_generator_settings":{"template":"highway","default_image_id":0,"font":"","enabled":false},"version":2}},"categories":[1,3],"tags":[],"class_list":["post-39786","post","type-post","status-publish","format-standard","hentry","category-noticias","category-politica"],"acf":[],"jetpack_publicize_connections":[],"jetpack_featured_media_url":"","jetpack_sharing_enabled":true,"publishpress_future_workflow_manual_trigger":{"enabledWorkflows":[]},"_links":{"self":[{"href":"https:\/\/blogdoeloiltoncajuhy.com.br\/site\/wp-json\/wp\/v2\/posts\/39786","targetHints":{"allow":["GET"]}}],"collection":[{"href":"https:\/\/blogdoeloiltoncajuhy.com.br\/site\/wp-json\/wp\/v2\/posts"}],"about":[{"href":"https:\/\/blogdoeloiltoncajuhy.com.br\/site\/wp-json\/wp\/v2\/types\/post"}],"author":[{"embeddable":true,"href":"https:\/\/blogdoeloiltoncajuhy.com.br\/site\/wp-json\/wp\/v2\/users\/2"}],"replies":[{"embeddable":true,"href":"https:\/\/blogdoeloiltoncajuhy.com.br\/site\/wp-json\/wp\/v2\/comments?post=39786"}],"version-history":[{"count":1,"href":"https:\/\/blogdoeloiltoncajuhy.com.br\/site\/wp-json\/wp\/v2\/posts\/39786\/revisions"}],"predecessor-version":[{"id":39787,"href":"https:\/\/blogdoeloiltoncajuhy.com.br\/site\/wp-json\/wp\/v2\/posts\/39786\/revisions\/39787"}],"wp:attachment":[{"href":"https:\/\/blogdoeloiltoncajuhy.com.br\/site\/wp-json\/wp\/v2\/media?parent=39786"}],"wp:term":[{"taxonomy":"category","embeddable":true,"href":"https:\/\/blogdoeloiltoncajuhy.com.br\/site\/wp-json\/wp\/v2\/categories?post=39786"},{"taxonomy":"post_tag","embeddable":true,"href":"https:\/\/blogdoeloiltoncajuhy.com.br\/site\/wp-json\/wp\/v2\/tags?post=39786"}],"curies":[{"name":"wp","href":"https:\/\/api.w.org\/{rel}","templated":true}]}}