{"id":39783,"date":"2019-12-20T20:46:38","date_gmt":"2019-12-20T23:46:38","guid":{"rendered":"http:\/\/blogdoeloiltoncajuhy.com.br\/site\/?p=39783"},"modified":"2019-12-20T20:46:45","modified_gmt":"2019-12-20T23:46:45","slug":"apos-alteracao-e-aprovacao-de-projeto-de-lei-pela-camara-jaguarari-recurso-do-fundeb-e-bloqueado","status":"publish","type":"post","link":"https:\/\/blogdoeloiltoncajuhy.com.br\/site\/apos-alteracao-e-aprovacao-de-projeto-de-lei-pela-camara-jaguarari-recurso-do-fundeb-e-bloqueado\/","title":{"rendered":"Ap\u00f3s altera\u00e7\u00e3o e aprova\u00e7\u00e3o de projeto de lei pela C\u00e2mara Jaguarari, recurso do FUNDEB \u00e9 bloqueado"},"content":{"rendered":"\n<div class=\"wp-block-image\"><figure class=\"aligncenter size-large is-resized\"><img data-recalc-dims=\"1\" fetchpriority=\"high\" decoding=\"async\" src=\"https:\/\/i0.wp.com\/blogdoeloiltoncajuhy.com.br\/site\/wp-content\/uploads\/2019\/12\/Precat%C3%B3rios.jpg?resize=480%2C320\" alt=\"\" class=\"wp-image-39784\" width=\"480\" height=\"320\" srcset=\"https:\/\/i0.wp.com\/blogdoeloiltoncajuhy.com.br\/site\/wp-content\/uploads\/2019\/12\/Precat%C3%B3rios.jpg?w=480&amp;ssl=1 480w, https:\/\/i0.wp.com\/blogdoeloiltoncajuhy.com.br\/site\/wp-content\/uploads\/2019\/12\/Precat%C3%B3rios.jpg?resize=300%2C200&amp;ssl=1 300w, https:\/\/i0.wp.com\/blogdoeloiltoncajuhy.com.br\/site\/wp-content\/uploads\/2019\/12\/Precat%C3%B3rios.jpg?resize=250%2C167&amp;ssl=1 250w\" sizes=\"(max-width: 480px) 100vw, 480px\" \/><\/figure><\/div>\n\n\n\n<p>Na noite desta quinta-feira (19), o Juiz Federal Rafael Ianner Silva proferiu decis\u00e3o na qual requeria o bloqueio total do recurso do precat\u00f3rio do FUNDEB no valor de R$ 15.810.000,00 (quinze milh\u00f5es oitocentos e dez mil reais). O bloqueio se deve a uma a\u00e7\u00e3o civil publica movida pelo Minist\u00e9rio Publico ap\u00f3s a aprova\u00e7\u00e3o do projeto de lei enviado pelo prefeito de Jaguarari, Everton Rocha.<\/p>\n\n\n\n<p>Por\u00e9m, o projeto de lei enviado pelo executivo \u00e0 C\u00e2mara de Vereadores, foi aprovado com uma altera\u00e7\u00e3o que possivelmente motivou a a\u00e7\u00e3o do MP que resultou no bloqueio dos recursos. Antes da vota\u00e7\u00e3o e aprova\u00e7\u00e3o deste projeto, aconteceu um encontro entre vereadores e representantes do sindicato dos servidores, no qual, atendendo a solicita\u00e7\u00e3o do jur\u00eddico do SINDISPUJ, ficou determinada a retirada do artigo 4\u00ba, que condicionava o rateio dos 60% do recurso do FUNDEB com os professores somente ap\u00f3s a libera\u00e7\u00e3o pelo judici\u00e1rio.<\/p>\n\n\n\n<p>Vale ressaltar, que o prefeito de Jaguarari n\u00e3o sancionou a lei aprovada na C\u00e2mara com essas altera\u00e7\u00f5es. Em contato com o prefeito de Jaguarari, ele informou que sempre manifestou sua vontade de fazer o rateio com os professores, por\u00e9m, que o pagamento s\u00f3 aconteceria ap\u00f3s a libera\u00e7\u00e3o no \u00e2mbito do judici\u00e1rio. <em>&#8220;Os valores jamais seriam pagos sem a chancela do judici\u00e1rio. Irei recorrer desta decis\u00e3o mostrando que apenas manifestamos a inten\u00e7\u00e3o de pagar, mas que jamais far\u00edamos isso sem a autoriza\u00e7\u00e3o devida&#8221;<\/em>, explicou o prefeito.<\/p>\n","protected":false},"excerpt":{"rendered":"<p>Na noite desta quinta-feira (19), o Juiz Federal Rafael Ianner Silva proferiu decis\u00e3o na qual requeria o bloqueio total do recurso do precat\u00f3rio do FUNDEB no valor de R$ 15.810.000,00 (quinze milh\u00f5es oitocentos e dez mil reais). O bloqueio se deve a uma a\u00e7\u00e3o civil publica movida pelo Minist\u00e9rio Publico ap\u00f3s a aprova\u00e7\u00e3o do projeto [&hellip;]<\/p>\n","protected":false},"author":2,"featured_media":39784,"comment_status":"open","ping_status":"open","sticky":false,"template":"","format":"standard","meta":{"_acf_changed":false,"_monsterinsights_skip_tracking":false,"_monsterinsights_sitenote_active":false,"_monsterinsights_sitenote_note":"","_monsterinsights_sitenote_category":0,"_jetpack_memberships_contains_paid_content":false,"footnotes":"","jetpack_publicize_message":"","jetpack_publicize_feature_enabled":true,"jetpack_social_post_already_shared":true,"jetpack_social_options":{"image_generator_settings":{"template":"highway","default_image_id":0,"font":"","enabled":false},"version":2}},"categories":[1,3],"tags":[],"class_list":["post-39783","post","type-post","status-publish","format-standard","has-post-thumbnail","hentry","category-noticias","category-politica"],"acf":[],"jetpack_publicize_connections":[],"jetpack_featured_media_url":"https:\/\/i0.wp.com\/blogdoeloiltoncajuhy.com.br\/site\/wp-content\/uploads\/2019\/12\/Precat%C3%B3rios.jpg?fit=480%2C320&ssl=1","jetpack_sharing_enabled":true,"publishpress_future_workflow_manual_trigger":{"enabledWorkflows":[]},"_links":{"self":[{"href":"https:\/\/blogdoeloiltoncajuhy.com.br\/site\/wp-json\/wp\/v2\/posts\/39783","targetHints":{"allow":["GET"]}}],"collection":[{"href":"https:\/\/blogdoeloiltoncajuhy.com.br\/site\/wp-json\/wp\/v2\/posts"}],"about":[{"href":"https:\/\/blogdoeloiltoncajuhy.com.br\/site\/wp-json\/wp\/v2\/types\/post"}],"author":[{"embeddable":true,"href":"https:\/\/blogdoeloiltoncajuhy.com.br\/site\/wp-json\/wp\/v2\/users\/2"}],"replies":[{"embeddable":true,"href":"https:\/\/blogdoeloiltoncajuhy.com.br\/site\/wp-json\/wp\/v2\/comments?post=39783"}],"version-history":[{"count":1,"href":"https:\/\/blogdoeloiltoncajuhy.com.br\/site\/wp-json\/wp\/v2\/posts\/39783\/revisions"}],"predecessor-version":[{"id":39785,"href":"https:\/\/blogdoeloiltoncajuhy.com.br\/site\/wp-json\/wp\/v2\/posts\/39783\/revisions\/39785"}],"wp:featuredmedia":[{"embeddable":true,"href":"https:\/\/blogdoeloiltoncajuhy.com.br\/site\/wp-json\/wp\/v2\/media\/39784"}],"wp:attachment":[{"href":"https:\/\/blogdoeloiltoncajuhy.com.br\/site\/wp-json\/wp\/v2\/media?parent=39783"}],"wp:term":[{"taxonomy":"category","embeddable":true,"href":"https:\/\/blogdoeloiltoncajuhy.com.br\/site\/wp-json\/wp\/v2\/categories?post=39783"},{"taxonomy":"post_tag","embeddable":true,"href":"https:\/\/blogdoeloiltoncajuhy.com.br\/site\/wp-json\/wp\/v2\/tags?post=39783"}],"curies":[{"name":"wp","href":"https:\/\/api.w.org\/{rel}","templated":true}]}}