{"id":39778,"date":"2019-12-20T20:35:26","date_gmt":"2019-12-20T23:35:26","guid":{"rendered":"http:\/\/blogdoeloiltoncajuhy.com.br\/site\/?p=39778"},"modified":"2019-12-20T20:35:31","modified_gmt":"2019-12-20T23:35:31","slug":"zilda-cardoso-atriz-que-interpretou-catifunda-morre-aos-83-anos-em-sp","status":"publish","type":"post","link":"https:\/\/blogdoeloiltoncajuhy.com.br\/site\/zilda-cardoso-atriz-que-interpretou-catifunda-morre-aos-83-anos-em-sp\/","title":{"rendered":"Zilda Cardoso, atriz que interpretou Catifunda, morre aos 83 anos em SP"},"content":{"rendered":"\n<h5 class=\"has-text-align-center wp-block-heading\"><em>Informa\u00e7\u00e3o foi confirmada por um investigador do 77\u00ba Distrito Policial. Ela tamb\u00e9m atuou em programas como &#8220;Pra\u00e7a da Alegria&#8221; e &#8220;A Pra\u00e7a \u00e9 Nossa&#8221;<\/em><\/h5>\n\n\n\n<p><strong>Por G1 SP \u2014 S\u00e3o Paulo<\/strong><\/p>\n\n\n\n<div class=\"wp-block-image\"><figure class=\"aligncenter size-large\"><img data-recalc-dims=\"1\" fetchpriority=\"high\" decoding=\"async\" width=\"800\" height=\"523\" src=\"https:\/\/i0.wp.com\/blogdoeloiltoncajuhy.com.br\/site\/wp-content\/uploads\/2019\/12\/DonaCatifunda-01.jpg?resize=800%2C523\" alt=\"\" class=\"wp-image-39779\" srcset=\"https:\/\/i0.wp.com\/blogdoeloiltoncajuhy.com.br\/site\/wp-content\/uploads\/2019\/12\/DonaCatifunda-01.jpg?w=984&amp;ssl=1 984w, https:\/\/i0.wp.com\/blogdoeloiltoncajuhy.com.br\/site\/wp-content\/uploads\/2019\/12\/DonaCatifunda-01.jpg?resize=300%2C196&amp;ssl=1 300w, https:\/\/i0.wp.com\/blogdoeloiltoncajuhy.com.br\/site\/wp-content\/uploads\/2019\/12\/DonaCatifunda-01.jpg?resize=768%2C502&amp;ssl=1 768w, https:\/\/i0.wp.com\/blogdoeloiltoncajuhy.com.br\/site\/wp-content\/uploads\/2019\/12\/DonaCatifunda-01.jpg?resize=250%2C163&amp;ssl=1 250w\" sizes=\"(max-width: 800px) 100vw, 800px\" \/><figcaption>Zilda Cardoso \u2014 Foto: Acervo TV Globo<\/figcaption><\/figure><\/div>\n\n\n\n<p>A atriz Zilda Cardoso, de 83 anos, morreu na manh\u00e3 desta sexta-feira (20), em seu apartamento no bairro Santa Cec\u00edlia, Centro da cidade de S\u00e3o Paulo. A informa\u00e7\u00e3o foi confirmada pelo investigador Luiz Carlos Vegi, do 77\u00ba Distrito Policial.<\/p>\n\n\n\n<p>De acordo com a pol\u00edcia, a cuidadora chegou na casa de Zilda, que morava sozinha, \u00e0 tarde. Ela estava na cama e n\u00e3o respondeu aos chamados. Uma viatura da Pol\u00edcia Militar foi chamada e em seguida foi chamado o Servi\u00e7o de Atendimento M\u00f3vel de Urg\u00eancia (Samu), que constatou a morte \u00e0s 16h12. O corpo passar\u00e1 por exame de necropsia para averiguar a causa da morte.<\/p>\n\n\n\n<p>Zilda nasceu em 4 de janeiro de 1936 e ficou conhecida por sua personagem &#8220;Catifunda&#8221; na Escolinha do Professor Raimundo \u2013 a aluna levava um charuto na m\u00e3o e saudava os colegas com a express\u00e3o \u201cSarav\u00e1!\u201d.<\/p>\n\n\n\n<ul class=\"wp-block-list\"><li><a href=\"https:\/\/g1.globo.com\/pop-arte\/noticia\/2019\/12\/20\/dani-calabresa-lamenta-morte-de-zilda-cardoso-queria-muito-ter-conhecido-ela.ghtml\"><strong><em>Nova Catifunda, Dani Calabresa lamenta morte de Zilda Cardoso: &#8216;Queria muito ter conhecido ela&#8217;<\/em><\/strong><\/a><\/li><\/ul>\n\n\n\n<div class=\"wp-block-image\"><figure class=\"aligncenter size-large\"><img data-recalc-dims=\"1\" decoding=\"async\" width=\"800\" height=\"522\" src=\"https:\/\/i0.wp.com\/blogdoeloiltoncajuhy.com.br\/site\/wp-content\/uploads\/2019\/12\/DonaCatifunda-02.jpg?resize=800%2C522\" alt=\"\" class=\"wp-image-39780\" srcset=\"https:\/\/i0.wp.com\/blogdoeloiltoncajuhy.com.br\/site\/wp-content\/uploads\/2019\/12\/DonaCatifunda-02.jpg?w=984&amp;ssl=1 984w, https:\/\/i0.wp.com\/blogdoeloiltoncajuhy.com.br\/site\/wp-content\/uploads\/2019\/12\/DonaCatifunda-02.jpg?resize=300%2C196&amp;ssl=1 300w, https:\/\/i0.wp.com\/blogdoeloiltoncajuhy.com.br\/site\/wp-content\/uploads\/2019\/12\/DonaCatifunda-02.jpg?resize=768%2C501&amp;ssl=1 768w, https:\/\/i0.wp.com\/blogdoeloiltoncajuhy.com.br\/site\/wp-content\/uploads\/2019\/12\/DonaCatifunda-02.jpg?resize=250%2C163&amp;ssl=1 250w\" sizes=\"(max-width: 800px) 100vw, 800px\" \/><figcaption>Zilda Cardoso e Chico Anysio \u2014 Foto: Acervo TV Globo<\/figcaption><\/figure><\/div>\n\n\n\n<p class=\"has-medium-font-size\"><strong>Carreira<\/strong><\/p>\n\n\n\n<p>Zilda come\u00e7ou a atuar em programas humor\u00edsticos no in\u00edcio dos anos 1960. Ela chegou a ser apresentadora do programa &#8220;Zilda 23 polegadas&#8221;, na TV Paulista, entre 1962 e 1964. Em &#8220;O Riso \u00e9 o Limite&#8221;, da TV Rio, na mesma \u00e9poca, ela j\u00e1 se apresentava como a Dona Catifunda. Desde ent\u00e3o, ela participou de in\u00fameros programas de humor, no papel de Catifunda ou de outras personagens.<\/p>\n\n\n\n<p>Com a mesma personagem, ela tamb\u00e9m atuou em programas como &#8220;Pra\u00e7a da Alegria&#8221; e &#8220;A Pra\u00e7a \u00e9 Nossa&#8221;. Ela tamb\u00e9m participou de &#8220;Os Trapalh\u00f5es&#8221;, &#8220;Pra\u00e7a Brasil&#8221; e &#8220;Estados An\u00edsios de Chico City&#8221; e outros.<\/p>\n\n\n\n<p>Ela participou de filmes nas d\u00e9cadas de 60 e 70, como &#8220;O Lamparina&#8221; (1963), &#8220;Golias Contra o Homem das Bolinhas&#8221; (1969) e &#8220;Se Meu D\u00f3lar Falasse&#8221; (1970).<\/p>\n\n\n\n<p>ZIlda tamb\u00e9m atuou em produ\u00e7\u00f5es de drama, como a novela &#8220;Meu Bem, Meu Mal&#8221;, da TV Globo, de 1990, em que interpretou a personagem Elza.<\/p>\n\n\n\n<div class=\"wp-block-image\"><figure class=\"aligncenter size-large\"><img data-recalc-dims=\"1\" decoding=\"async\" width=\"800\" height=\"529\" src=\"https:\/\/i0.wp.com\/blogdoeloiltoncajuhy.com.br\/site\/wp-content\/uploads\/2019\/12\/DonaCatifunda-03.jpg?resize=800%2C529\" alt=\"\" class=\"wp-image-39781\" srcset=\"https:\/\/i0.wp.com\/blogdoeloiltoncajuhy.com.br\/site\/wp-content\/uploads\/2019\/12\/DonaCatifunda-03.jpg?w=984&amp;ssl=1 984w, https:\/\/i0.wp.com\/blogdoeloiltoncajuhy.com.br\/site\/wp-content\/uploads\/2019\/12\/DonaCatifunda-03.jpg?resize=300%2C198&amp;ssl=1 300w, https:\/\/i0.wp.com\/blogdoeloiltoncajuhy.com.br\/site\/wp-content\/uploads\/2019\/12\/DonaCatifunda-03.jpg?resize=768%2C508&amp;ssl=1 768w, https:\/\/i0.wp.com\/blogdoeloiltoncajuhy.com.br\/site\/wp-content\/uploads\/2019\/12\/DonaCatifunda-03.jpg?resize=250%2C165&amp;ssl=1 250w\" sizes=\"(max-width: 800px) 100vw, 800px\" \/><figcaption>Zilda Cardoso interpretou Dona Catifunda \u2014 Foto: Acervo TV Globo<\/figcaption><\/figure><\/div>\n","protected":false},"excerpt":{"rendered":"<p>Informa\u00e7\u00e3o foi confirmada por um investigador do 77\u00ba Distrito Policial. Ela tamb\u00e9m atuou em programas como &#8220;Pra\u00e7a da Alegria&#8221; e &#8220;A Pra\u00e7a \u00e9 Nossa&#8221; Por G1 SP \u2014 S\u00e3o Paulo A atriz Zilda Cardoso, de 83 anos, morreu na manh\u00e3 desta sexta-feira (20), em seu apartamento no bairro Santa Cec\u00edlia, Centro da cidade de S\u00e3o [&hellip;]<\/p>\n","protected":false},"author":2,"featured_media":39781,"comment_status":"open","ping_status":"open","sticky":false,"template":"","format":"standard","meta":{"_acf_changed":false,"_monsterinsights_skip_tracking":false,"_monsterinsights_sitenote_active":false,"_monsterinsights_sitenote_note":"","_monsterinsights_sitenote_category":0,"_jetpack_memberships_contains_paid_content":false,"footnotes":"","jetpack_publicize_message":"","jetpack_publicize_feature_enabled":true,"jetpack_social_post_already_shared":true,"jetpack_social_options":{"image_generator_settings":{"template":"highway","default_image_id":0,"font":"","enabled":false},"version":2}},"categories":[8,1],"tags":[],"class_list":["post-39778","post","type-post","status-publish","format-standard","has-post-thumbnail","hentry","category-cultura","category-noticias"],"acf":[],"jetpack_publicize_connections":[],"jetpack_featured_media_url":"https:\/\/i0.wp.com\/blogdoeloiltoncajuhy.com.br\/site\/wp-content\/uploads\/2019\/12\/DonaCatifunda-03.jpg?fit=984%2C651&ssl=1","jetpack_sharing_enabled":true,"publishpress_future_workflow_manual_trigger":{"enabledWorkflows":[]},"_links":{"self":[{"href":"https:\/\/blogdoeloiltoncajuhy.com.br\/site\/wp-json\/wp\/v2\/posts\/39778","targetHints":{"allow":["GET"]}}],"collection":[{"href":"https:\/\/blogdoeloiltoncajuhy.com.br\/site\/wp-json\/wp\/v2\/posts"}],"about":[{"href":"https:\/\/blogdoeloiltoncajuhy.com.br\/site\/wp-json\/wp\/v2\/types\/post"}],"author":[{"embeddable":true,"href":"https:\/\/blogdoeloiltoncajuhy.com.br\/site\/wp-json\/wp\/v2\/users\/2"}],"replies":[{"embeddable":true,"href":"https:\/\/blogdoeloiltoncajuhy.com.br\/site\/wp-json\/wp\/v2\/comments?post=39778"}],"version-history":[{"count":1,"href":"https:\/\/blogdoeloiltoncajuhy.com.br\/site\/wp-json\/wp\/v2\/posts\/39778\/revisions"}],"predecessor-version":[{"id":39782,"href":"https:\/\/blogdoeloiltoncajuhy.com.br\/site\/wp-json\/wp\/v2\/posts\/39778\/revisions\/39782"}],"wp:featuredmedia":[{"embeddable":true,"href":"https:\/\/blogdoeloiltoncajuhy.com.br\/site\/wp-json\/wp\/v2\/media\/39781"}],"wp:attachment":[{"href":"https:\/\/blogdoeloiltoncajuhy.com.br\/site\/wp-json\/wp\/v2\/media?parent=39778"}],"wp:term":[{"taxonomy":"category","embeddable":true,"href":"https:\/\/blogdoeloiltoncajuhy.com.br\/site\/wp-json\/wp\/v2\/categories?post=39778"},{"taxonomy":"post_tag","embeddable":true,"href":"https:\/\/blogdoeloiltoncajuhy.com.br\/site\/wp-json\/wp\/v2\/tags?post=39778"}],"curies":[{"name":"wp","href":"https:\/\/api.w.org\/{rel}","templated":true}]}}