{"id":39776,"date":"2019-12-20T17:36:07","date_gmt":"2019-12-20T20:36:07","guid":{"rendered":"http:\/\/blogdoeloiltoncajuhy.com.br\/site\/?p=39776"},"modified":"2019-12-20T17:36:13","modified_gmt":"2019-12-20T20:36:13","slug":"prefeitura-de-andorinha-realiza-natal-de-magia-na-praca-de-eventos","status":"publish","type":"post","link":"https:\/\/blogdoeloiltoncajuhy.com.br\/site\/prefeitura-de-andorinha-realiza-natal-de-magia-na-praca-de-eventos\/","title":{"rendered":"Prefeitura de Andorinha realiza Natal de Magia na Pra\u00e7a de Eventos"},"content":{"rendered":"\n<p><strong>ASCOM &#8211; Prefeitura de Andorinha-BA<\/strong><\/p>\n\n\n\n<figure class=\"wp-block-embed-youtube aligncenter wp-block-embed is-type-video is-provider-youtube wp-embed-aspect-16-9 wp-has-aspect-ratio\"><div class=\"wp-block-embed__wrapper\">\n<iframe title=\"Natal Magia de Andorinha\" width=\"800\" height=\"450\" src=\"https:\/\/www.youtube.com\/embed\/sOXLoAFTiUY?feature=oembed\" frameborder=\"0\" allow=\"accelerometer; autoplay; encrypted-media; gyroscope; picture-in-picture\" allowfullscreen><\/iframe>\n<\/div><\/figure>\n\n\n\n<p>Natal \u00e9 tempo de encantamento, com a ess\u00eancia de bons sentimentos de bondade e amor ao pr\u00f3ximo. E foi nessas vibra\u00e7\u00f5es que a Prefeitura de Andorinha realizou o Natal de Magia na Pra\u00e7a de Eventos da cidade.<\/p>\n\n\n\n<p>O evento iniciou com um passeio do Papai Noel pelas ruas com chegada na Pra\u00e7a de Eventos. No local, houve entrega de presentes para aproximadamente mil crian\u00e7as, que receberam tamb\u00e9m pipoca, algod\u00e3o doce, picol\u00e9 e puderam aproveitar gratuitamente os brinquedos que estavam distribu\u00eddos pela pra\u00e7a.<\/p>\n\n\n\n<p>A noite tamb\u00e9m foi abrilhantada por apresenta\u00e7\u00f5es art\u00edsticas, com o 6\u00ba Batalh\u00e3o da Pol\u00edcia Militar que trouxe para Andorinha sua orquestra sinf\u00f4nica de Senhor do Bonfim, o Coral Joias Raras da Igreja Adventista do 7\u00ba dia, o Ballet do Servi\u00e7o de Conviv\u00eancia e Fortalecimento de V\u00ednculos e a Apresenta\u00e7\u00e3o Musical dos Jovens Talentos de Andorinha com Matheus Duarte, Cec\u00edlia Novaes, Stefanny Nascimento, Luiz Eduardo e Stheffany Barreto.<\/p>\n\n\n\n<p><em>\u201cFoi uma noite bel\u00edssima, a pra\u00e7a estava repleta de sorrisos de crian\u00e7as e as fam\u00edlias puderam apreciar juntos esse momento. A equipe organizadora deu um show e eu s\u00f3 tenho mais uma vez a agradecer a todos que prestigiaram esse momento. Aproveito e desejo a todas as fam\u00edlias um Feliz Natal e um Pr\u00f3spero Ano Novo, que mais realiza\u00e7\u00f5es e amor ao pr\u00f3ximo cheguem at\u00e9 n\u00f3s\u201d<\/em>, destacou o prefeito Renato Brand\u00e3o, que estava presente no evento.<\/p>\n\n\n\n<p>O Natal de Magia foi realizado pela Prefeitura de Andorinha atrav\u00e9s da Secretaria de Assist\u00eancia Social, contando com o apoio das demais secretarias.<\/p>\n\n\n\n<p><em>\u201cFoi realmente m\u00e1gico saber que n\u00f3s conseguimos proporcionar \u00e0s fam\u00edlias um momento de alegria e de divers\u00e3o. \u00c9 de uma imensa satisfa\u00e7\u00e3o. Pude ver que al\u00e9m disso passamos mensagens poderosas atrav\u00e9s desse evento. Quero agradecer a todos os artistas que abrilhantaram a noite e tamb\u00e9m a minha equipe que se dedicou arduamente para ocorrer tudo de forma esplendida\u201d<\/em>, afirmou a secret\u00e1ria de Assist\u00eancia Social Maria Helena.<\/p>\n","protected":false},"excerpt":{"rendered":"<p>ASCOM &#8211; Prefeitura de Andorinha-BA Natal \u00e9 tempo de encantamento, com a ess\u00eancia de bons sentimentos de bondade e amor ao pr\u00f3ximo. E foi nessas vibra\u00e7\u00f5es que a Prefeitura de Andorinha realizou o Natal de Magia na Pra\u00e7a de Eventos da cidade. O evento iniciou com um passeio do Papai Noel pelas ruas com chegada [&hellip;]<\/p>\n","protected":false},"author":2,"featured_media":0,"comment_status":"open","ping_status":"open","sticky":false,"template":"","format":"standard","meta":{"_acf_changed":false,"_monsterinsights_skip_tracking":false,"_monsterinsights_sitenote_active":false,"_monsterinsights_sitenote_note":"","_monsterinsights_sitenote_category":0,"_jetpack_memberships_contains_paid_content":false,"footnotes":"","jetpack_publicize_message":"","jetpack_publicize_feature_enabled":true,"jetpack_social_post_already_shared":true,"jetpack_social_options":{"image_generator_settings":{"template":"highway","default_image_id":0,"font":"","enabled":false},"version":2}},"categories":[1,11],"tags":[],"class_list":["post-39776","post","type-post","status-publish","format-standard","hentry","category-noticias","category-regional"],"acf":[],"jetpack_publicize_connections":[],"jetpack_featured_media_url":"","jetpack_sharing_enabled":true,"publishpress_future_workflow_manual_trigger":{"enabledWorkflows":[]},"_links":{"self":[{"href":"https:\/\/blogdoeloiltoncajuhy.com.br\/site\/wp-json\/wp\/v2\/posts\/39776","targetHints":{"allow":["GET"]}}],"collection":[{"href":"https:\/\/blogdoeloiltoncajuhy.com.br\/site\/wp-json\/wp\/v2\/posts"}],"about":[{"href":"https:\/\/blogdoeloiltoncajuhy.com.br\/site\/wp-json\/wp\/v2\/types\/post"}],"author":[{"embeddable":true,"href":"https:\/\/blogdoeloiltoncajuhy.com.br\/site\/wp-json\/wp\/v2\/users\/2"}],"replies":[{"embeddable":true,"href":"https:\/\/blogdoeloiltoncajuhy.com.br\/site\/wp-json\/wp\/v2\/comments?post=39776"}],"version-history":[{"count":1,"href":"https:\/\/blogdoeloiltoncajuhy.com.br\/site\/wp-json\/wp\/v2\/posts\/39776\/revisions"}],"predecessor-version":[{"id":39777,"href":"https:\/\/blogdoeloiltoncajuhy.com.br\/site\/wp-json\/wp\/v2\/posts\/39776\/revisions\/39777"}],"wp:attachment":[{"href":"https:\/\/blogdoeloiltoncajuhy.com.br\/site\/wp-json\/wp\/v2\/media?parent=39776"}],"wp:term":[{"taxonomy":"category","embeddable":true,"href":"https:\/\/blogdoeloiltoncajuhy.com.br\/site\/wp-json\/wp\/v2\/categories?post=39776"},{"taxonomy":"post_tag","embeddable":true,"href":"https:\/\/blogdoeloiltoncajuhy.com.br\/site\/wp-json\/wp\/v2\/tags?post=39776"}],"curies":[{"name":"wp","href":"https:\/\/api.w.org\/{rel}","templated":true}]}}