{"id":39772,"date":"2019-12-20T17:16:27","date_gmt":"2019-12-20T20:16:27","guid":{"rendered":"http:\/\/blogdoeloiltoncajuhy.com.br\/site\/?p=39772"},"modified":"2019-12-20T17:16:33","modified_gmt":"2019-12-20T20:16:33","slug":"assembleia-aprova-projeto-escola-em-acao-de-autoria-do-deputado-bobo","status":"publish","type":"post","link":"https:\/\/blogdoeloiltoncajuhy.com.br\/site\/assembleia-aprova-projeto-escola-em-acao-de-autoria-do-deputado-bobo\/","title":{"rendered":"Assembleia aprova projeto \u2018Escola em A\u00e7\u00e3o\u2019 de autoria do deputado Bob\u00f4"},"content":{"rendered":"\n<p><strong>Ascom Deputado Bob\u00f4<\/strong><\/p>\n\n\n\n<div class=\"wp-block-image\"><figure class=\"aligncenter size-large\"><img fetchpriority=\"high\" decoding=\"async\" width=\"1751\" height=\"1244\" src=\"https:\/\/i0.wp.com\/blogdoeloiltoncajuhy.com.br\/site\/wp-content\/uploads\/2019\/12\/DeputadoBoboEscolaEmA\u00e7\u00e3o.jpg?fit=590%2C419\" alt=\"\" class=\"wp-image-39773\" srcset=\"https:\/\/i0.wp.com\/blogdoeloiltoncajuhy.com.br\/site\/wp-content\/uploads\/2019\/12\/DeputadoBoboEscolaEmA%C3%A7%C3%A3o.jpg?w=1751&amp;ssl=1 1751w, https:\/\/i0.wp.com\/blogdoeloiltoncajuhy.com.br\/site\/wp-content\/uploads\/2019\/12\/DeputadoBoboEscolaEmA%C3%A7%C3%A3o.jpg?resize=300%2C213&amp;ssl=1 300w, https:\/\/i0.wp.com\/blogdoeloiltoncajuhy.com.br\/site\/wp-content\/uploads\/2019\/12\/DeputadoBoboEscolaEmA%C3%A7%C3%A3o.jpg?resize=1024%2C728&amp;ssl=1 1024w, https:\/\/i0.wp.com\/blogdoeloiltoncajuhy.com.br\/site\/wp-content\/uploads\/2019\/12\/DeputadoBoboEscolaEmA%C3%A7%C3%A3o.jpg?resize=768%2C546&amp;ssl=1 768w, https:\/\/i0.wp.com\/blogdoeloiltoncajuhy.com.br\/site\/wp-content\/uploads\/2019\/12\/DeputadoBoboEscolaEmA%C3%A7%C3%A3o.jpg?resize=1536%2C1091&amp;ssl=1 1536w, https:\/\/i0.wp.com\/blogdoeloiltoncajuhy.com.br\/site\/wp-content\/uploads\/2019\/12\/DeputadoBoboEscolaEmA%C3%A7%C3%A3o.jpg?resize=250%2C178&amp;ssl=1 250w, https:\/\/i0.wp.com\/blogdoeloiltoncajuhy.com.br\/site\/wp-content\/uploads\/2019\/12\/DeputadoBoboEscolaEmA%C3%A7%C3%A3o.jpg?w=1600 1600w\" sizes=\"(max-width: 800px) 100vw, 800px\" \/><\/figure><\/div>\n\n\n\n<p>No \u00faltimo dia 17, a Assembleia Legislativa da Bahia aprovou, por unanimidade, o PL 21.199\/2015, de autoria do deputado Bob\u00f4, que institui o Programa <strong><em>\u201cEscola em A\u00e7\u00e3o\u201d<\/em><\/strong>. O intuito do projeto \u00e9 incentivar a abertura das escolas e institui\u00e7\u00f5es de ensino, sob a responsabilidade do governo estadual, para pr\u00e1tica de esporte, al\u00e9m de realiza\u00e7\u00e3o de atividades recreativas e culturais nos finais de semana. Agora, a mat\u00e9ria segue para san\u00e7\u00e3o do governador Rui Costa.<\/p>\n\n\n\n<p>Na justificativa, o parlamentar defende que o Programa vai contribuir para melhorar a qualidade da educa\u00e7\u00e3o, valorizar a cultura popular, as express\u00f5es juvenis e o protagonismo da comunidade, fortalecendo o sentimento de identidade e pertencimento da popula\u00e7\u00e3o.<\/p>\n\n\n\n<p><em>\u201cA nossa ideia sempre foi a de focar em unidades escolares localizadas em \u00e1reas de vulnerabilidade social, com pouca oferta de espa\u00e7os de lazer e cultura. Com essa iniciativa, a escola tem a oportunidade de refor\u00e7ar sua rela\u00e7\u00e3o com a comunidade, tornando-se mais inclusiva, ampliando sua a\u00e7\u00e3o educativa e resgatando a autoestima da popula\u00e7\u00e3o\u201d<\/em>, afirma Bob\u00f4. <\/p>\n\n\n\n<p>O projeto prev\u00ea que as escolas p\u00fablicas sejam abertas pelo menos um final de semana por m\u00eas, sob o monitoramento de associa\u00e7\u00f5es de moradores ou entidades sem fins lucrativos, devidamente registradas e autorizadas pela Secretaria de Educa\u00e7\u00e3o.<\/p>\n\n\n\n<div class=\"wp-block-image\"><figure class=\"aligncenter size-large\"><img data-recalc-dims=\"1\" decoding=\"async\" width=\"657\" height=\"467\" src=\"https:\/\/i0.wp.com\/blogdoeloiltoncajuhy.com.br\/site\/wp-content\/uploads\/2019\/12\/DeputadoBoboEscolaEmA%C3%A7%C3%A3o2.jpg?resize=657%2C467\" alt=\"\" class=\"wp-image-39774\" srcset=\"https:\/\/i0.wp.com\/blogdoeloiltoncajuhy.com.br\/site\/wp-content\/uploads\/2019\/12\/DeputadoBoboEscolaEmA%C3%A7%C3%A3o2.jpg?w=657&amp;ssl=1 657w, https:\/\/i0.wp.com\/blogdoeloiltoncajuhy.com.br\/site\/wp-content\/uploads\/2019\/12\/DeputadoBoboEscolaEmA%C3%A7%C3%A3o2.jpg?resize=300%2C213&amp;ssl=1 300w, https:\/\/i0.wp.com\/blogdoeloiltoncajuhy.com.br\/site\/wp-content\/uploads\/2019\/12\/DeputadoBoboEscolaEmA%C3%A7%C3%A3o2.jpg?resize=250%2C178&amp;ssl=1 250w\" sizes=\"(max-width: 657px) 100vw, 657px\" \/><\/figure><\/div>\n","protected":false},"excerpt":{"rendered":"<p>Ascom Deputado Bob\u00f4 No \u00faltimo dia 17, a Assembleia Legislativa da Bahia aprovou, por unanimidade, o PL 21.199\/2015, de autoria do deputado Bob\u00f4, que institui o Programa \u201cEscola em A\u00e7\u00e3o\u201d. O intuito do projeto \u00e9 incentivar a abertura das escolas e institui\u00e7\u00f5es de ensino, sob a responsabilidade do governo estadual, para pr\u00e1tica de esporte, al\u00e9m [&hellip;]<\/p>\n","protected":false},"author":2,"featured_media":39774,"comment_status":"open","ping_status":"open","sticky":false,"template":"","format":"standard","meta":{"_acf_changed":false,"_monsterinsights_skip_tracking":false,"_monsterinsights_sitenote_active":false,"_monsterinsights_sitenote_note":"","_monsterinsights_sitenote_category":0,"_jetpack_memberships_contains_paid_content":false,"footnotes":"","jetpack_publicize_message":"","jetpack_publicize_feature_enabled":true,"jetpack_social_post_already_shared":true,"jetpack_social_options":{"image_generator_settings":{"template":"highway","default_image_id":0,"font":"","enabled":false},"version":2}},"categories":[1,3],"tags":[],"class_list":["post-39772","post","type-post","status-publish","format-standard","has-post-thumbnail","hentry","category-noticias","category-politica"],"acf":[],"jetpack_publicize_connections":[],"jetpack_featured_media_url":"https:\/\/i0.wp.com\/blogdoeloiltoncajuhy.com.br\/site\/wp-content\/uploads\/2019\/12\/DeputadoBoboEscolaEmA%C3%A7%C3%A3o2.jpg?fit=657%2C467&ssl=1","jetpack_sharing_enabled":true,"publishpress_future_workflow_manual_trigger":{"enabledWorkflows":[]},"_links":{"self":[{"href":"https:\/\/blogdoeloiltoncajuhy.com.br\/site\/wp-json\/wp\/v2\/posts\/39772","targetHints":{"allow":["GET"]}}],"collection":[{"href":"https:\/\/blogdoeloiltoncajuhy.com.br\/site\/wp-json\/wp\/v2\/posts"}],"about":[{"href":"https:\/\/blogdoeloiltoncajuhy.com.br\/site\/wp-json\/wp\/v2\/types\/post"}],"author":[{"embeddable":true,"href":"https:\/\/blogdoeloiltoncajuhy.com.br\/site\/wp-json\/wp\/v2\/users\/2"}],"replies":[{"embeddable":true,"href":"https:\/\/blogdoeloiltoncajuhy.com.br\/site\/wp-json\/wp\/v2\/comments?post=39772"}],"version-history":[{"count":1,"href":"https:\/\/blogdoeloiltoncajuhy.com.br\/site\/wp-json\/wp\/v2\/posts\/39772\/revisions"}],"predecessor-version":[{"id":39775,"href":"https:\/\/blogdoeloiltoncajuhy.com.br\/site\/wp-json\/wp\/v2\/posts\/39772\/revisions\/39775"}],"wp:featuredmedia":[{"embeddable":true,"href":"https:\/\/blogdoeloiltoncajuhy.com.br\/site\/wp-json\/wp\/v2\/media\/39774"}],"wp:attachment":[{"href":"https:\/\/blogdoeloiltoncajuhy.com.br\/site\/wp-json\/wp\/v2\/media?parent=39772"}],"wp:term":[{"taxonomy":"category","embeddable":true,"href":"https:\/\/blogdoeloiltoncajuhy.com.br\/site\/wp-json\/wp\/v2\/categories?post=39772"},{"taxonomy":"post_tag","embeddable":true,"href":"https:\/\/blogdoeloiltoncajuhy.com.br\/site\/wp-json\/wp\/v2\/tags?post=39772"}],"curies":[{"name":"wp","href":"https:\/\/api.w.org\/{rel}","templated":true}]}}