{"id":39768,"date":"2019-12-20T17:06:15","date_gmt":"2019-12-20T20:06:15","guid":{"rendered":"http:\/\/blogdoeloiltoncajuhy.com.br\/site\/?p=39768"},"modified":"2019-12-20T17:06:22","modified_gmt":"2019-12-20T20:06:22","slug":"uneb-apresenta-sua-producao-na-flisbom","status":"publish","type":"post","link":"https:\/\/blogdoeloiltoncajuhy.com.br\/site\/uneb-apresenta-sua-producao-na-flisbom\/","title":{"rendered":"UNEB apresenta sua produ\u00e7\u00e3o na FLISBOM"},"content":{"rendered":"\n<p><strong>Lorena Simas<\/strong><br>Coordenadora do N\u00facleo de Assessoria de Comunica\u00e7\u00e3o (NAC- DEDC\/ UNEB)<\/p>\n\n\n\n<div class=\"wp-block-image\"><figure class=\"aligncenter size-large\"><img fetchpriority=\"high\" decoding=\"async\" width=\"1280\" height=\"750\" src=\"https:\/\/i1.wp.com\/blogdoeloiltoncajuhy.com.br\/site\/wp-content\/uploads\/2019\/12\/Uneb_Flisbom-10.30.58-1.jpeg?fit=590%2C346\" alt=\"\" class=\"wp-image-39769\" srcset=\"https:\/\/i0.wp.com\/blogdoeloiltoncajuhy.com.br\/site\/wp-content\/uploads\/2019\/12\/Uneb_Flisbom-10.30.58-1.jpeg?w=1280&amp;ssl=1 1280w, https:\/\/i0.wp.com\/blogdoeloiltoncajuhy.com.br\/site\/wp-content\/uploads\/2019\/12\/Uneb_Flisbom-10.30.58-1.jpeg?resize=300%2C176&amp;ssl=1 300w, https:\/\/i0.wp.com\/blogdoeloiltoncajuhy.com.br\/site\/wp-content\/uploads\/2019\/12\/Uneb_Flisbom-10.30.58-1.jpeg?resize=1024%2C600&amp;ssl=1 1024w, https:\/\/i0.wp.com\/blogdoeloiltoncajuhy.com.br\/site\/wp-content\/uploads\/2019\/12\/Uneb_Flisbom-10.30.58-1.jpeg?resize=768%2C450&amp;ssl=1 768w, https:\/\/i0.wp.com\/blogdoeloiltoncajuhy.com.br\/site\/wp-content\/uploads\/2019\/12\/Uneb_Flisbom-10.30.58-1.jpeg?resize=250%2C146&amp;ssl=1 250w\" sizes=\"(max-width: 800px) 100vw, 800px\" \/><\/figure><\/div>\n\n\n\n<p>Encena\u00e7\u00f5es teatrais, apresenta\u00e7\u00e3o musical, mostra dos laborat\u00f3rios, oficinas, exposi\u00e7\u00e3o de livros e produ\u00e7\u00e3o acad\u00eamico-cient\u00edfica fizeram parte da programa\u00e7\u00e3o do Departamento de Educa\u00e7\u00e3o (DEDC), Campus VII da UNEB, na I Festa Liter\u00e1ria de Senhor do Bonfim (FLISBOM). A FLISBOM tem como curadores a secret\u00e1ria de Educa\u00e7\u00e3o de Senhor do Bonfim, Cristiane Maia e o professor do DEDC VII da UNEB, Reginaldo Carvalho.<\/p>\n\n\n\n<p>A UNEB esteve presente na FLISBOM desde a sua concep\u00e7\u00e3o atrav\u00e9s da curadoria at\u00e9 a participa\u00e7\u00e3o em toda a programa\u00e7\u00e3o da Festa. Professores e estudantes do DEDC VII da UNEB participaram da realiza\u00e7\u00e3o da FLISBOM que reuniu centenas de pessoas entre crian\u00e7as, adultos e idosos que tiveram a oportunidade de conhecer mais sobre a literatura negra do bonfinense, Ant\u00f4nio Vieira, e tamb\u00e9m sobre a produ\u00e7\u00e3o do Campus VII da UNEB.<\/p>\n\n\n\n<p>O professor e curador da FLISBOM, Reginaldo Carvalho, destacou que <em>\u201ca FLISBOM \u00e9 um marco na hist\u00f3ria da educa\u00e7\u00e3o e da literatura do Territ\u00f3rio de Identidade Piemonte Norte do Itapicuru por trazer para o centro do debate a literatura de um escritor negro que foi historicamente invisibilizado por causa do racismo\u201d<\/em>. Carvalho ressaltou ainda que, <em>\u201ca FLISBOM \u00e9 um ato de resist\u00eancia, diante de toda a conjuntura e retrocesso que tem acontecido no pa\u00eds atualmente\u201d<\/em>.<\/p>\n\n\n\n<p>A diretora do DEDC VII, Suzzana Alice Lima, frisou que <em>\u201conde estiverem experi\u00eancias como a FLISBOM, a UNEB estar\u00e1 presente, pois esse tipo de evento cumpre a fun\u00e7\u00e3o de aproximar a popula\u00e7\u00e3o, proporcionando um encontro com v\u00e1rias atividades que instrui e forma com propostas mais sens\u00edveis para discutir a realidade contempor\u00e2nea\u201d<\/em>.<\/p>\n\n\n\n<div class=\"wp-block-image\"><figure class=\"aligncenter size-large\"><img decoding=\"async\" width=\"1127\" height=\"756\" src=\"https:\/\/i1.wp.com\/blogdoeloiltoncajuhy.com.br\/site\/wp-content\/uploads\/2019\/12\/Uneb_Flisbom-10.30.58.jpeg?fit=590%2C396\" alt=\"\" class=\"wp-image-39770\" srcset=\"https:\/\/i0.wp.com\/blogdoeloiltoncajuhy.com.br\/site\/wp-content\/uploads\/2019\/12\/Uneb_Flisbom-10.30.58.jpeg?w=1127&amp;ssl=1 1127w, https:\/\/i0.wp.com\/blogdoeloiltoncajuhy.com.br\/site\/wp-content\/uploads\/2019\/12\/Uneb_Flisbom-10.30.58.jpeg?resize=300%2C201&amp;ssl=1 300w, https:\/\/i0.wp.com\/blogdoeloiltoncajuhy.com.br\/site\/wp-content\/uploads\/2019\/12\/Uneb_Flisbom-10.30.58.jpeg?resize=1024%2C687&amp;ssl=1 1024w, https:\/\/i0.wp.com\/blogdoeloiltoncajuhy.com.br\/site\/wp-content\/uploads\/2019\/12\/Uneb_Flisbom-10.30.58.jpeg?resize=768%2C515&amp;ssl=1 768w, https:\/\/i0.wp.com\/blogdoeloiltoncajuhy.com.br\/site\/wp-content\/uploads\/2019\/12\/Uneb_Flisbom-10.30.58.jpeg?resize=250%2C168&amp;ssl=1 250w\" sizes=\"(max-width: 800px) 100vw, 800px\" \/><\/figure><\/div>\n\n\n\n<p class=\"has-medium-font-size\"><strong>Hoje (20) ainda tem programa\u00e7\u00e3o da UNEB na FLISBOM. Confira:<\/strong><\/p>\n\n\n\n<p>Micologia<\/p>\n\n\n\n<p>Zoologia Marinha<\/p>\n\n\n\n<p>Brinquedoteca<\/p>\n\n\n\n<p>13h \u00e0s 19h<\/p>\n\n\n\n<ul class=\"wp-block-list\"><li>Oficina da Abayomi<\/li><li>Tert\u00falia na FLISBOM<\/li><li>Apresenta\u00e7\u00e3o teatral e musical<\/li><li>Oficina: Ra\u00e7a, etnia, diversidade sexual e de g\u00eanero<\/li><li>Exposi\u00e7\u00e3o de livros e produ\u00e7\u00e3o acad\u00eamico cient\u00edfica do Campus VII<\/li><li>Interven\u00e7\u00e3o filos\u00f3fica (discentes de Enfermagem e Pedagogia)<\/li><\/ul>\n\n\n\n<p>19h \u00e0s 22h<\/p>\n\n\n\n<ul class=\"wp-block-list\"><li>Apresenta\u00e7\u00f5es: teatral, musical<\/li><li>Lan\u00e7amento de livros<\/li><\/ul>\n","protected":false},"excerpt":{"rendered":"<p>Lorena SimasCoordenadora do N\u00facleo de Assessoria de Comunica\u00e7\u00e3o (NAC- DEDC\/ UNEB) Encena\u00e7\u00f5es teatrais, apresenta\u00e7\u00e3o musical, mostra dos laborat\u00f3rios, oficinas, exposi\u00e7\u00e3o de livros e produ\u00e7\u00e3o acad\u00eamico-cient\u00edfica fizeram parte da programa\u00e7\u00e3o do Departamento de Educa\u00e7\u00e3o (DEDC), Campus VII da UNEB, na I Festa Liter\u00e1ria de Senhor do Bonfim (FLISBOM). A FLISBOM tem como curadores a secret\u00e1ria de [&hellip;]<\/p>\n","protected":false},"author":2,"featured_media":39770,"comment_status":"open","ping_status":"open","sticky":false,"template":"","format":"standard","meta":{"_acf_changed":false,"_monsterinsights_skip_tracking":false,"_monsterinsights_sitenote_active":false,"_monsterinsights_sitenote_note":"","_monsterinsights_sitenote_category":0,"_jetpack_memberships_contains_paid_content":false,"footnotes":"","jetpack_publicize_message":"","jetpack_publicize_feature_enabled":true,"jetpack_social_post_already_shared":true,"jetpack_social_options":{"image_generator_settings":{"template":"highway","default_image_id":0,"font":"","enabled":false},"version":2}},"categories":[8,1,4],"tags":[],"class_list":["post-39768","post","type-post","status-publish","format-standard","has-post-thumbnail","hentry","category-cultura","category-noticias","category-local"],"acf":[],"jetpack_publicize_connections":[],"jetpack_featured_media_url":"https:\/\/i0.wp.com\/blogdoeloiltoncajuhy.com.br\/site\/wp-content\/uploads\/2019\/12\/Uneb_Flisbom-10.30.58.jpeg?fit=1127%2C756&ssl=1","jetpack_sharing_enabled":true,"publishpress_future_workflow_manual_trigger":{"enabledWorkflows":[]},"_links":{"self":[{"href":"https:\/\/blogdoeloiltoncajuhy.com.br\/site\/wp-json\/wp\/v2\/posts\/39768","targetHints":{"allow":["GET"]}}],"collection":[{"href":"https:\/\/blogdoeloiltoncajuhy.com.br\/site\/wp-json\/wp\/v2\/posts"}],"about":[{"href":"https:\/\/blogdoeloiltoncajuhy.com.br\/site\/wp-json\/wp\/v2\/types\/post"}],"author":[{"embeddable":true,"href":"https:\/\/blogdoeloiltoncajuhy.com.br\/site\/wp-json\/wp\/v2\/users\/2"}],"replies":[{"embeddable":true,"href":"https:\/\/blogdoeloiltoncajuhy.com.br\/site\/wp-json\/wp\/v2\/comments?post=39768"}],"version-history":[{"count":1,"href":"https:\/\/blogdoeloiltoncajuhy.com.br\/site\/wp-json\/wp\/v2\/posts\/39768\/revisions"}],"predecessor-version":[{"id":39771,"href":"https:\/\/blogdoeloiltoncajuhy.com.br\/site\/wp-json\/wp\/v2\/posts\/39768\/revisions\/39771"}],"wp:featuredmedia":[{"embeddable":true,"href":"https:\/\/blogdoeloiltoncajuhy.com.br\/site\/wp-json\/wp\/v2\/media\/39770"}],"wp:attachment":[{"href":"https:\/\/blogdoeloiltoncajuhy.com.br\/site\/wp-json\/wp\/v2\/media?parent=39768"}],"wp:term":[{"taxonomy":"category","embeddable":true,"href":"https:\/\/blogdoeloiltoncajuhy.com.br\/site\/wp-json\/wp\/v2\/categories?post=39768"},{"taxonomy":"post_tag","embeddable":true,"href":"https:\/\/blogdoeloiltoncajuhy.com.br\/site\/wp-json\/wp\/v2\/tags?post=39768"}],"curies":[{"name":"wp","href":"https:\/\/api.w.org\/{rel}","templated":true}]}}