{"id":39763,"date":"2019-12-20T09:44:19","date_gmt":"2019-12-20T12:44:19","guid":{"rendered":"http:\/\/blogdoeloiltoncajuhy.com.br\/site\/?p=39763"},"modified":"2019-12-20T09:44:25","modified_gmt":"2019-12-20T12:44:25","slug":"curso-de-extensao-da-uneb-de-bonfim-encerra-com-apresentacao-de-materiais-didaticos-inclusivos-desenvolvidos-pelos-participantes","status":"publish","type":"post","link":"https:\/\/blogdoeloiltoncajuhy.com.br\/site\/curso-de-extensao-da-uneb-de-bonfim-encerra-com-apresentacao-de-materiais-didaticos-inclusivos-desenvolvidos-pelos-participantes\/","title":{"rendered":"Curso de extens\u00e3o da UNEB de Bonfim encerra com apresenta\u00e7\u00e3o de materiais did\u00e1ticos inclusivos desenvolvidos pelos participantes"},"content":{"rendered":"\n<p><strong>Lorena Simas<\/strong><br>Coordenadora do N\u00facleo de Assessoria de Comunica\u00e7\u00e3o (NAC- DEDC\/ UNEB)<\/p>\n\n\n\n<div class=\"wp-block-image\"><figure class=\"aligncenter size-large\"><img fetchpriority=\"high\" decoding=\"async\" width=\"1267\" height=\"857\" src=\"https:\/\/i0.wp.com\/blogdoeloiltoncajuhy.com.br\/site\/wp-content\/uploads\/2019\/12\/Uneb_CursoExtens\u00e3o-01.jpeg?fit=590%2C399\" alt=\"\" class=\"wp-image-39764\" srcset=\"https:\/\/i0.wp.com\/blogdoeloiltoncajuhy.com.br\/site\/wp-content\/uploads\/2019\/12\/Uneb_CursoExtens%C3%A3o-01.jpeg?w=1267&amp;ssl=1 1267w, https:\/\/i0.wp.com\/blogdoeloiltoncajuhy.com.br\/site\/wp-content\/uploads\/2019\/12\/Uneb_CursoExtens%C3%A3o-01.jpeg?resize=300%2C203&amp;ssl=1 300w, https:\/\/i0.wp.com\/blogdoeloiltoncajuhy.com.br\/site\/wp-content\/uploads\/2019\/12\/Uneb_CursoExtens%C3%A3o-01.jpeg?resize=1024%2C693&amp;ssl=1 1024w, https:\/\/i0.wp.com\/blogdoeloiltoncajuhy.com.br\/site\/wp-content\/uploads\/2019\/12\/Uneb_CursoExtens%C3%A3o-01.jpeg?resize=768%2C519&amp;ssl=1 768w, https:\/\/i0.wp.com\/blogdoeloiltoncajuhy.com.br\/site\/wp-content\/uploads\/2019\/12\/Uneb_CursoExtens%C3%A3o-01.jpeg?resize=250%2C169&amp;ssl=1 250w\" sizes=\"(max-width: 800px) 100vw, 800px\" \/><\/figure><\/div>\n\n\n\n<p>O curso de extens\u00e3o <strong><em>&#8220;Pr\u00e1ticas Inclusivas no Ensino de Ci\u00eancias&#8221;<\/em><\/strong> do Departamento de Educa\u00e7\u00e3o (DEDC), Campus VII da UNEB, encerrou nesta quinta-feira (19) com apresenta\u00e7\u00e3o de materiais did\u00e1ticos inclusivos desenvolvidos pelos participantes. O projeto \u00e9 fruto de parceria entre o Laborat\u00f3rio Interdisciplinar de Pesquisa, Ensino e Extens\u00e3o em Biologia (LIPPEBIO) do DEDC VII da UNEB e do N\u00facleo de Educa\u00e7\u00e3o Inclusiva da Universidade Federal do Vale do S\u00e3o Francisco (UNIVASF).<\/p>\n\n\n\n<p>O objetivo do projeto \u00e9 possibilitar um espa\u00e7o de discuss\u00e3o e reflex\u00e3o sobre a atua\u00e7\u00e3o inclusiva do professor de Ci\u00eancias\/Biologia. Assim, a coordenadora do projeto, Rafaela Rocha, enfatiza que <em>\u201cpara uma educa\u00e7\u00e3o de qualidade todos devem ter direito \u00e0 constru\u00e7\u00e3o da aprendizagem\u201d<\/em>. Rafaela destacou ainda que <em>\u201co projeto tem a perspectiva de fortalecer as pol\u00edticas inclusivas na Educa\u00e7\u00e3o B\u00e1sica e nos fundamentos te\u00f3ricos metodol\u00f3gicos da educa\u00e7\u00e3o em direitos humanos\u201d<\/em>.<\/p>\n\n\n\n<p>O estudante do 3\u00ba per\u00edodo da Licenciatura em Ci\u00eancias Biol\u00f3gicas, Edvan Santana, destacou que <em>\u201co curso fomenta a pr\u00e1tica de diversas atividades que incorporem os alunos com defici\u00eancia f\u00edsica ou psicol\u00f3gica no contexto geral com a turma, trazendo di\u00e1logos, discuss\u00f5es e facilitando o conhecimento dos estudantes referente ao conte\u00fado\u201d<\/em>. Edvan refor\u00e7ou ainda que <em>\u201co curso nos mostrou como ensinar e desenvolver uma metodologia que atenda todos os alunos em uma sala que possui diferentes pessoas com realidades diversas\u201d<\/em>.<\/p>\n\n\n\n<p>A programa\u00e7\u00e3o do curso contou com palestras, atividades de planejamento e rodas de conversa sobre experi\u00eancias com a inclus\u00e3o de pessoas com defici\u00eancia na Educa\u00e7\u00e3o B\u00e1sica. As atividades foram ministradas pelas professoras Rafaela Rocha e Kelly Meneses, no Centro de Artes Professor Marcos F\u00e1bio Oliveira Marques, no Col\u00e9gio Estadual Senhor do Bonfim.<\/p>\n\n\n\n<div class=\"wp-block-image\"><figure class=\"aligncenter size-large\"><img decoding=\"async\" width=\"1098\" height=\"588\" src=\"https:\/\/i1.wp.com\/blogdoeloiltoncajuhy.com.br\/site\/wp-content\/uploads\/2019\/12\/Uneb_CursoExtens\u00e3o-02.jpeg?fit=590%2C316\" alt=\"\" class=\"wp-image-39765\" srcset=\"https:\/\/i0.wp.com\/blogdoeloiltoncajuhy.com.br\/site\/wp-content\/uploads\/2019\/12\/Uneb_CursoExtens%C3%A3o-02.jpeg?w=1098&amp;ssl=1 1098w, https:\/\/i0.wp.com\/blogdoeloiltoncajuhy.com.br\/site\/wp-content\/uploads\/2019\/12\/Uneb_CursoExtens%C3%A3o-02.jpeg?resize=300%2C161&amp;ssl=1 300w, https:\/\/i0.wp.com\/blogdoeloiltoncajuhy.com.br\/site\/wp-content\/uploads\/2019\/12\/Uneb_CursoExtens%C3%A3o-02.jpeg?resize=1024%2C548&amp;ssl=1 1024w, https:\/\/i0.wp.com\/blogdoeloiltoncajuhy.com.br\/site\/wp-content\/uploads\/2019\/12\/Uneb_CursoExtens%C3%A3o-02.jpeg?resize=768%2C411&amp;ssl=1 768w, https:\/\/i0.wp.com\/blogdoeloiltoncajuhy.com.br\/site\/wp-content\/uploads\/2019\/12\/Uneb_CursoExtens%C3%A3o-02.jpeg?resize=250%2C134&amp;ssl=1 250w\" sizes=\"(max-width: 800px) 100vw, 800px\" \/><\/figure><\/div>\n","protected":false},"excerpt":{"rendered":"<p>Lorena SimasCoordenadora do N\u00facleo de Assessoria de Comunica\u00e7\u00e3o (NAC- DEDC\/ UNEB) O curso de extens\u00e3o &#8220;Pr\u00e1ticas Inclusivas no Ensino de Ci\u00eancias&#8221; do Departamento de Educa\u00e7\u00e3o (DEDC), Campus VII da UNEB, encerrou nesta quinta-feira (19) com apresenta\u00e7\u00e3o de materiais did\u00e1ticos inclusivos desenvolvidos pelos participantes. O projeto \u00e9 fruto de parceria entre o Laborat\u00f3rio Interdisciplinar de Pesquisa, [&hellip;]<\/p>\n","protected":false},"author":2,"featured_media":39765,"comment_status":"open","ping_status":"open","sticky":false,"template":"","format":"standard","meta":{"_acf_changed":false,"_monsterinsights_skip_tracking":false,"_monsterinsights_sitenote_active":false,"_monsterinsights_sitenote_note":"","_monsterinsights_sitenote_category":0,"_jetpack_memberships_contains_paid_content":false,"footnotes":"","jetpack_publicize_message":"","jetpack_publicize_feature_enabled":true,"jetpack_social_post_already_shared":true,"jetpack_social_options":{"image_generator_settings":{"template":"highway","default_image_id":0,"font":"","enabled":false},"version":2}},"categories":[14,1,4],"tags":[],"class_list":["post-39763","post","type-post","status-publish","format-standard","has-post-thumbnail","hentry","category-educacao","category-noticias","category-local"],"acf":[],"jetpack_publicize_connections":[],"jetpack_featured_media_url":"https:\/\/i0.wp.com\/blogdoeloiltoncajuhy.com.br\/site\/wp-content\/uploads\/2019\/12\/Uneb_CursoExtens%C3%A3o-02.jpeg?fit=1098%2C588&ssl=1","jetpack_sharing_enabled":true,"publishpress_future_workflow_manual_trigger":{"enabledWorkflows":[]},"_links":{"self":[{"href":"https:\/\/blogdoeloiltoncajuhy.com.br\/site\/wp-json\/wp\/v2\/posts\/39763","targetHints":{"allow":["GET"]}}],"collection":[{"href":"https:\/\/blogdoeloiltoncajuhy.com.br\/site\/wp-json\/wp\/v2\/posts"}],"about":[{"href":"https:\/\/blogdoeloiltoncajuhy.com.br\/site\/wp-json\/wp\/v2\/types\/post"}],"author":[{"embeddable":true,"href":"https:\/\/blogdoeloiltoncajuhy.com.br\/site\/wp-json\/wp\/v2\/users\/2"}],"replies":[{"embeddable":true,"href":"https:\/\/blogdoeloiltoncajuhy.com.br\/site\/wp-json\/wp\/v2\/comments?post=39763"}],"version-history":[{"count":1,"href":"https:\/\/blogdoeloiltoncajuhy.com.br\/site\/wp-json\/wp\/v2\/posts\/39763\/revisions"}],"predecessor-version":[{"id":39766,"href":"https:\/\/blogdoeloiltoncajuhy.com.br\/site\/wp-json\/wp\/v2\/posts\/39763\/revisions\/39766"}],"wp:featuredmedia":[{"embeddable":true,"href":"https:\/\/blogdoeloiltoncajuhy.com.br\/site\/wp-json\/wp\/v2\/media\/39765"}],"wp:attachment":[{"href":"https:\/\/blogdoeloiltoncajuhy.com.br\/site\/wp-json\/wp\/v2\/media?parent=39763"}],"wp:term":[{"taxonomy":"category","embeddable":true,"href":"https:\/\/blogdoeloiltoncajuhy.com.br\/site\/wp-json\/wp\/v2\/categories?post=39763"},{"taxonomy":"post_tag","embeddable":true,"href":"https:\/\/blogdoeloiltoncajuhy.com.br\/site\/wp-json\/wp\/v2\/tags?post=39763"}],"curies":[{"name":"wp","href":"https:\/\/api.w.org\/{rel}","templated":true}]}}